{"id":69702,"date":"2026-08-30T09:00:00","date_gmt":"2026-08-30T07:00:00","guid":{"rendered":"https:\/\/visitmycolombia.com\/?p=69702"},"modified":"2026-03-15T16:35:05","modified_gmt":"2026-03-15T15:35:05","slug":"cano-cristalitos-mirador-trail-wanderung-zur-versteckten-kleinen-schwester-von-cano-cristales","status":"publish","type":"post","link":"https:\/\/visitmycolombia.com\/de\/cano-cristalitos-mirador-trail-wanderung-zur-versteckten-kleinen-schwester-von-cano-cristales\/","title":{"rendered":"Ca\u00f1o Cristalitos &#8211; Mirador Trail: Wanderung zur versteckten kleinen Schwester von Ca\u00f1o Cristales"},"content":{"rendered":"\n<div class=\"wp-block-group eplus-wrapper is-layout-constrained wp-block-group-is-layout-constrained\"><hr class=\"is-style-dots wp-block-separator has-text-color has-alpha-channel-opacity has-background eplus-wrapper eplus-styles-uid-a3cde3\" style=\"background-color:#da906b;color:#da906b\">\n\n<h2 class=\" wp-block-heading eplus-wrapper eplus-styles-uid-2511c5\"><strong>In K\u00fcrze<\/strong><\/h2>\n\n<hr class=\"is-style-dots wp-block-separator has-text-color has-alpha-channel-opacity has-background eplus-wrapper eplus-styles-uid-9a0b83\" style=\"background-color:#da906b;color:#da906b\"><\/div>\n\n\n<div  id=\"jtg-69671\" class=\"modula modula-gallery modula-columns\" data-config=\"{&quot;tabletHeight&quot;:800,&quot;mobileHeight&quot;:800,&quot;desktopHeight&quot;:800,&quot;enableTwitter&quot;:false,&quot;enableWhatsapp&quot;:false,&quot;enableFacebook&quot;:false,&quot;enablePinterest&quot;:false,&quot;enableLinkedin&quot;:false,&quot;enableEmail&quot;:false,&quot;randomFactor&quot;:0,&quot;type&quot;:&quot;grid&quot;,&quot;columns&quot;:12,&quot;gutter&quot;:10,&quot;mobileGutter&quot;:10,&quot;tabletGutter&quot;:10,&quot;desktopGutter&quot;:10,&quot;enableResponsive&quot;:&quot;0&quot;,&quot;tabletColumns&quot;:2,&quot;mobileColumns&quot;:1,&quot;lazyLoad&quot;:0,&quot;lightboxOpts&quot;:{&quot;animated&quot;:true,&quot;Thumbs&quot;:{&quot;type&quot;:&quot;modern&quot;,&quot;showOnStart&quot;:false},&quot;Toolbar&quot;:{&quot;display&quot;:{&quot;right&quot;:[&quot;close&quot;]},&quot;enabled&quot;:true},&quot;Carousel&quot;:{&quot;Panzoom&quot;:{&quot;touch&quot;:true},&quot;infinite&quot;:false},&quot;keyboard&quot;:{&quot;Escape&quot;:&quot;close&quot;,&quot;Delete&quot;:&quot;close&quot;,&quot;Backspace&quot;:&quot;close&quot;,&quot;PageUp&quot;:&quot;next&quot;,&quot;PageDown&quot;:&quot;prev&quot;,&quot;ArrowUp&quot;:&quot;prev&quot;,&quot;ArrowDown&quot;:&quot;next&quot;,&quot;ArrowRight&quot;:&quot;next&quot;,&quot;ArrowLeft&quot;:&quot;prev&quot;},&quot;wheel&quot;:&quot;slide&quot;,&quot;touch&quot;:true,&quot;backdropClick&quot;:&quot;close&quot;,&quot;l10n&quot;:{&quot;CLOSE&quot;:&quot;Schlie\\u00dfen&quot;,&quot;NEXT&quot;:&quot;Weiter&quot;,&quot;PREV&quot;:&quot;Zur\\u00fcck&quot;,&quot;Error&quot;:&quot;Der angeforderte Inhalt kann nicht geladen werden. Bitte versuche es sp\\u00e4ter noch einmal.&quot;,&quot;PLAY_START&quot;:&quot;Slideshow starten&quot;,&quot;PLAY_STOP&quot;:&quot;Slideshow anhalten&quot;,&quot;FULL_SCREEN&quot;:&quot;Vollbild&quot;,&quot;THUMBS&quot;:&quot;Vorschaubilder&quot;,&quot;DOWNLOAD&quot;:&quot;Download&quot;,&quot;SHARE&quot;:&quot;Teilen&quot;,&quot;ZOOM&quot;:&quot;Vergr\\u00f6\\u00dfern&quot;,&quot;EMAIL&quot;:&quot;Hier ist der Link zum Bild: %%image_link%% und hier ist der Link zur Galerie: %%gallery_link%%&quot;,&quot;MODAL&quot;:&quot;Du kannst diesen Modal-Inhalt mit der ESC-Taste schlie\\u00dfen&quot;,&quot;ERROR&quot;:&quot;Es ist ein Fehler aufgetreten. Bitte versuche es sp\\u00e4ter noch einmal&quot;,&quot;IMAGE_ERROR&quot;:&quot;Bild nicht gefunden&quot;,&quot;ELEMENT_NOT_FOUND&quot;:&quot;HTML-Element nicht gefunden&quot;,&quot;AJAX_NOT_FOUND&quot;:&quot;Fehler beim Laden von AJAX: Nicht gefunden&quot;,&quot;AJAX_FORBIDDEN&quot;:&quot;Fehler beim Laden von AJAX: Zugriff verweigert&quot;,&quot;IFRAME_ERROR&quot;:&quot;Fehler beim Laden der Seite&quot;,&quot;TOGGLE_ZOOM&quot;:&quot;Zoomstufe umschalten&quot;,&quot;TOGGLE_THUMBS&quot;:&quot;Miniaturansichten ein-\\\/ausblenden&quot;,&quot;TOGGLE_SLIDESHOW&quot;:&quot;Diashow ein-\\\/ausschalten&quot;,&quot;TOGGLE_FULLSCREEN&quot;:&quot;Vollbildmodus umschalten&quot;},&quot;Images&quot;:{&quot;Panzoom&quot;:{&quot;maxScale&quot;:2}},&quot;mainClass&quot;:&quot;modula-fancybox-container modula-lightbox-jtg-69671&quot;,&quot;Html&quot;:{&quot;videoAutoplay&quot;:0,&quot;videoTpl&quot;:&quot;&lt;video class=\\&quot;fancybox__html5video\\&quot; controls muted playsinline controlsList controlsList=\\&quot;nodownload\\&quot; poster=\\&quot;{{poster}}\\&quot; src=\\&quot;{{src}}\\&quot; type=\\&quot;{{format}}\\&quot; &gt;  Sorry, your browser doesn&#039;t support embedded videos, &lt;a href=\\&quot;{{src}}\\&quot;&gt; download &lt;\\\/a&gt; and watch with your favorite video player! &lt;\\\/video&gt;&quot;}},&quot;inView&quot;:false,&quot;email_subject&quot;:&quot;Check out this awesome image !!&quot;,&quot;email_message&quot;:&quot;Here is the link to the image : %%image_link%% and this is the link to the gallery : %%gallery_link%%&quot;,&quot;grid_type&quot;:&quot;automatic&quot;,&quot;rowHeight&quot;:250,&quot;lastRow&quot;:&quot;justify&quot;,&quot;lightbox&quot;:&quot;fancybox&quot;,&quot;lightbox_devices&quot;:&quot;both&quot;}\">\n\n\t\n\t<div  class=\"modula-items grid-gallery\">\n\t\t<div class=\"modula-item effect-pufrobo\" >\n\t<div class=\"modula-item-overlay\"><\/div>\n\n\t<div class=\"modula-item-content\">\n\n\t\t<a data-image-id=\"69513\" role=\"button\" data-elementor-open-lightbox=\"no\" tabindex=\"0\" rel=\"jtg-69671\" data-caption=\"\" aria-label=\"Bilder in Lightbox \u00f6ffnen\" class=\"tile-inner modula-item-link\"><\/a><img loading=\"lazy\" decoding=\"async\" class=\"pic wp-image-69513\"  data-valign=\"middle\" data-halign=\"center\" alt=\"Sentier Ca\u00f1o Cristalito - Mirador, Parc National Sierra de la Macarena (Meta), Colombie\" data-full=\"https:\/\/visitmycolombia.com\/wp-content\/uploads\/2026\/03\/cano-cristales-sentier-cano-cristalitos-mirador-la-macarena-colombie-2.jpg\" title=\"cano-cristales-sentier-cano-cristalitos-mirador-la-macarena-colombie-2\" crop=\"\" width=\"1680\" height=\"945\" src=\"https:\/\/visitmycolombia.com\/wp-content\/uploads\/2026\/03\/cano-cristales-sentier-cano-cristalitos-mirador-la-macarena-colombie-2.jpg\" data-src=\"https:\/\/visitmycolombia.com\/wp-content\/uploads\/2026\/03\/cano-cristales-sentier-cano-cristalitos-mirador-la-macarena-colombie-2.jpg\" data-caption=\"\" srcset=\"https:\/\/visitmycolombia.com\/wp-content\/uploads\/2026\/03\/cano-cristales-sentier-cano-cristalitos-mirador-la-macarena-colombie-2.jpg 1680w, https:\/\/visitmycolombia.com\/wp-content\/uploads\/2026\/03\/cano-cristales-sentier-cano-cristalitos-mirador-la-macarena-colombie-2-300x169.jpg 300w, https:\/\/visitmycolombia.com\/wp-content\/uploads\/2026\/03\/cano-cristales-sentier-cano-cristalitos-mirador-la-macarena-colombie-2-1024x576.jpg 1024w, https:\/\/visitmycolombia.com\/wp-content\/uploads\/2026\/03\/cano-cristales-sentier-cano-cristalitos-mirador-la-macarena-colombie-2-150x84.jpg 150w, https:\/\/visitmycolombia.com\/wp-content\/uploads\/2026\/03\/cano-cristales-sentier-cano-cristalitos-mirador-la-macarena-colombie-2-768x432.jpg 768w, https:\/\/visitmycolombia.com\/wp-content\/uploads\/2026\/03\/cano-cristales-sentier-cano-cristalitos-mirador-la-macarena-colombie-2-1536x864.jpg 1536w\" sizes=\"auto, (max-width: 1680px) 100vw, 1680px\" \/>\n\t\t<div class=\"figc no-description\">\n\t\t\t<div class=\"figc-inner\">\n\t\t\t\t\t\t\t\t\t\t\t\t\t\t\t<\/div>\n\t\t<\/div>\n\n\t<\/div>\n\n<\/div><div class=\"modula-item effect-pufrobo\" >\n\t<div class=\"modula-item-overlay\"><\/div>\n\n\t<div class=\"modula-item-content\">\n\n\t\t<a data-image-id=\"69507\" role=\"button\" data-elementor-open-lightbox=\"no\" tabindex=\"0\" rel=\"jtg-69671\" data-caption=\"\" aria-label=\"Bilder in Lightbox \u00f6ffnen\" class=\"tile-inner modula-item-link\"><\/a><img loading=\"lazy\" decoding=\"async\" class=\"pic wp-image-69507\"  data-valign=\"middle\" data-halign=\"center\" alt=\"Sentier Ca\u00f1o Cristalito - Mirador, Parc National Sierra de la Macarena (Meta), Colombie\" data-full=\"https:\/\/visitmycolombia.com\/wp-content\/uploads\/2026\/03\/cano-cristales-sentier-cano-cristalitos-mirador-la-macarena-colombie-1.jpg\" title=\"cano-cristales-sentier-cano-cristalitos-mirador-la-macarena-colombie-1\" crop=\"\" width=\"1680\" height=\"945\" src=\"https:\/\/visitmycolombia.com\/wp-content\/uploads\/2026\/03\/cano-cristales-sentier-cano-cristalitos-mirador-la-macarena-colombie-1.jpg\" data-src=\"https:\/\/visitmycolombia.com\/wp-content\/uploads\/2026\/03\/cano-cristales-sentier-cano-cristalitos-mirador-la-macarena-colombie-1.jpg\" data-caption=\"\" srcset=\"https:\/\/visitmycolombia.com\/wp-content\/uploads\/2026\/03\/cano-cristales-sentier-cano-cristalitos-mirador-la-macarena-colombie-1.jpg 1680w, https:\/\/visitmycolombia.com\/wp-content\/uploads\/2026\/03\/cano-cristales-sentier-cano-cristalitos-mirador-la-macarena-colombie-1-300x169.jpg 300w, https:\/\/visitmycolombia.com\/wp-content\/uploads\/2026\/03\/cano-cristales-sentier-cano-cristalitos-mirador-la-macarena-colombie-1-1024x576.jpg 1024w, https:\/\/visitmycolombia.com\/wp-content\/uploads\/2026\/03\/cano-cristales-sentier-cano-cristalitos-mirador-la-macarena-colombie-1-150x84.jpg 150w, https:\/\/visitmycolombia.com\/wp-content\/uploads\/2026\/03\/cano-cristales-sentier-cano-cristalitos-mirador-la-macarena-colombie-1-768x432.jpg 768w, https:\/\/visitmycolombia.com\/wp-content\/uploads\/2026\/03\/cano-cristales-sentier-cano-cristalitos-mirador-la-macarena-colombie-1-1536x864.jpg 1536w\" sizes=\"auto, (max-width: 1680px) 100vw, 1680px\" \/>\n\t\t<div class=\"figc no-description\">\n\t\t\t<div class=\"figc-inner\">\n\t\t\t\t\t\t\t\t\t\t\t\t\t\t\t<\/div>\n\t\t<\/div>\n\n\t<\/div>\n\n<\/div><div class=\"modula-item effect-pufrobo\" >\n\t<div class=\"modula-item-overlay\"><\/div>\n\n\t<div class=\"modula-item-content\">\n\n\t\t<a data-image-id=\"69531\" role=\"button\" data-elementor-open-lightbox=\"no\" tabindex=\"0\" rel=\"jtg-69671\" data-caption=\"\" aria-label=\"Bilder in Lightbox \u00f6ffnen\" class=\"tile-inner modula-item-link\"><\/a><img loading=\"lazy\" decoding=\"async\" class=\"pic wp-image-69531\"  data-valign=\"middle\" data-halign=\"center\" alt=\"Sentier Ca\u00f1o Cristalito - Mirador, Parc National Sierra de la Macarena (Meta), Colombie\" data-full=\"https:\/\/visitmycolombia.com\/wp-content\/uploads\/2026\/03\/cano-cristales-sentier-cano-cristalitos-mirador-la-macarena-colombie-5.jpg\" title=\"cano-cristales-sentier-cano-cristalitos-mirador-la-macarena-colombie-5\" crop=\"\" width=\"1149\" height=\"1531\" src=\"https:\/\/visitmycolombia.com\/wp-content\/uploads\/2026\/03\/cano-cristales-sentier-cano-cristalitos-mirador-la-macarena-colombie-5.jpg\" data-src=\"https:\/\/visitmycolombia.com\/wp-content\/uploads\/2026\/03\/cano-cristales-sentier-cano-cristalitos-mirador-la-macarena-colombie-5.jpg\" data-caption=\"\" srcset=\"https:\/\/visitmycolombia.com\/wp-content\/uploads\/2026\/03\/cano-cristales-sentier-cano-cristalitos-mirador-la-macarena-colombie-5.jpg 1149w, https:\/\/visitmycolombia.com\/wp-content\/uploads\/2026\/03\/cano-cristales-sentier-cano-cristalitos-mirador-la-macarena-colombie-5-225x300.jpg 225w, https:\/\/visitmycolombia.com\/wp-content\/uploads\/2026\/03\/cano-cristales-sentier-cano-cristalitos-mirador-la-macarena-colombie-5-769x1024.jpg 769w, https:\/\/visitmycolombia.com\/wp-content\/uploads\/2026\/03\/cano-cristales-sentier-cano-cristalitos-mirador-la-macarena-colombie-5-113x150.jpg 113w, https:\/\/visitmycolombia.com\/wp-content\/uploads\/2026\/03\/cano-cristales-sentier-cano-cristalitos-mirador-la-macarena-colombie-5-768x1023.jpg 768w\" sizes=\"auto, (max-width: 1149px) 100vw, 1149px\" \/>\n\t\t<div class=\"figc no-description\">\n\t\t\t<div class=\"figc-inner\">\n\t\t\t\t\t\t\t\t\t\t\t\t\t\t\t<\/div>\n\t\t<\/div>\n\n\t<\/div>\n\n<\/div><div class=\"modula-item effect-pufrobo\" >\n\t<div class=\"modula-item-overlay\"><\/div>\n\n\t<div class=\"modula-item-content\">\n\n\t\t<a data-image-id=\"69525\" role=\"button\" data-elementor-open-lightbox=\"no\" tabindex=\"0\" rel=\"jtg-69671\" data-caption=\"\" aria-label=\"Bilder in Lightbox \u00f6ffnen\" class=\"tile-inner modula-item-link\"><\/a><img loading=\"lazy\" decoding=\"async\" class=\"pic wp-image-69525\"  data-valign=\"middle\" data-halign=\"center\" alt=\"Macarenia Clavigera, Parc National Sierra de la Macarena, Colombie\" data-full=\"https:\/\/visitmycolombia.com\/wp-content\/uploads\/2026\/03\/cano-cristales-sentier-cano-cristalitos-mirador-la-macarena-colombie-4.jpg\" title=\"cano-cristales-sentier-cano-cristalitos-mirador-la-macarena-colombie-4\" crop=\"\" width=\"1149\" height=\"1531\" src=\"https:\/\/visitmycolombia.com\/wp-content\/uploads\/2026\/03\/cano-cristales-sentier-cano-cristalitos-mirador-la-macarena-colombie-4.jpg\" data-src=\"https:\/\/visitmycolombia.com\/wp-content\/uploads\/2026\/03\/cano-cristales-sentier-cano-cristalitos-mirador-la-macarena-colombie-4.jpg\" data-caption=\"\" srcset=\"https:\/\/visitmycolombia.com\/wp-content\/uploads\/2026\/03\/cano-cristales-sentier-cano-cristalitos-mirador-la-macarena-colombie-4.jpg 1149w, https:\/\/visitmycolombia.com\/wp-content\/uploads\/2026\/03\/cano-cristales-sentier-cano-cristalitos-mirador-la-macarena-colombie-4-225x300.jpg 225w, https:\/\/visitmycolombia.com\/wp-content\/uploads\/2026\/03\/cano-cristales-sentier-cano-cristalitos-mirador-la-macarena-colombie-4-769x1024.jpg 769w, https:\/\/visitmycolombia.com\/wp-content\/uploads\/2026\/03\/cano-cristales-sentier-cano-cristalitos-mirador-la-macarena-colombie-4-113x150.jpg 113w, https:\/\/visitmycolombia.com\/wp-content\/uploads\/2026\/03\/cano-cristales-sentier-cano-cristalitos-mirador-la-macarena-colombie-4-768x1023.jpg 768w\" sizes=\"auto, (max-width: 1149px) 100vw, 1149px\" \/>\n\t\t<div class=\"figc no-description\">\n\t\t\t<div class=\"figc-inner\">\n\t\t\t\t\t\t\t\t\t\t\t\t\t\t\t<\/div>\n\t\t<\/div>\n\n\t<\/div>\n\n<\/div><div class=\"modula-item effect-pufrobo\" >\n\t<div class=\"modula-item-overlay\"><\/div>\n\n\t<div class=\"modula-item-content\">\n\n\t\t<a data-image-id=\"69519\" role=\"button\" data-elementor-open-lightbox=\"no\" tabindex=\"0\" rel=\"jtg-69671\" data-caption=\"\" aria-label=\"Bilder in Lightbox \u00f6ffnen\" class=\"tile-inner modula-item-link\"><\/a><img loading=\"lazy\" decoding=\"async\" class=\"pic wp-image-69519\"  data-valign=\"middle\" data-halign=\"center\" alt=\"Sentier Ca\u00f1o Cristalito - Mirador, Parc National Sierra de la Macarena (Meta), Colombie\" data-full=\"https:\/\/visitmycolombia.com\/wp-content\/uploads\/2026\/03\/cano-cristales-sentier-cano-cristalitos-mirador-la-macarena-colombie-3.jpg\" title=\"cano-cristales-sentier-cano-cristalitos-mirador-la-macarena-colombie-3\" crop=\"\" width=\"1149\" height=\"1531\" src=\"https:\/\/visitmycolombia.com\/wp-content\/uploads\/2026\/03\/cano-cristales-sentier-cano-cristalitos-mirador-la-macarena-colombie-3.jpg\" data-src=\"https:\/\/visitmycolombia.com\/wp-content\/uploads\/2026\/03\/cano-cristales-sentier-cano-cristalitos-mirador-la-macarena-colombie-3.jpg\" data-caption=\"\" srcset=\"https:\/\/visitmycolombia.com\/wp-content\/uploads\/2026\/03\/cano-cristales-sentier-cano-cristalitos-mirador-la-macarena-colombie-3.jpg 1149w, https:\/\/visitmycolombia.com\/wp-content\/uploads\/2026\/03\/cano-cristales-sentier-cano-cristalitos-mirador-la-macarena-colombie-3-225x300.jpg 225w, https:\/\/visitmycolombia.com\/wp-content\/uploads\/2026\/03\/cano-cristales-sentier-cano-cristalitos-mirador-la-macarena-colombie-3-769x1024.jpg 769w, https:\/\/visitmycolombia.com\/wp-content\/uploads\/2026\/03\/cano-cristales-sentier-cano-cristalitos-mirador-la-macarena-colombie-3-113x150.jpg 113w, https:\/\/visitmycolombia.com\/wp-content\/uploads\/2026\/03\/cano-cristales-sentier-cano-cristalitos-mirador-la-macarena-colombie-3-768x1023.jpg 768w\" sizes=\"auto, (max-width: 1149px) 100vw, 1149px\" \/>\n\t\t<div class=\"figc no-description\">\n\t\t\t<div class=\"figc-inner\">\n\t\t\t\t\t\t\t\t\t\t\t\t\t\t\t<\/div>\n\t\t<\/div>\n\n\t<\/div>\n\n<\/div>\t\t\n\t<\/div>\n\n\t\n\t\n\t<script type=\"application\/ld+json\">\n\t{\n\t\t\"@context\": \"https:\/\/schema.org\",\n\t\t\"@type\"   : \"ImageGallery\",\n\t\t\"id\"      : \"https:\/\/visitmycolombia.com\/de\/cano-cristalitos-mirador-trail-wanderung-zur-versteckten-kleinen-schwester-von-cano-cristales\/#modula-gallery-69671\",\n\t\t\"url\"     : \"https:\/\/visitmycolombia.com\/de\/cano-cristalitos-mirador-trail-wanderung-zur-versteckten-kleinen-schwester-von-cano-cristales\/\"\n\t}\n\n\t<\/script>\n\n\t\n<\/div>\n\n\n\n<div style=\"height:3em\" aria-hidden=\"true\" class=\" wp-block-spacer eplus-wrapper\"><\/div>\n\n\n\n<p class=\"eplus-wrapper wp-block-paragraph\">Im Herzen <strong>Kolumbiens<\/strong>, im Departement <strong>Meta<\/strong>, beherbergt die <strong>Sierra de la Macarena<\/strong> einige der spektakul\u00e4rsten Naturlandschaften S\u00fcdamerikas. Hier flie\u00dft der ber\u00fchmte <strong>Ca\u00f1o Cristales<\/strong>, der oft als <strong>&#8222;der sch\u00f6nste Fluss der Welt&#8220;<\/strong> bezeichnet wird. Jedes Jahr erstrahlen seine Gew\u00e4sser in <strong>erstaunlichen Farben &#8211; <strong>rot, gr\u00fcn, gelb, blau und schwarz<\/strong> &#8211;<\/strong> dank einer <strong>einzigartigen Wasserpflanze<\/strong>, der <em>Macarenia Clavigera<\/em>, die den Fluss in einen wahren <strong>nat\u00fcrlichen Regenbogen<\/strong> verwandelt.<\/p>\n\n\n\n<p class=\"eplus-wrapper wp-block-paragraph\">Doch neben dieser ikonischen Sehensw\u00fcrdigkeit verbirgt die Region noch andere, <strong>diskretere Sch\u00e4tze<\/strong>, die manchmal <strong>weniger besucht werden<\/strong>&#8211; und ebenso faszinierend sind. Unter anderem bietet der <strong>Wanderweg Ca\u00f1o Cristalitos &#8211; Mirador<\/strong> eine <strong>immersive Wanderung<\/strong> durch die <strong>wilde Landschaft von La Macarena<\/strong>. Der Weg f\u00fchrt durch <strong>dichte tropische Vegetation<\/strong>, vorbei an alten <strong>Felsformationen<\/strong> und bis zu einem <strong>nat\u00fcrlichen Aussichtspunkt<\/strong> mit <strong>spektakul\u00e4rem Blick auf den Rio Guayabero<\/strong> und die <strong>weiten Ebenen der \u00f6stlichen Llanos<\/strong>.<\/p>\n\n\n\n<p class=\"eplus-wrapper wp-block-paragraph\">Am Ende des Pfades wartet die Belohnung auf dich: <strong>Ca\u00f1o Cristalitos<\/strong>, ein <strong>kleiner, klarer Wasserlauf<\/strong>, der oft als die <strong>kleine Schwester von Ca\u00f1o Cristales<\/strong> bezeichnet wird. Hier bieten <strong>geformte Felsen<\/strong>, <strong>nat\u00fcrliche Pools<\/strong> und die von der Wasservegetation geschaffenen <strong>Farbtupfer<\/strong> einen <strong>Blick auf den ber\u00fchmten Regenbogenfluss<\/strong> in einer <strong>intimeren und wilderen Atmosph\u00e4re<\/strong>.<\/p>\n\n\n\n<p class=\"eplus-wrapper wp-block-paragraph\">In diesem Artikel nehmen wir dich mit auf <strong>diese Wanderung, die ideal ist, um dir Appetit zu machen, bevor du den Ca\u00f1o Cristales Trail erkundest<\/strong>.<\/p>\n\n\n<div class=\"wp-block-columns eplus-wrapper is-layout-flex wp-container-core-columns-is-layout-7387b849 wp-block-columns-is-layout-flex eplus-styles-uid-1aaff0\"><div class=\"wp-block-column eplus-wrapper is-layout-flow wp-block-column-is-layout-flow eplus-styles-uid-5e7490\" style=\"flex-basis:33.33%\">\n<p class=\"eplus-wrapper wp-block-paragraph\"><strong>Wanderweg Ca\u00f1o Cristalitos &#8211; Mirador<\/strong><\/p>\n\n\n<ul class=\" wp-block-list eplus-wrapper eplus-styles-uid-bb4035\">\n<li class=\" eplus-wrapper\">Bundesland: Meta (Llanos)<\/li>\n\n\n\n<li class=\" eplus-wrapper\">Nat\u00fcrliches Schutzgebiet: Nationalpark Sierra de la Macarena<\/li>\n\n\n\n<li class=\" eplus-wrapper\">Entfernung : 5km<\/li>\n\n\n\n<li class=\" eplus-wrapper\">H\u00f6henunterschied +: 120m<\/li>\n\n\n\n<li class=\" eplus-wrapper\">Schwierigkeitsgrad: m\u00e4\u00dfig<\/li>\n\n\n\n<li class=\" eplus-wrapper\">Dauer: 4 Stunden<\/li>\n\n\n\n<li class=\" eplus-wrapper\">Zugang: von La Macarena aus<\/li>\n<\/ul><\/div>\n\n<div class=\"wp-block-column eplus-wrapper is-layout-flow wp-block-column-is-layout-flow eplus-styles-uid-5e7490\" style=\"flex-basis:66.66%\">\n<p class=\"eplus-wrapper wp-block-paragraph\"><strong>Unsere Meinung: Die Wanderung, die man bei einem Aufenthalt in La Macarena als erstes machen sollte \u2605\u2605.<\/strong><\/p>\n\n\n\n<p class=\"eplus-wrapper wp-block-paragraph\">Unserer Meinung nach ist dieser Wanderweg perfekt, um einen Aufenthalt in der Region zu beginnen. Erstens, weil es eine der k\u00fcrzesten Wanderungen ist, die du leicht am Tag deiner Ankunft in La Macarena machen kannst &#8211; ideal, um den Vormittag zu genie\u00dfen, ohne Zeit zu verlieren. Danach bietet er einen Vorgeschmack auf die Wunder des Nationalparks Sierra de la Macarena und erm\u00f6glicht eine allm\u00e4hliche Steigerung der Intensit\u00e4t vor den unumg\u00e4nglichen Wanderungen wie dem Los Pianos Trail, die man anschlie\u00dfend f\u00fcr den H\u00f6hepunkt machen sollte. Diese Wanderung verbindet die sch\u00f6nste Aussicht der Sierra de la Macarena mit einem Fluss in erstaunlichen Farben &#8211; und das alles auf einer einzigen Wanderung! Ein echter Bonus, vor allem in einer Region, in der es kaum Aussichtst\u00fcrme gibt. Aber Vorsicht, das Wetter kann einem Streiche spielen: Wir hatten Regen, der die Aussicht vom Aussichtspunkt komplett versperrte. Aber auch das geh\u00f6rt zu den Unw\u00e4gbarkeiten einer Wanderung in der Wildnis!<\/p>\n<\/div><\/div>\n\n\n<div style=\"height:1em\" aria-hidden=\"true\" class=\" wp-block-spacer eplus-wrapper\"><\/div>\n\n\n<div class=\"wp-block-columns eplus-wrapper is-layout-flex wp-container-core-columns-is-layout-7387b849 wp-block-columns-is-layout-flex eplus-styles-uid-7aeff0\"><div class=\"wp-block-column eplus-wrapper is-layout-flow wp-block-column-is-layout-flow eplus-styles-uid-5e7490\">\n<p class=\"eplus-wrapper wp-block-paragraph\"><strong>Touristenaufkommen auf dem Ca\u00f1o Cristalitos &#8211; Mirador Trail: <\/strong>Die Region La Macarena zieht jedes Jahr Reisende aus der ganzen Welt an, haupts\u00e4chlich um den Ca\u00f1o Cristales zu bewundern, der als einer der spektakul\u00e4rsten Fl\u00fcsse der Erde gilt. In den letzten Saisons wurde das Hauptgel\u00e4nde des Parks von Tausenden von Besuchern aufgesucht, was das wachsende Interesse am Naturtourismus in diesem Gebiet der Sierra de la Macarena belegt. W\u00e4hrend die meisten Besucher wegen Ca\u00f1o Cristales selbst kommen, profitieren Nebenwege wie der Mirador &#8211; Ca\u00f1o Cristalitos von diesem Zustrom, sind aber deutlich weniger frequentiert als der ber\u00fchmte Los Pianos Trail und bieten so ein ruhigeres und immersives Erlebnis.<\/p>\n\n\n\n<p class=\"eplus-wrapper wp-block-paragraph\"><strong>Klima der Region (Meta): <\/strong>Es herrscht ein typisch tropisches Klima mit ganzj\u00e4hrig angenehmen Temperaturen, die normalerweise zwischen 22 und 32 \u00b0C schwanken. In der Region gibt es zwei Hauptsaisonen: die Regenzeit von April bis November und die Trockenzeit von Dezember bis M\u00e4rz. Fl\u00fcsse wie Ca\u00f1o Cristalito oder Ca\u00f1o Cristales zeigen ihre intensivsten Farben w\u00e4hrend der Regenzeit, wenn sich die Wasserpflanze Macarenia clavigera entwickelt. Selbst in der Regenzeit kommt es oft zu intensiven, aber kurzen und \u00f6rtlich begrenzten Regenschauern, sodass gro\u00dfe sonnige Abschnitte f\u00fcr Aktivit\u00e4ten im Freien zur Verf\u00fcgung stehen. F\u00fcr einen erfolgreichen Ausflug solltest du leichte, atmungsaktive Kleidung, ein gutes M\u00fcckenschutzmittel und einen wasserdichten K-way oder Poncho f\u00fcr pl\u00f6tzliche Regenf\u00e4lle einpacken.<\/p>\n<\/div><\/div>\n\n\n<div style=\"height:3em\" aria-hidden=\"true\" class=\" wp-block-spacer eplus-wrapper\"><\/div>\n\n\n<div class=\"wp-block-columns eplus-wrapper is-layout-flex wp-container-core-columns-is-layout-7387b849 wp-block-columns-is-layout-flex eplus-styles-uid-4e1ba6\">\n<div class=\"wp-block-column eplus-wrapper is-layout-flow wp-block-column-is-layout-flow\"><iframe loading=\"lazy\" src=\"https:\/\/www.google.com\/maps\/d\/u\/2\/embed?mid=1MuL8A_oQx4coi4x8FatkGV4NzvMxR_I&amp;ehbc=2E312F&amp;noprof=1\" width=\"640\" height=\"480\" class=\" eplus-styles-uid-dfcfe5\"><\/iframe><\/div>\n<\/div>\n\n<hr class=\"is-style-dots wp-block-separator has-text-color has-alpha-channel-opacity has-background eplus-wrapper eplus-styles-uid-a3cde3\" style=\"background-color:#da906b;color:#da906b\">\n\n<h2 class=\" wp-block-heading eplus-wrapper eplus-styles-uid-2511c5\"><strong><strong>Unsere Erfahrung<\/strong><\/strong><\/h2>\n\n<hr class=\"is-style-dots wp-block-separator has-text-color has-alpha-channel-opacity has-background eplus-wrapper eplus-styles-uid-9a0b83\" style=\"background-color:#da906b;color:#da906b\">\n\n\n<p class=\"eplus-wrapper wp-block-paragraph\">Es ist ein <strong>Sonntag Mitte September<\/strong>. Nach einigen Tagen in <strong>Bogot\u00e1<\/strong> warten wir auf den ber\u00fchmten Tag, an dem wir unseren Flug von Satena nach <strong>La Macarena<\/strong> nehmen. Erster wichtiger Schritt: Gib unserem Taxi oder Uber <strong>an<\/strong>, dass er uns <strong>am Terminal f\u00fcr Inlandsfl\u00fcge<\/strong> &#8211; Satena oder ClicAir, je nach deinem Ticket &#8211; absetzen soll, um Verwechslungen zu vermeiden. Dieses Terminal ist klein, im Vergleich zum Hauptterminal fast leer, aber jedes Detail z\u00e4hlt. Die Fl\u00fcge starten in der Regel morgens, in der Hochsaison von Juni bis November jeden zweiten Tag.<\/p>\n\n\n\n<p class=\"eplus-wrapper wp-block-paragraph\">Nach den Formalit\u00e4ten sitzen wir nun in unserer Propellermaschine.  <strong>Vrrr!<\/strong>  Die Motoren werden hochgefahren und es geht los. In etwa einer Stunde <strong>weichen<\/strong> die <strong>Berge der Anden den weiten Llanos<\/strong>, die von Fl\u00fcssen und W\u00e4ldern durchzogen sind und nur wenige menschliche Spuren aufweisen. Das Flugzeug beginnt seinen Sinkflug und schlie\u00dflich ber\u00fchren wir die Landebahn des <strong>kleinen Flughafens von La Macarena<\/strong>, der etwas versp\u00e4tet ist.<\/p>\n\n\n\n<p class=\"eplus-wrapper wp-block-paragraph\">Gleich nach der Ausfahrt schl\u00e4gt uns die Hitze entgegen &#8211; ein starker Kontrast zum k\u00fchlen Klima in Bogot\u00e1. Nachdem wir unsere Taschen abgeholt haben, treffen wir <strong>Javier<\/strong>, unseren Reiseleiter f\u00fcr den gesamten Aufenthalt. Aber wir haben keine Zeit zu verlieren: Es geht zum <strong>B\u00fcro in Cormacarena<\/strong>, das nur drei Minuten mit dem Tuktuk entfernt ist, f\u00fcr die obligatorische Sitzung mit den Vertretern der Nationalparks. Sie stellen uns die Orte vor, sensibilisieren f\u00fcr die Sch\u00f6nheit und Zerbrechlichkeit des \u00d6kosystems und erkl\u00e4ren die Regeln, die es einzuhalten gilt, wie z. B. das Verbot von Plastik, einschlie\u00dflich Wasserflaschen. Je nach gew\u00e4hltem Wanderweg erhalten wir <strong>farbige Armb\u00e4nder<\/strong>, die wir f\u00fcr den gesamten Aufenthalt tragen.<\/p>\n\n\n\n<p class=\"eplus-wrapper wp-block-paragraph\">Danach erreichen wir unser <strong>Hotel<\/strong>, checken schnell ein und machen uns wieder auf den Weg zum <strong>Mittagessen<\/strong> in der N\u00e4he des Hauptparks: ein <strong>Fiambre<\/strong>, eine Mischung aus Reis, Fleisch, Kartoffeln, Kochbananen und Gem\u00fcse, dazu eine gekochte Kochbanane in ihrem Blatt. Wir bilden eine Gruppe von vier Reisenden, die bereit sind, ihr Abenteuer zu beginnen.<\/p>\n\n\n\n<p class=\"eplus-wrapper wp-block-paragraph\">Gehen Sie zum <strong>muelle fluvial<\/strong>, um an Bord zu gehen und fahren Sie etwa zwanzig Minuten auf dem <strong>Rio Guayabero<\/strong> bis zum Nationalpark Sierra de la Macarena. Schon die Fahrt ist magisch: In der Ferne sehen wir V\u00f6gel und Affen. Mitten im Nirgendwo landen wir bei strahlendem Sonnenschein an einem Steg und beginnen unsere Wanderung. Schon bald erreichen wir eine <strong>Finca, die sich an der Erhaltung von Schildkr\u00f6ten beteiligt<\/strong>: In einem Becken leben Hunderte von kleinen Schildkr\u00f6ten, die bereit sind, als ausgewachsene Tiere freigelassen zu werden.<\/p>\n\n\n\n<p class=\"eplus-wrapper wp-block-paragraph\">Aber jetzt <strong>beginnt<\/strong> die <strong>eigentliche Wanderung<\/strong>. Wir verlassen das Anwesen und wandern zwischen Palmen und verschiedenen B\u00e4umen, wobei wir den gr\u00f6\u00dften Anstieg des Aufenthalts beginnen &#8211; etwa 150 bis 200 m positiver H\u00f6henunterschied. Javier legt immer wieder Stopps ein, um uns etwas \u00fcber den Park, die Pflanzen oder die Gegend zu erz\u00e4hlen. Mit der Zeit lichtet sich die Vegetation, die B\u00e4ume weichen den Str\u00e4uchern und wir sind <strong>der Sonne ausgeliefert<\/strong>, ohne Schatten.<\/p>\n\n\n\n<p class=\"eplus-wrapper wp-block-paragraph\">Bald erreichen wir <strong>Ca\u00f1o Cristalitos<\/strong>, endlich! Wir bewundern die <strong>Macarenia Clavigera<\/strong>, eine Wasserpflanze, die das Flussbett f\u00e4rbt. Nach so vielen Jahren, in denen wir von diesem Moment getr\u00e4umt haben, sind wir fasziniert: Die Natur hat diese Wunder nur hier geschaffen, und Ca\u00f1o Cristalitos, die Miniaturversion von Ca\u00f1o Cristales, ist perfekt f\u00fcr einen Vorgeschmack auf den gro\u00dfen Fluss. Nicht weit entfernt l\u00e4dt ein <strong>nat\u00fcrlicher Pool<\/strong> zur Erfrischung ein, was einige von uns auch tun.<\/p>\n\n\n\n<p class=\"eplus-wrapper wp-block-paragraph\">Doch das Wetter \u00e4ndert sich schnell und es ziehen Wolken auf. Nach etwa 30 Minuten Pause machen wir uns wieder auf den Weg <strong>zum Aussicht<\/strong>spunkt, der zum Sonnenuntergang einen spektakul\u00e4ren Blick auf den Rio Guayabero und die umliegenden Ebenen bieten soll. Ein paar Tropfen beginnen zu fallen, dann \u00fcberrascht uns ein <strong>richtiger Regenschauer<\/strong>. Ponchos angezogen, Taschen durchn\u00e4sst, gehen wir tapfer weiter. Am Aussichtspunkt angekommen &#8230; <strong>die Aussicht ist durch den Regen versperrt<\/strong>. Entt\u00e4uschung! Wir halten uns nicht lange auf und beginnen den Abstieg, wachsam gegen\u00fcber den rutschigen Steinen und Felsen und der schnell einbrechenden Dunkelheit, denn in der Gegend wimmelt es nachts von gef\u00e4hrlichen Schlangen.<\/p>\n\n\n\n<p class=\"eplus-wrapper wp-block-paragraph\">Da die Dunkelheit hilft, beenden wir die Wanderung <strong>im Licht unserer Handys<\/strong> bis zum Boot, wo der Regen endlich nachl\u00e4sst. Zur\u00fcck in La Macarena erreichen wir unser Hotel gegen 18.30-19.00 Uhr. Nach einem <strong>ersten lokalen Abendessen<\/strong>, das uns \u00fcber den ersten einschneidenden Tag hinwegtr\u00f6stet.<\/p>\n\n\n<div  id=\"jtg-69827\" class=\"modula modula-gallery modula-columns\" data-config=\"{&quot;tabletHeight&quot;:800,&quot;mobileHeight&quot;:800,&quot;desktopHeight&quot;:800,&quot;enableTwitter&quot;:false,&quot;enableWhatsapp&quot;:false,&quot;enableFacebook&quot;:false,&quot;enablePinterest&quot;:false,&quot;enableLinkedin&quot;:false,&quot;enableEmail&quot;:false,&quot;randomFactor&quot;:0,&quot;type&quot;:&quot;grid&quot;,&quot;columns&quot;:12,&quot;gutter&quot;:10,&quot;mobileGutter&quot;:10,&quot;tabletGutter&quot;:10,&quot;desktopGutter&quot;:10,&quot;enableResponsive&quot;:&quot;0&quot;,&quot;tabletColumns&quot;:2,&quot;mobileColumns&quot;:1,&quot;lazyLoad&quot;:0,&quot;lightboxOpts&quot;:{&quot;animated&quot;:true,&quot;Thumbs&quot;:{&quot;type&quot;:&quot;modern&quot;,&quot;showOnStart&quot;:false},&quot;Toolbar&quot;:{&quot;display&quot;:{&quot;right&quot;:[&quot;close&quot;]},&quot;enabled&quot;:true},&quot;Carousel&quot;:{&quot;Panzoom&quot;:{&quot;touch&quot;:true},&quot;infinite&quot;:false},&quot;keyboard&quot;:{&quot;Escape&quot;:&quot;close&quot;,&quot;Delete&quot;:&quot;close&quot;,&quot;Backspace&quot;:&quot;close&quot;,&quot;PageUp&quot;:&quot;next&quot;,&quot;PageDown&quot;:&quot;prev&quot;,&quot;ArrowUp&quot;:&quot;prev&quot;,&quot;ArrowDown&quot;:&quot;next&quot;,&quot;ArrowRight&quot;:&quot;next&quot;,&quot;ArrowLeft&quot;:&quot;prev&quot;},&quot;wheel&quot;:&quot;slide&quot;,&quot;touch&quot;:true,&quot;backdropClick&quot;:&quot;close&quot;,&quot;l10n&quot;:{&quot;CLOSE&quot;:&quot;Schlie\\u00dfen&quot;,&quot;NEXT&quot;:&quot;Weiter&quot;,&quot;PREV&quot;:&quot;Zur\\u00fcck&quot;,&quot;Error&quot;:&quot;Der angeforderte Inhalt kann nicht geladen werden. Bitte versuche es sp\\u00e4ter noch einmal.&quot;,&quot;PLAY_START&quot;:&quot;Slideshow starten&quot;,&quot;PLAY_STOP&quot;:&quot;Slideshow anhalten&quot;,&quot;FULL_SCREEN&quot;:&quot;Vollbild&quot;,&quot;THUMBS&quot;:&quot;Vorschaubilder&quot;,&quot;DOWNLOAD&quot;:&quot;Download&quot;,&quot;SHARE&quot;:&quot;Teilen&quot;,&quot;ZOOM&quot;:&quot;Vergr\\u00f6\\u00dfern&quot;,&quot;EMAIL&quot;:&quot;Hier ist der Link zum Bild: %%image_link%% und hier ist der Link zur Galerie: %%gallery_link%%&quot;,&quot;MODAL&quot;:&quot;Du kannst diesen Modal-Inhalt mit der ESC-Taste schlie\\u00dfen&quot;,&quot;ERROR&quot;:&quot;Es ist ein Fehler aufgetreten. Bitte versuche es sp\\u00e4ter noch einmal&quot;,&quot;IMAGE_ERROR&quot;:&quot;Bild nicht gefunden&quot;,&quot;ELEMENT_NOT_FOUND&quot;:&quot;HTML-Element nicht gefunden&quot;,&quot;AJAX_NOT_FOUND&quot;:&quot;Fehler beim Laden von AJAX: Nicht gefunden&quot;,&quot;AJAX_FORBIDDEN&quot;:&quot;Fehler beim Laden von AJAX: Zugriff verweigert&quot;,&quot;IFRAME_ERROR&quot;:&quot;Fehler beim Laden der Seite&quot;,&quot;TOGGLE_ZOOM&quot;:&quot;Zoomstufe umschalten&quot;,&quot;TOGGLE_THUMBS&quot;:&quot;Miniaturansichten ein-\\\/ausblenden&quot;,&quot;TOGGLE_SLIDESHOW&quot;:&quot;Diashow ein-\\\/ausschalten&quot;,&quot;TOGGLE_FULLSCREEN&quot;:&quot;Vollbildmodus umschalten&quot;},&quot;Images&quot;:{&quot;Panzoom&quot;:{&quot;maxScale&quot;:2}},&quot;mainClass&quot;:&quot;modula-fancybox-container modula-lightbox-jtg-69827&quot;,&quot;Html&quot;:{&quot;videoAutoplay&quot;:0,&quot;videoTpl&quot;:&quot;&lt;video class=\\&quot;fancybox__html5video\\&quot; controls muted playsinline controlsList controlsList=\\&quot;nodownload\\&quot; poster=\\&quot;{{poster}}\\&quot; src=\\&quot;{{src}}\\&quot; type=\\&quot;{{format}}\\&quot; &gt;  Sorry, your browser doesn&#039;t support embedded videos, &lt;a href=\\&quot;{{src}}\\&quot;&gt; download &lt;\\\/a&gt; and watch with your favorite video player! &lt;\\\/video&gt;&quot;}},&quot;inView&quot;:false,&quot;email_subject&quot;:&quot;Check out this awesome image !!&quot;,&quot;email_message&quot;:&quot;Here is the link to the image : %%image_link%% and this is the link to the gallery : %%gallery_link%%&quot;,&quot;grid_type&quot;:&quot;automatic&quot;,&quot;rowHeight&quot;:250,&quot;lastRow&quot;:&quot;justify&quot;,&quot;lightbox&quot;:&quot;fancybox&quot;,&quot;lightbox_devices&quot;:&quot;both&quot;}\">\n\n\t\n\t<div  class=\"modula-items grid-gallery\">\n\t\t<div class=\"modula-item effect-pufrobo\" >\n\t<div class=\"modula-item-overlay\"><\/div>\n\n\t<div class=\"modula-item-content\">\n\n\t\t<a data-image-id=\"69725\" role=\"button\" data-elementor-open-lightbox=\"no\" tabindex=\"0\" rel=\"jtg-69827\" data-caption=\"\" aria-label=\"Bilder in Lightbox \u00f6ffnen\" class=\"tile-inner modula-item-link\"><\/a><img loading=\"lazy\" decoding=\"async\" class=\"pic wp-image-69725\"  data-valign=\"middle\" data-halign=\"center\" alt=\"Sentier Ca\u00f1o Cristalitos \u2013 Mirador, Parc National Sierra de la Macarena, Colombie\" data-full=\"https:\/\/visitmycolombia.com\/wp-content\/uploads\/2026\/03\/sentier-cano-cristalitos-mirador-la-macarena-colombie-1.jpg\" title=\"sentier-cano-cristalitos-mirador-la-macarena-colombie-1\" crop=\"\" width=\"1680\" height=\"945\" src=\"https:\/\/visitmycolombia.com\/wp-content\/uploads\/2026\/03\/sentier-cano-cristalitos-mirador-la-macarena-colombie-1.jpg\" data-src=\"https:\/\/visitmycolombia.com\/wp-content\/uploads\/2026\/03\/sentier-cano-cristalitos-mirador-la-macarena-colombie-1.jpg\" data-caption=\"\" srcset=\"https:\/\/visitmycolombia.com\/wp-content\/uploads\/2026\/03\/sentier-cano-cristalitos-mirador-la-macarena-colombie-1.jpg 1680w, https:\/\/visitmycolombia.com\/wp-content\/uploads\/2026\/03\/sentier-cano-cristalitos-mirador-la-macarena-colombie-1-300x169.jpg 300w, https:\/\/visitmycolombia.com\/wp-content\/uploads\/2026\/03\/sentier-cano-cristalitos-mirador-la-macarena-colombie-1-1024x576.jpg 1024w, https:\/\/visitmycolombia.com\/wp-content\/uploads\/2026\/03\/sentier-cano-cristalitos-mirador-la-macarena-colombie-1-150x84.jpg 150w, https:\/\/visitmycolombia.com\/wp-content\/uploads\/2026\/03\/sentier-cano-cristalitos-mirador-la-macarena-colombie-1-768x432.jpg 768w, https:\/\/visitmycolombia.com\/wp-content\/uploads\/2026\/03\/sentier-cano-cristalitos-mirador-la-macarena-colombie-1-1536x864.jpg 1536w\" sizes=\"auto, (max-width: 1680px) 100vw, 1680px\" \/>\n\t\t<div class=\"figc no-description\">\n\t\t\t<div class=\"figc-inner\">\n\t\t\t\t\t\t\t\t\t\t\t\t\t\t\t<\/div>\n\t\t<\/div>\n\n\t<\/div>\n\n<\/div><div class=\"modula-item effect-pufrobo\" >\n\t<div class=\"modula-item-overlay\"><\/div>\n\n\t<div class=\"modula-item-content\">\n\n\t\t<a data-image-id=\"69815\" role=\"button\" data-elementor-open-lightbox=\"no\" tabindex=\"0\" rel=\"jtg-69827\" data-caption=\"\" aria-label=\"Bilder in Lightbox \u00f6ffnen\" class=\"tile-inner modula-item-link\"><\/a><img loading=\"lazy\" decoding=\"async\" class=\"pic wp-image-69815\"  data-valign=\"middle\" data-halign=\"center\" alt=\"Sentier Ca\u00f1o Cristalitos \u2013 Mirador, Parc National Sierra de la Macarena, Colombie\" data-full=\"https:\/\/visitmycolombia.com\/wp-content\/uploads\/2026\/03\/sentier-cano-cristalitos-mirador-la-macarena-colombie-16.jpg\" title=\"sentier-cano-cristalitos-mirador-la-macarena-colombie-16\" crop=\"\" width=\"1149\" height=\"1531\" src=\"https:\/\/visitmycolombia.com\/wp-content\/uploads\/2026\/03\/sentier-cano-cristalitos-mirador-la-macarena-colombie-16.jpg\" data-src=\"https:\/\/visitmycolombia.com\/wp-content\/uploads\/2026\/03\/sentier-cano-cristalitos-mirador-la-macarena-colombie-16.jpg\" data-caption=\"\" srcset=\"https:\/\/visitmycolombia.com\/wp-content\/uploads\/2026\/03\/sentier-cano-cristalitos-mirador-la-macarena-colombie-16.jpg 1149w, https:\/\/visitmycolombia.com\/wp-content\/uploads\/2026\/03\/sentier-cano-cristalitos-mirador-la-macarena-colombie-16-225x300.jpg 225w, https:\/\/visitmycolombia.com\/wp-content\/uploads\/2026\/03\/sentier-cano-cristalitos-mirador-la-macarena-colombie-16-769x1024.jpg 769w, https:\/\/visitmycolombia.com\/wp-content\/uploads\/2026\/03\/sentier-cano-cristalitos-mirador-la-macarena-colombie-16-113x150.jpg 113w, https:\/\/visitmycolombia.com\/wp-content\/uploads\/2026\/03\/sentier-cano-cristalitos-mirador-la-macarena-colombie-16-768x1023.jpg 768w\" sizes=\"auto, (max-width: 1149px) 100vw, 1149px\" \/>\n\t\t<div class=\"figc no-description\">\n\t\t\t<div class=\"figc-inner\">\n\t\t\t\t\t\t\t\t\t\t\t\t\t\t\t<\/div>\n\t\t<\/div>\n\n\t<\/div>\n\n<\/div><div class=\"modula-item effect-pufrobo\" >\n\t<div class=\"modula-item-overlay\"><\/div>\n\n\t<div class=\"modula-item-content\">\n\n\t\t<a data-image-id=\"69803\" role=\"button\" data-elementor-open-lightbox=\"no\" tabindex=\"0\" rel=\"jtg-69827\" data-caption=\"\" aria-label=\"Bilder in Lightbox \u00f6ffnen\" class=\"tile-inner modula-item-link\"><\/a><img loading=\"lazy\" decoding=\"async\" class=\"pic wp-image-69803\"  data-valign=\"middle\" data-halign=\"center\" alt=\"Sentier Ca\u00f1o Cristalitos \u2013 Mirador, Parc National Sierra de la Macarena, Colombie\" data-full=\"https:\/\/visitmycolombia.com\/wp-content\/uploads\/2026\/03\/sentier-cano-cristalitos-mirador-la-macarena-colombie-14.jpg\" title=\"sentier-cano-cristalitos-mirador-la-macarena-colombie-14\" crop=\"\" width=\"1149\" height=\"1531\" src=\"https:\/\/visitmycolombia.com\/wp-content\/uploads\/2026\/03\/sentier-cano-cristalitos-mirador-la-macarena-colombie-14.jpg\" data-src=\"https:\/\/visitmycolombia.com\/wp-content\/uploads\/2026\/03\/sentier-cano-cristalitos-mirador-la-macarena-colombie-14.jpg\" data-caption=\"\" srcset=\"https:\/\/visitmycolombia.com\/wp-content\/uploads\/2026\/03\/sentier-cano-cristalitos-mirador-la-macarena-colombie-14.jpg 1149w, https:\/\/visitmycolombia.com\/wp-content\/uploads\/2026\/03\/sentier-cano-cristalitos-mirador-la-macarena-colombie-14-225x300.jpg 225w, https:\/\/visitmycolombia.com\/wp-content\/uploads\/2026\/03\/sentier-cano-cristalitos-mirador-la-macarena-colombie-14-769x1024.jpg 769w, https:\/\/visitmycolombia.com\/wp-content\/uploads\/2026\/03\/sentier-cano-cristalitos-mirador-la-macarena-colombie-14-113x150.jpg 113w, https:\/\/visitmycolombia.com\/wp-content\/uploads\/2026\/03\/sentier-cano-cristalitos-mirador-la-macarena-colombie-14-768x1023.jpg 768w\" sizes=\"auto, (max-width: 1149px) 100vw, 1149px\" \/>\n\t\t<div class=\"figc no-description\">\n\t\t\t<div class=\"figc-inner\">\n\t\t\t\t\t\t\t\t\t\t\t\t\t\t\t<\/div>\n\t\t<\/div>\n\n\t<\/div>\n\n<\/div><div class=\"modula-item effect-pufrobo\" >\n\t<div class=\"modula-item-overlay\"><\/div>\n\n\t<div class=\"modula-item-content\">\n\n\t\t<a data-image-id=\"69731\" role=\"button\" data-elementor-open-lightbox=\"no\" tabindex=\"0\" rel=\"jtg-69827\" data-caption=\"\" aria-label=\"Bilder in Lightbox \u00f6ffnen\" class=\"tile-inner modula-item-link\"><\/a><img loading=\"lazy\" decoding=\"async\" class=\"pic wp-image-69731\"  data-valign=\"middle\" data-halign=\"center\" alt=\"Sentier Ca\u00f1o Cristalitos \u2013 Mirador, Parc National Sierra de la Macarena, Colombie\" data-full=\"https:\/\/visitmycolombia.com\/wp-content\/uploads\/2026\/03\/sentier-cano-cristalitos-mirador-la-macarena-colombie-2.jpg\" title=\"sentier-cano-cristalitos-mirador-la-macarena-colombie-2\" crop=\"\" width=\"1680\" height=\"945\" src=\"https:\/\/visitmycolombia.com\/wp-content\/uploads\/2026\/03\/sentier-cano-cristalitos-mirador-la-macarena-colombie-2.jpg\" data-src=\"https:\/\/visitmycolombia.com\/wp-content\/uploads\/2026\/03\/sentier-cano-cristalitos-mirador-la-macarena-colombie-2.jpg\" data-caption=\"\" srcset=\"https:\/\/visitmycolombia.com\/wp-content\/uploads\/2026\/03\/sentier-cano-cristalitos-mirador-la-macarena-colombie-2.jpg 1680w, https:\/\/visitmycolombia.com\/wp-content\/uploads\/2026\/03\/sentier-cano-cristalitos-mirador-la-macarena-colombie-2-300x169.jpg 300w, https:\/\/visitmycolombia.com\/wp-content\/uploads\/2026\/03\/sentier-cano-cristalitos-mirador-la-macarena-colombie-2-1024x576.jpg 1024w, https:\/\/visitmycolombia.com\/wp-content\/uploads\/2026\/03\/sentier-cano-cristalitos-mirador-la-macarena-colombie-2-150x84.jpg 150w, https:\/\/visitmycolombia.com\/wp-content\/uploads\/2026\/03\/sentier-cano-cristalitos-mirador-la-macarena-colombie-2-768x432.jpg 768w, https:\/\/visitmycolombia.com\/wp-content\/uploads\/2026\/03\/sentier-cano-cristalitos-mirador-la-macarena-colombie-2-1536x864.jpg 1536w\" sizes=\"auto, (max-width: 1680px) 100vw, 1680px\" \/>\n\t\t<div class=\"figc no-description\">\n\t\t\t<div class=\"figc-inner\">\n\t\t\t\t\t\t\t\t\t\t\t\t\t\t\t<\/div>\n\t\t<\/div>\n\n\t<\/div>\n\n<\/div>\t\t\n\t<\/div>\n\n\t\n\t\n\t<script type=\"application\/ld+json\">\n\t{\n\t\t\"@context\": \"https:\/\/schema.org\",\n\t\t\"@type\"   : \"ImageGallery\",\n\t\t\"id\"      : \"https:\/\/visitmycolombia.com\/de\/cano-cristalitos-mirador-trail-wanderung-zur-versteckten-kleinen-schwester-von-cano-cristales\/#modula-gallery-69827\",\n\t\t\"url\"     : \"https:\/\/visitmycolombia.com\/de\/cano-cristalitos-mirador-trail-wanderung-zur-versteckten-kleinen-schwester-von-cano-cristales\/\"\n\t}\n\n\t<\/script>\n\n\t\n<\/div>\n\n\n\n<div class=\"wp-block-group eplus-wrapper is-layout-constrained wp-block-group-is-layout-constrained\"><hr class=\"is-style-dots wp-block-separator has-text-color has-alpha-channel-opacity has-background eplus-wrapper eplus-styles-uid-a3cde3\" style=\"background-color:#da906b;color:#da906b\">\n\n<h2 class=\" wp-block-heading eplus-wrapper eplus-styles-uid-2511c5\"><strong>Preise und Stationen in La Macarena<\/strong><\/h2>\n\n<hr class=\"is-style-dots wp-block-separator has-text-color has-alpha-channel-opacity has-background eplus-wrapper eplus-styles-uid-9a0b83\" style=\"background-color:#da906b;color:#da906b\"><\/div>\n\n\n\n<div style=\"height:2em\" aria-hidden=\"true\" class=\" wp-block-spacer eplus-wrapper\"><\/div>\n\n\n\n<p class=\"eplus-wrapper wp-block-paragraph\">Du solltest wissen, dass <strong>alle Ausfl\u00fcge in den Nationalpark Sierra de la Macarena nur mit einem offiziellen F\u00fchrer unternommen werden<\/strong> d\u00fcrfen. In diesem Abschnitt findest du eine <strong>\u00dcbersicht \u00fcber die durchschnittlichen Preise<\/strong> sowie <strong>zuverl\u00e4ssige lokale Agenturen<\/strong>, damit du deine Touren sicher planen und die Sch\u00f6nheit der Region in vollen Z\u00fcgen genie\u00dfen kannst.<\/p>\n\n\n\n<blockquote class=\"wp-block-quote eplus-wrapper is-layout-flow wp-block-quote-is-layout-flow\">\n<p class=\"eplus-wrapper wp-block-paragraph\"><strong>Hinweis: <\/strong>Wer den ber\u00fchmten Fluss mit den f\u00fcnf Farben bewundern m\u00f6chte, sollte beachten, dass Ca\u00f1o Cristales in der N\u00e4he von La Macarena kein besonders g\u00fcnstiges Reiseziel ist. Eine erschwinglichere Alternative findet sich in der von Touristen weniger frequentierten Region San Jos\u00e9 del Guaviare, wo man ebenfalls wundersch\u00f6ne, farbenfrohe Fl\u00fcsse genie\u00dfen kann.<\/p>\n<\/blockquote>\n\n\n\n<div style=\"height:1em\" aria-hidden=\"true\" class=\" wp-block-spacer eplus-wrapper\"><\/div>\n\n\n\n<h3 class=\" wp-block-heading eplus-wrapper\">Agenturen<\/h3>\n\n\n<p class=\"has-background eplus-wrapper eplus-styles-uid-70f882 wp-block-paragraph\" style=\"background-color:#e2fadc\">Im Folgenden teilen wir dir die Kontaktdaten der Agentur mit, mit der wir unseren Aufenthalt organisiert haben. Alles lief perfekt, von der anf\u00e4nglichen Kommunikation und dem Kostenvoranschlag bis hin zur Bezahlung und den Leistungen vor Ort. W\u00e4hrend des Aufenthalts hatte Caro eine kleine Fu\u00dfverletzung, die einen Besuch in der Klinik erforderlich machte. Die Versicherung der Agentur k\u00fcmmerte sich sofort um die Situation, und die Gesch\u00e4ftsf\u00fchrerin begleitete uns sogar vor Ort, eine Geste, die wir wirklich sehr zu sch\u00e4tzen wussten.<br><br><strong>Agentur Aventura Tours SAS<\/strong><br>Registro Nacional de Turismo 22085<br>Website: https: <a href=\"https:\/\/www.cano-cristales.com\" target=\"_blank\" rel=\"noreferrer noopener\">\/\/www.cano-cristales.com<\/a><br>Whatsapp: +57 (300) 693 9988<br>E-Mail: info@cano-cristales.com<\/p>\n\n\n<h4 class=\" wp-block-heading eplus-wrapper\">Obligatorisch betreute Ausfl\u00fcge<\/h4>\n\n\n\n<p class=\"eplus-wrapper wp-block-paragraph\">Im Gegensatz zu vielen anderen Naturzielen ist es <strong>nicht m\u00f6glich, Ca\u00f1o Cristales oder die Wanderwege des Parks auf eigene Faust zu besuchen<\/strong>. Die Vorschriften schreiben vor, dass <strong>ein offizieller F\u00fchrer anwesend<\/strong> sein muss, und die Gruppen werden auf verschiedene Wanderwege aufgeteilt, um <strong>die Auswirkungen des Tourismus zu begrenzen<\/strong>.<\/p>\n\n\n\n<p class=\"eplus-wrapper wp-block-paragraph\">Die <strong>Anzahl der Besucher ist jeden Tag begrenzt<\/strong>, sodass <strong>eine vorherige Anmeldung bei der Parkverwaltung<\/strong> erforderlich ist. Die meisten lokalen Agenturen k\u00fcmmern sich um <strong>all diese Formalit\u00e4ten<\/strong>, einschlie\u00dflich der Einreisegenehmigung, der Registrierung bei den Umweltbeh\u00f6rden und der Organisation von Reisef\u00fchrern, damit dein Aufenthalt reibungslos verl\u00e4uft.<\/p>\n\n\n\n<h4 class=\" wp-block-heading eplus-wrapper\">Die Rolle der lokalen Agenturen<\/h4>\n\n\n\n<p class=\"eplus-wrapper wp-block-paragraph\">Die meisten Reisenden <strong>ziehen es vor,<\/strong> ihren Aufenthalt <strong>\u00fcber eine \u00f6rtliche Agentur<\/strong> zu organisieren. Diese Agenturen bieten in der Regel <strong>mehrt\u00e4gige Pakete<\/strong> an, die Unterkunft, Verpflegung, <strong>Bootstransfers auf dem Rio Guayabero<\/strong>, Fahrten mit dem Gel\u00e4ndewagen und <strong>gef\u00fchrte Wanderungen durch den Park<\/strong> beinhalten.<\/p>\n\n\n\n<p class=\"eplus-wrapper wp-block-paragraph\">Selbst wenn nationale oder internationale Agenturen diese Touren vermarkten, werden die Ausfl\u00fcge <strong>fast immer von einheimischen F\u00fchrern geleitet<\/strong>, die Experten f\u00fcr die Wanderwege, die Tierwelt und die <strong>Umweltregeln<\/strong> des Parks sind und so ein sicheres und \u00f6kosystemfreundliches Erlebnis garantieren.<\/p>\n\n\n\n<h4 class=\" wp-block-heading eplus-wrapper\">Kann man seinen Aufenthalt selbst organisieren?<\/h4>\n\n\n\n<p class=\"eplus-wrapper wp-block-paragraph\">Es ist <strong>theoretisch m\u00f6glich, ohne vorherige Reservierung nach La Macarena zu kommen<\/strong> und vor Ort eine Agentur oder einen Reisef\u00fchrer zu finden. Viele Reisende weisen jedoch darauf hin, dass <strong>die Logistik schnell kompliziert werden kann<\/strong>, da Genehmigungen, Steuern, Transporte und die Verf\u00fcgbarkeit von Wanderwegen verwaltet werden m\u00fcssen.<\/p>\n\n\n\n<p class=\"eplus-wrapper wp-block-paragraph\">Aus diesem Grund <strong>entscheiden sich die meisten Besucher daf\u00fcr, ein Komplettpaket zu buchen<\/strong>. Das vereinfacht die Organisation erheblich und erm\u00f6glicht es, die <strong>Wanderungen, Wasserf\u00e4lle und Naturpools<\/strong> der Region in vollen Z\u00fcgen zu genie\u00dfen.<\/p>\n\n\n\n<h4 class=\" wp-block-heading eplus-wrapper\">Eine betreute, aber immersive Erfahrung<\/h4>\n\n\n\n<p class=\"eplus-wrapper wp-block-paragraph\">Einmal dort angekommen, folgen die Tage meist einem <strong>\u00e4hnlichen Rhythmus<\/strong>: Bootsfahrt auf dem <strong>Rio Guayabero<\/strong>, Transfer mit dem Fahrzeug zum Start der Wanderwege und dann eine <strong>gef\u00fchrte Wanderung durch den Park<\/strong>, um die verschiedenen Bereiche des Flusses zu erkunden und die Landschaft der <strong>Serran\u00eda de la Macarena<\/strong> zu bewundern.<\/p>\n\n\n\n<p class=\"eplus-wrapper wp-block-paragraph\">Auch wenn dieser Betrieb sehr geregelt erscheinen mag, dient er vor allem dem <strong>Schutz des einzigartigen \u00d6kosystems von Ca\u00f1o Cristales<\/strong> und bietet Reisenden eine <strong>umfassende und tiefgehende Entdeckung<\/strong> der Natur und der lokalen Biodiversit\u00e4t.<\/p>\n\n\n\n<div style=\"height:1em\" aria-hidden=\"true\" class=\" wp-block-spacer eplus-wrapper\"><\/div>\n\n\n\n<h3 class=\" wp-block-heading eplus-wrapper\">Tarife<\/h3>\n\n\n\n<p class=\"eplus-wrapper wp-block-paragraph\">Hier ist eine Sch\u00e4tzung des Preises f\u00fcr unseren Ausflug im Jahr 2025.<\/p>\n\n\n\n<figure class=\"is-style-stripes wp-block-table eplus-wrapper\"><table class=\"has-fixed-layout\"><tbody><tr><td>Preis (f\u00fcr 2 Personen)<\/td><td>5.614.410 COP<\/td><\/tr><tr><td>Dauer<\/td><td>6 Tage &#8211; 5 N\u00e4chte<\/td><\/tr><tr><td>Inklusive<\/td><td>Unterkunft Hotel La Fuente<br>Vollpension (Fr\u00fchst\u00fcck &#8211; Mittagessen &#8211; Abendessen)<br>Aktivit\u00e4ten mit F\u00fchrung<br>Transport vor Ort (Boot und 4*4)<\/td><\/tr><tr><td>Nicht enthalten<\/td><td>Flugtickets<br>Transport mit dem Motorrad zur Laguna del Silencio<br>Steuern<br>Stiefelverleih (8.000 &#8211; 10.000 COP pro Tag)<\/td><\/tr><\/tbody><\/table><\/figure>\n\n\n\n<div style=\"height:3em\" aria-hidden=\"true\" class=\" wp-block-spacer eplus-wrapper\"><\/div>\n\n\n<div  id=\"jtg-69828\" class=\"modula modula-gallery modula-columns\" data-config=\"{&quot;tabletHeight&quot;:800,&quot;mobileHeight&quot;:800,&quot;desktopHeight&quot;:800,&quot;enableTwitter&quot;:false,&quot;enableWhatsapp&quot;:false,&quot;enableFacebook&quot;:false,&quot;enablePinterest&quot;:false,&quot;enableLinkedin&quot;:false,&quot;enableEmail&quot;:false,&quot;randomFactor&quot;:0,&quot;type&quot;:&quot;grid&quot;,&quot;columns&quot;:12,&quot;gutter&quot;:10,&quot;mobileGutter&quot;:10,&quot;tabletGutter&quot;:10,&quot;desktopGutter&quot;:10,&quot;enableResponsive&quot;:&quot;0&quot;,&quot;tabletColumns&quot;:2,&quot;mobileColumns&quot;:1,&quot;lazyLoad&quot;:0,&quot;lightboxOpts&quot;:{&quot;animated&quot;:true,&quot;Thumbs&quot;:{&quot;type&quot;:&quot;modern&quot;,&quot;showOnStart&quot;:false},&quot;Toolbar&quot;:{&quot;display&quot;:{&quot;right&quot;:[&quot;close&quot;]},&quot;enabled&quot;:true},&quot;Carousel&quot;:{&quot;Panzoom&quot;:{&quot;touch&quot;:true},&quot;infinite&quot;:false},&quot;keyboard&quot;:{&quot;Escape&quot;:&quot;close&quot;,&quot;Delete&quot;:&quot;close&quot;,&quot;Backspace&quot;:&quot;close&quot;,&quot;PageUp&quot;:&quot;next&quot;,&quot;PageDown&quot;:&quot;prev&quot;,&quot;ArrowUp&quot;:&quot;prev&quot;,&quot;ArrowDown&quot;:&quot;next&quot;,&quot;ArrowRight&quot;:&quot;next&quot;,&quot;ArrowLeft&quot;:&quot;prev&quot;},&quot;wheel&quot;:&quot;slide&quot;,&quot;touch&quot;:true,&quot;backdropClick&quot;:&quot;close&quot;,&quot;l10n&quot;:{&quot;CLOSE&quot;:&quot;Schlie\\u00dfen&quot;,&quot;NEXT&quot;:&quot;Weiter&quot;,&quot;PREV&quot;:&quot;Zur\\u00fcck&quot;,&quot;Error&quot;:&quot;Der angeforderte Inhalt kann nicht geladen werden. Bitte versuche es sp\\u00e4ter noch einmal.&quot;,&quot;PLAY_START&quot;:&quot;Slideshow starten&quot;,&quot;PLAY_STOP&quot;:&quot;Slideshow anhalten&quot;,&quot;FULL_SCREEN&quot;:&quot;Vollbild&quot;,&quot;THUMBS&quot;:&quot;Vorschaubilder&quot;,&quot;DOWNLOAD&quot;:&quot;Download&quot;,&quot;SHARE&quot;:&quot;Teilen&quot;,&quot;ZOOM&quot;:&quot;Vergr\\u00f6\\u00dfern&quot;,&quot;EMAIL&quot;:&quot;Hier ist der Link zum Bild: %%image_link%% und hier ist der Link zur Galerie: %%gallery_link%%&quot;,&quot;MODAL&quot;:&quot;Du kannst diesen Modal-Inhalt mit der ESC-Taste schlie\\u00dfen&quot;,&quot;ERROR&quot;:&quot;Es ist ein Fehler aufgetreten. Bitte versuche es sp\\u00e4ter noch einmal&quot;,&quot;IMAGE_ERROR&quot;:&quot;Bild nicht gefunden&quot;,&quot;ELEMENT_NOT_FOUND&quot;:&quot;HTML-Element nicht gefunden&quot;,&quot;AJAX_NOT_FOUND&quot;:&quot;Fehler beim Laden von AJAX: Nicht gefunden&quot;,&quot;AJAX_FORBIDDEN&quot;:&quot;Fehler beim Laden von AJAX: Zugriff verweigert&quot;,&quot;IFRAME_ERROR&quot;:&quot;Fehler beim Laden der Seite&quot;,&quot;TOGGLE_ZOOM&quot;:&quot;Zoomstufe umschalten&quot;,&quot;TOGGLE_THUMBS&quot;:&quot;Miniaturansichten ein-\\\/ausblenden&quot;,&quot;TOGGLE_SLIDESHOW&quot;:&quot;Diashow ein-\\\/ausschalten&quot;,&quot;TOGGLE_FULLSCREEN&quot;:&quot;Vollbildmodus umschalten&quot;},&quot;Images&quot;:{&quot;Panzoom&quot;:{&quot;maxScale&quot;:2}},&quot;mainClass&quot;:&quot;modula-fancybox-container modula-lightbox-jtg-69828&quot;,&quot;Html&quot;:{&quot;videoAutoplay&quot;:0,&quot;videoTpl&quot;:&quot;&lt;video class=\\&quot;fancybox__html5video\\&quot; controls muted playsinline controlsList controlsList=\\&quot;nodownload\\&quot; poster=\\&quot;{{poster}}\\&quot; src=\\&quot;{{src}}\\&quot; type=\\&quot;{{format}}\\&quot; &gt;  Sorry, your browser doesn&#039;t support embedded videos, &lt;a href=\\&quot;{{src}}\\&quot;&gt; download &lt;\\\/a&gt; and watch with your favorite video player! &lt;\\\/video&gt;&quot;}},&quot;inView&quot;:false,&quot;email_subject&quot;:&quot;Check out this awesome image !!&quot;,&quot;email_message&quot;:&quot;Here is the link to the image : %%image_link%% and this is the link to the gallery : %%gallery_link%%&quot;,&quot;grid_type&quot;:&quot;automatic&quot;,&quot;rowHeight&quot;:250,&quot;lastRow&quot;:&quot;justify&quot;,&quot;lightbox&quot;:&quot;fancybox&quot;,&quot;lightbox_devices&quot;:&quot;both&quot;}\">\n\n\t\n\t<div  class=\"modula-items grid-gallery\">\n\t\t<div class=\"modula-item effect-pufrobo\" >\n\t<div class=\"modula-item-overlay\"><\/div>\n\n\t<div class=\"modula-item-content\">\n\n\t\t<a data-image-id=\"69743\" role=\"button\" data-elementor-open-lightbox=\"no\" tabindex=\"0\" rel=\"jtg-69828\" data-caption=\"\" aria-label=\"Bilder in Lightbox \u00f6ffnen\" class=\"tile-inner modula-item-link\"><\/a><img loading=\"lazy\" decoding=\"async\" class=\"pic wp-image-69743\"  data-valign=\"middle\" data-halign=\"center\" alt=\"Sentier Ca\u00f1o Cristalitos \u2013 Mirador, Parc National Sierra de la Macarena, Colombie\" data-full=\"https:\/\/visitmycolombia.com\/wp-content\/uploads\/2026\/03\/sentier-cano-cristalitos-mirador-la-macarena-colombie-4.jpg\" title=\"sentier-cano-cristalitos-mirador-la-macarena-colombie-4\" crop=\"\" width=\"1680\" height=\"945\" src=\"https:\/\/visitmycolombia.com\/wp-content\/uploads\/2026\/03\/sentier-cano-cristalitos-mirador-la-macarena-colombie-4.jpg\" data-src=\"https:\/\/visitmycolombia.com\/wp-content\/uploads\/2026\/03\/sentier-cano-cristalitos-mirador-la-macarena-colombie-4.jpg\" data-caption=\"\" srcset=\"https:\/\/visitmycolombia.com\/wp-content\/uploads\/2026\/03\/sentier-cano-cristalitos-mirador-la-macarena-colombie-4.jpg 1680w, https:\/\/visitmycolombia.com\/wp-content\/uploads\/2026\/03\/sentier-cano-cristalitos-mirador-la-macarena-colombie-4-300x169.jpg 300w, https:\/\/visitmycolombia.com\/wp-content\/uploads\/2026\/03\/sentier-cano-cristalitos-mirador-la-macarena-colombie-4-1024x576.jpg 1024w, https:\/\/visitmycolombia.com\/wp-content\/uploads\/2026\/03\/sentier-cano-cristalitos-mirador-la-macarena-colombie-4-150x84.jpg 150w, https:\/\/visitmycolombia.com\/wp-content\/uploads\/2026\/03\/sentier-cano-cristalitos-mirador-la-macarena-colombie-4-768x432.jpg 768w, https:\/\/visitmycolombia.com\/wp-content\/uploads\/2026\/03\/sentier-cano-cristalitos-mirador-la-macarena-colombie-4-1536x864.jpg 1536w\" sizes=\"auto, (max-width: 1680px) 100vw, 1680px\" \/>\n\t\t<div class=\"figc no-description\">\n\t\t\t<div class=\"figc-inner\">\n\t\t\t\t\t\t\t\t\t\t\t\t\t\t\t<\/div>\n\t\t<\/div>\n\n\t<\/div>\n\n<\/div><div class=\"modula-item effect-pufrobo\" >\n\t<div class=\"modula-item-overlay\"><\/div>\n\n\t<div class=\"modula-item-content\">\n\n\t\t<a data-image-id=\"69809\" role=\"button\" data-elementor-open-lightbox=\"no\" tabindex=\"0\" rel=\"jtg-69828\" data-caption=\"\" aria-label=\"Bilder in Lightbox \u00f6ffnen\" class=\"tile-inner modula-item-link\"><\/a><img loading=\"lazy\" decoding=\"async\" class=\"pic wp-image-69809\"  data-valign=\"middle\" data-halign=\"center\" alt=\"Sentier Ca\u00f1o Cristalitos \u2013 Mirador, Parc National Sierra de la Macarena, Colombie\" data-full=\"https:\/\/visitmycolombia.com\/wp-content\/uploads\/2026\/03\/sentier-cano-cristalitos-mirador-la-macarena-colombie-15.jpg\" title=\"sentier-cano-cristalitos-mirador-la-macarena-colombie-15\" crop=\"\" width=\"1149\" height=\"1531\" src=\"https:\/\/visitmycolombia.com\/wp-content\/uploads\/2026\/03\/sentier-cano-cristalitos-mirador-la-macarena-colombie-15.jpg\" data-src=\"https:\/\/visitmycolombia.com\/wp-content\/uploads\/2026\/03\/sentier-cano-cristalitos-mirador-la-macarena-colombie-15.jpg\" data-caption=\"\" srcset=\"https:\/\/visitmycolombia.com\/wp-content\/uploads\/2026\/03\/sentier-cano-cristalitos-mirador-la-macarena-colombie-15.jpg 1149w, https:\/\/visitmycolombia.com\/wp-content\/uploads\/2026\/03\/sentier-cano-cristalitos-mirador-la-macarena-colombie-15-225x300.jpg 225w, https:\/\/visitmycolombia.com\/wp-content\/uploads\/2026\/03\/sentier-cano-cristalitos-mirador-la-macarena-colombie-15-769x1024.jpg 769w, https:\/\/visitmycolombia.com\/wp-content\/uploads\/2026\/03\/sentier-cano-cristalitos-mirador-la-macarena-colombie-15-113x150.jpg 113w, https:\/\/visitmycolombia.com\/wp-content\/uploads\/2026\/03\/sentier-cano-cristalitos-mirador-la-macarena-colombie-15-768x1023.jpg 768w\" sizes=\"auto, (max-width: 1149px) 100vw, 1149px\" \/>\n\t\t<div class=\"figc no-description\">\n\t\t\t<div class=\"figc-inner\">\n\t\t\t\t\t\t\t\t\t\t\t\t\t\t\t<\/div>\n\t\t<\/div>\n\n\t<\/div>\n\n<\/div><div class=\"modula-item effect-pufrobo\" >\n\t<div class=\"modula-item-overlay\"><\/div>\n\n\t<div class=\"modula-item-content\">\n\n\t\t<a data-image-id=\"69797\" role=\"button\" data-elementor-open-lightbox=\"no\" tabindex=\"0\" rel=\"jtg-69828\" data-caption=\"\" aria-label=\"Bilder in Lightbox \u00f6ffnen\" class=\"tile-inner modula-item-link\"><\/a><img loading=\"lazy\" decoding=\"async\" class=\"pic wp-image-69797\"  data-valign=\"middle\" data-halign=\"center\" alt=\"Sentier Ca\u00f1o Cristalitos \u2013 Mirador, Parc National Sierra de la Macarena, Colombie\" data-full=\"https:\/\/visitmycolombia.com\/wp-content\/uploads\/2026\/03\/sentier-cano-cristalitos-mirador-la-macarena-colombie-13.jpg\" title=\"sentier-cano-cristalitos-mirador-la-macarena-colombie-13\" crop=\"\" width=\"1149\" height=\"1531\" src=\"https:\/\/visitmycolombia.com\/wp-content\/uploads\/2026\/03\/sentier-cano-cristalitos-mirador-la-macarena-colombie-13.jpg\" data-src=\"https:\/\/visitmycolombia.com\/wp-content\/uploads\/2026\/03\/sentier-cano-cristalitos-mirador-la-macarena-colombie-13.jpg\" data-caption=\"\" srcset=\"https:\/\/visitmycolombia.com\/wp-content\/uploads\/2026\/03\/sentier-cano-cristalitos-mirador-la-macarena-colombie-13.jpg 1149w, https:\/\/visitmycolombia.com\/wp-content\/uploads\/2026\/03\/sentier-cano-cristalitos-mirador-la-macarena-colombie-13-225x300.jpg 225w, https:\/\/visitmycolombia.com\/wp-content\/uploads\/2026\/03\/sentier-cano-cristalitos-mirador-la-macarena-colombie-13-769x1024.jpg 769w, https:\/\/visitmycolombia.com\/wp-content\/uploads\/2026\/03\/sentier-cano-cristalitos-mirador-la-macarena-colombie-13-113x150.jpg 113w, https:\/\/visitmycolombia.com\/wp-content\/uploads\/2026\/03\/sentier-cano-cristalitos-mirador-la-macarena-colombie-13-768x1023.jpg 768w\" sizes=\"auto, (max-width: 1149px) 100vw, 1149px\" \/>\n\t\t<div class=\"figc no-description\">\n\t\t\t<div class=\"figc-inner\">\n\t\t\t\t\t\t\t\t\t\t\t\t\t\t\t<\/div>\n\t\t<\/div>\n\n\t<\/div>\n\n<\/div><div class=\"modula-item effect-pufrobo\" >\n\t<div class=\"modula-item-overlay\"><\/div>\n\n\t<div class=\"modula-item-content\">\n\n\t\t<a data-image-id=\"69749\" role=\"button\" data-elementor-open-lightbox=\"no\" tabindex=\"0\" rel=\"jtg-69828\" data-caption=\"\" aria-label=\"Bilder in Lightbox \u00f6ffnen\" class=\"tile-inner modula-item-link\"><\/a><img loading=\"lazy\" decoding=\"async\" class=\"pic wp-image-69749\"  data-valign=\"middle\" data-halign=\"center\" alt=\"Sentier Ca\u00f1o Cristalitos \u2013 Mirador, Parc National Sierra de la Macarena, Colombie\" data-full=\"https:\/\/visitmycolombia.com\/wp-content\/uploads\/2026\/03\/sentier-cano-cristalitos-mirador-la-macarena-colombie-5.jpg\" title=\"sentier-cano-cristalitos-mirador-la-macarena-colombie-5\" crop=\"\" width=\"1680\" height=\"945\" src=\"https:\/\/visitmycolombia.com\/wp-content\/uploads\/2026\/03\/sentier-cano-cristalitos-mirador-la-macarena-colombie-5.jpg\" data-src=\"https:\/\/visitmycolombia.com\/wp-content\/uploads\/2026\/03\/sentier-cano-cristalitos-mirador-la-macarena-colombie-5.jpg\" data-caption=\"\" srcset=\"https:\/\/visitmycolombia.com\/wp-content\/uploads\/2026\/03\/sentier-cano-cristalitos-mirador-la-macarena-colombie-5.jpg 1680w, https:\/\/visitmycolombia.com\/wp-content\/uploads\/2026\/03\/sentier-cano-cristalitos-mirador-la-macarena-colombie-5-300x169.jpg 300w, https:\/\/visitmycolombia.com\/wp-content\/uploads\/2026\/03\/sentier-cano-cristalitos-mirador-la-macarena-colombie-5-1024x576.jpg 1024w, https:\/\/visitmycolombia.com\/wp-content\/uploads\/2026\/03\/sentier-cano-cristalitos-mirador-la-macarena-colombie-5-150x84.jpg 150w, https:\/\/visitmycolombia.com\/wp-content\/uploads\/2026\/03\/sentier-cano-cristalitos-mirador-la-macarena-colombie-5-768x432.jpg 768w, https:\/\/visitmycolombia.com\/wp-content\/uploads\/2026\/03\/sentier-cano-cristalitos-mirador-la-macarena-colombie-5-1536x864.jpg 1536w\" sizes=\"auto, (max-width: 1680px) 100vw, 1680px\" \/>\n\t\t<div class=\"figc no-description\">\n\t\t\t<div class=\"figc-inner\">\n\t\t\t\t\t\t\t\t\t\t\t\t\t\t\t<\/div>\n\t\t<\/div>\n\n\t<\/div>\n\n<\/div>\t\t\n\t<\/div>\n\n\t\n\t\n\t<script type=\"application\/ld+json\">\n\t{\n\t\t\"@context\": \"https:\/\/schema.org\",\n\t\t\"@type\"   : \"ImageGallery\",\n\t\t\"id\"      : \"https:\/\/visitmycolombia.com\/de\/cano-cristalitos-mirador-trail-wanderung-zur-versteckten-kleinen-schwester-von-cano-cristales\/#modula-gallery-69828\",\n\t\t\"url\"     : \"https:\/\/visitmycolombia.com\/de\/cano-cristalitos-mirador-trail-wanderung-zur-versteckten-kleinen-schwester-von-cano-cristales\/\"\n\t}\n\n\t<\/script>\n\n\t\n<\/div>\n\n\n\n<div style=\"height:3em\" aria-hidden=\"true\" class=\" wp-block-spacer eplus-wrapper\"><\/div>\n\n\n<div class=\"wp-block-group eplus-wrapper is-layout-constrained wp-block-group-is-layout-constrained eplus-styles-uid-87c690\"><hr class=\"is-style-dots wp-block-separator has-text-color has-alpha-channel-opacity has-background eplus-wrapper eplus-styles-uid-a3cde3\" style=\"background-color:#da906b;color:#da906b\">\n\n<h2 class=\" wp-block-heading eplus-wrapper eplus-styles-uid-2511c5\"><strong>Wie gelangt man zum Wanderweg Ca\u00f1o Cristalitos &#8211; Mirador?<\/strong><\/h2>\n\n<hr class=\"is-style-dots wp-block-separator has-text-color has-alpha-channel-opacity has-background eplus-wrapper eplus-styles-uid-9a0b83\" style=\"background-color:#da906b;color:#da906b\"><\/div>\n\n\n<p class=\"eplus-wrapper wp-block-paragraph\">Der <strong>Wanderweg Ca\u00f1o Cristalitos &#8211; Mirador<\/strong> befindet sich im <strong>Nationalpark Sierra de la Macarena<\/strong>, dessen Eintritte streng \u00fcberwacht und reguliert werden. Wie bereits erw\u00e4hnt, <strong>ist die Anwesenheit eines F\u00fchrers obligatorisch<\/strong>, was sowohl die Sicherheit als auch die Einhaltung der Parkregeln gew\u00e4hrleistet.<\/p>\n\n\n\n<p class=\"eplus-wrapper wp-block-paragraph\">Um den <strong>Transport zum Ausgangspunkt der Wanderung<\/strong> muss man sich keine Sorgen machen, da dies der Reiseleiter \u00fcbernimmt. Vom Dorf La Macarena aus muss man normalerweise <strong>in eine Lancha steigen<\/strong> und etwa <strong>20 bis 25 Minuten<\/strong> auf dem <strong>Rio Guayabero<\/strong> fahren, um den Beginn des Pfades zu erreichen.<\/p>\n\n\n\n<p class=\"eplus-wrapper wp-block-paragraph\">Aus diesem Grund <strong>w\u00e4hlen die meisten Reisenden Pakete \u00fcber lokale Agenturen<\/strong>: Es ist praktisch unm\u00f6glich, den Ausflug auf eigene Faust zu organisieren, zwischen der Transportlogistik, den Vorschriften des Parks und der Notwendigkeit eines F\u00fchrers.<\/p>\n\n\n<div  id=\"jtg-69829\" class=\"modula modula-gallery modula-columns\" data-config=\"{&quot;tabletHeight&quot;:800,&quot;mobileHeight&quot;:800,&quot;desktopHeight&quot;:800,&quot;enableTwitter&quot;:false,&quot;enableWhatsapp&quot;:false,&quot;enableFacebook&quot;:false,&quot;enablePinterest&quot;:false,&quot;enableLinkedin&quot;:false,&quot;enableEmail&quot;:false,&quot;randomFactor&quot;:0,&quot;type&quot;:&quot;grid&quot;,&quot;columns&quot;:12,&quot;gutter&quot;:10,&quot;mobileGutter&quot;:10,&quot;tabletGutter&quot;:10,&quot;desktopGutter&quot;:10,&quot;enableResponsive&quot;:&quot;0&quot;,&quot;tabletColumns&quot;:2,&quot;mobileColumns&quot;:1,&quot;lazyLoad&quot;:0,&quot;lightboxOpts&quot;:{&quot;animated&quot;:true,&quot;Thumbs&quot;:{&quot;type&quot;:&quot;modern&quot;,&quot;showOnStart&quot;:false},&quot;Toolbar&quot;:{&quot;display&quot;:{&quot;right&quot;:[&quot;close&quot;]},&quot;enabled&quot;:true},&quot;Carousel&quot;:{&quot;Panzoom&quot;:{&quot;touch&quot;:true},&quot;infinite&quot;:false},&quot;keyboard&quot;:{&quot;Escape&quot;:&quot;close&quot;,&quot;Delete&quot;:&quot;close&quot;,&quot;Backspace&quot;:&quot;close&quot;,&quot;PageUp&quot;:&quot;next&quot;,&quot;PageDown&quot;:&quot;prev&quot;,&quot;ArrowUp&quot;:&quot;prev&quot;,&quot;ArrowDown&quot;:&quot;next&quot;,&quot;ArrowRight&quot;:&quot;next&quot;,&quot;ArrowLeft&quot;:&quot;prev&quot;},&quot;wheel&quot;:&quot;slide&quot;,&quot;touch&quot;:true,&quot;backdropClick&quot;:&quot;close&quot;,&quot;l10n&quot;:{&quot;CLOSE&quot;:&quot;Schlie\\u00dfen&quot;,&quot;NEXT&quot;:&quot;Weiter&quot;,&quot;PREV&quot;:&quot;Zur\\u00fcck&quot;,&quot;Error&quot;:&quot;Der angeforderte Inhalt kann nicht geladen werden. Bitte versuche es sp\\u00e4ter noch einmal.&quot;,&quot;PLAY_START&quot;:&quot;Slideshow starten&quot;,&quot;PLAY_STOP&quot;:&quot;Slideshow anhalten&quot;,&quot;FULL_SCREEN&quot;:&quot;Vollbild&quot;,&quot;THUMBS&quot;:&quot;Vorschaubilder&quot;,&quot;DOWNLOAD&quot;:&quot;Download&quot;,&quot;SHARE&quot;:&quot;Teilen&quot;,&quot;ZOOM&quot;:&quot;Vergr\\u00f6\\u00dfern&quot;,&quot;EMAIL&quot;:&quot;Hier ist der Link zum Bild: %%image_link%% und hier ist der Link zur Galerie: %%gallery_link%%&quot;,&quot;MODAL&quot;:&quot;Du kannst diesen Modal-Inhalt mit der ESC-Taste schlie\\u00dfen&quot;,&quot;ERROR&quot;:&quot;Es ist ein Fehler aufgetreten. Bitte versuche es sp\\u00e4ter noch einmal&quot;,&quot;IMAGE_ERROR&quot;:&quot;Bild nicht gefunden&quot;,&quot;ELEMENT_NOT_FOUND&quot;:&quot;HTML-Element nicht gefunden&quot;,&quot;AJAX_NOT_FOUND&quot;:&quot;Fehler beim Laden von AJAX: Nicht gefunden&quot;,&quot;AJAX_FORBIDDEN&quot;:&quot;Fehler beim Laden von AJAX: Zugriff verweigert&quot;,&quot;IFRAME_ERROR&quot;:&quot;Fehler beim Laden der Seite&quot;,&quot;TOGGLE_ZOOM&quot;:&quot;Zoomstufe umschalten&quot;,&quot;TOGGLE_THUMBS&quot;:&quot;Miniaturansichten ein-\\\/ausblenden&quot;,&quot;TOGGLE_SLIDESHOW&quot;:&quot;Diashow ein-\\\/ausschalten&quot;,&quot;TOGGLE_FULLSCREEN&quot;:&quot;Vollbildmodus umschalten&quot;},&quot;Images&quot;:{&quot;Panzoom&quot;:{&quot;maxScale&quot;:2}},&quot;mainClass&quot;:&quot;modula-fancybox-container modula-lightbox-jtg-69829&quot;,&quot;Html&quot;:{&quot;videoAutoplay&quot;:0,&quot;videoTpl&quot;:&quot;&lt;video class=\\&quot;fancybox__html5video\\&quot; controls muted playsinline controlsList controlsList=\\&quot;nodownload\\&quot; poster=\\&quot;{{poster}}\\&quot; src=\\&quot;{{src}}\\&quot; type=\\&quot;{{format}}\\&quot; &gt;  Sorry, your browser doesn&#039;t support embedded videos, &lt;a href=\\&quot;{{src}}\\&quot;&gt; download &lt;\\\/a&gt; and watch with your favorite video player! &lt;\\\/video&gt;&quot;}},&quot;inView&quot;:false,&quot;email_subject&quot;:&quot;Check out this awesome image !!&quot;,&quot;email_message&quot;:&quot;Here is the link to the image : %%image_link%% and this is the link to the gallery : %%gallery_link%%&quot;,&quot;grid_type&quot;:&quot;automatic&quot;,&quot;rowHeight&quot;:250,&quot;lastRow&quot;:&quot;justify&quot;,&quot;lightbox&quot;:&quot;fancybox&quot;,&quot;lightbox_devices&quot;:&quot;both&quot;}\">\n\n\t\n\t<div  class=\"modula-items grid-gallery\">\n\t\t<div class=\"modula-item effect-pufrobo\" >\n\t<div class=\"modula-item-overlay\"><\/div>\n\n\t<div class=\"modula-item-content\">\n\n\t\t<a data-image-id=\"69761\" role=\"button\" data-elementor-open-lightbox=\"no\" tabindex=\"0\" rel=\"jtg-69829\" data-caption=\"\" aria-label=\"Bilder in Lightbox \u00f6ffnen\" class=\"tile-inner modula-item-link\"><\/a><img loading=\"lazy\" decoding=\"async\" class=\"pic wp-image-69761\"  data-valign=\"middle\" data-halign=\"center\" alt=\"Sentier Ca\u00f1o Cristalitos \u2013 Mirador, Parc National Sierra de la Macarena, Colombie\" data-full=\"https:\/\/visitmycolombia.com\/wp-content\/uploads\/2026\/03\/sentier-cano-cristalitos-mirador-la-macarena-colombie-7.jpg\" title=\"sentier-cano-cristalitos-mirador-la-macarena-colombie-7\" crop=\"\" width=\"1680\" height=\"945\" src=\"https:\/\/visitmycolombia.com\/wp-content\/uploads\/2026\/03\/sentier-cano-cristalitos-mirador-la-macarena-colombie-7.jpg\" data-src=\"https:\/\/visitmycolombia.com\/wp-content\/uploads\/2026\/03\/sentier-cano-cristalitos-mirador-la-macarena-colombie-7.jpg\" data-caption=\"\" srcset=\"https:\/\/visitmycolombia.com\/wp-content\/uploads\/2026\/03\/sentier-cano-cristalitos-mirador-la-macarena-colombie-7.jpg 1680w, https:\/\/visitmycolombia.com\/wp-content\/uploads\/2026\/03\/sentier-cano-cristalitos-mirador-la-macarena-colombie-7-300x169.jpg 300w, https:\/\/visitmycolombia.com\/wp-content\/uploads\/2026\/03\/sentier-cano-cristalitos-mirador-la-macarena-colombie-7-1024x576.jpg 1024w, https:\/\/visitmycolombia.com\/wp-content\/uploads\/2026\/03\/sentier-cano-cristalitos-mirador-la-macarena-colombie-7-150x84.jpg 150w, https:\/\/visitmycolombia.com\/wp-content\/uploads\/2026\/03\/sentier-cano-cristalitos-mirador-la-macarena-colombie-7-768x432.jpg 768w, https:\/\/visitmycolombia.com\/wp-content\/uploads\/2026\/03\/sentier-cano-cristalitos-mirador-la-macarena-colombie-7-1536x864.jpg 1536w\" sizes=\"auto, (max-width: 1680px) 100vw, 1680px\" \/>\n\t\t<div class=\"figc no-description\">\n\t\t\t<div class=\"figc-inner\">\n\t\t\t\t\t\t\t\t\t\t\t\t\t\t\t<\/div>\n\t\t<\/div>\n\n\t<\/div>\n\n<\/div><div class=\"modula-item effect-pufrobo\" >\n\t<div class=\"modula-item-overlay\"><\/div>\n\n\t<div class=\"modula-item-content\">\n\n\t\t<a data-image-id=\"69785\" role=\"button\" data-elementor-open-lightbox=\"no\" tabindex=\"0\" rel=\"jtg-69829\" data-caption=\"\" aria-label=\"Bilder in Lightbox \u00f6ffnen\" class=\"tile-inner modula-item-link\"><\/a><img loading=\"lazy\" decoding=\"async\" class=\"pic wp-image-69785\"  data-valign=\"middle\" data-halign=\"center\" alt=\"Sentier Ca\u00f1o Cristalitos \u2013 Mirador, Parc National Sierra de la Macarena, Colombie\" data-full=\"https:\/\/visitmycolombia.com\/wp-content\/uploads\/2026\/03\/sentier-cano-cristalitos-mirador-la-macarena-colombie-11.jpg\" title=\"sentier-cano-cristalitos-mirador-la-macarena-colombie-11\" crop=\"\" width=\"1149\" height=\"1531\" src=\"https:\/\/visitmycolombia.com\/wp-content\/uploads\/2026\/03\/sentier-cano-cristalitos-mirador-la-macarena-colombie-11.jpg\" data-src=\"https:\/\/visitmycolombia.com\/wp-content\/uploads\/2026\/03\/sentier-cano-cristalitos-mirador-la-macarena-colombie-11.jpg\" data-caption=\"\" srcset=\"https:\/\/visitmycolombia.com\/wp-content\/uploads\/2026\/03\/sentier-cano-cristalitos-mirador-la-macarena-colombie-11.jpg 1149w, https:\/\/visitmycolombia.com\/wp-content\/uploads\/2026\/03\/sentier-cano-cristalitos-mirador-la-macarena-colombie-11-225x300.jpg 225w, https:\/\/visitmycolombia.com\/wp-content\/uploads\/2026\/03\/sentier-cano-cristalitos-mirador-la-macarena-colombie-11-769x1024.jpg 769w, https:\/\/visitmycolombia.com\/wp-content\/uploads\/2026\/03\/sentier-cano-cristalitos-mirador-la-macarena-colombie-11-113x150.jpg 113w, https:\/\/visitmycolombia.com\/wp-content\/uploads\/2026\/03\/sentier-cano-cristalitos-mirador-la-macarena-colombie-11-768x1023.jpg 768w\" sizes=\"auto, (max-width: 1149px) 100vw, 1149px\" \/>\n\t\t<div class=\"figc no-description\">\n\t\t\t<div class=\"figc-inner\">\n\t\t\t\t\t\t\t\t\t\t\t\t\t\t\t<\/div>\n\t\t<\/div>\n\n\t<\/div>\n\n<\/div><div class=\"modula-item effect-pufrobo\" >\n\t<div class=\"modula-item-overlay\"><\/div>\n\n\t<div class=\"modula-item-content\">\n\n\t\t<a data-image-id=\"69773\" role=\"button\" data-elementor-open-lightbox=\"no\" tabindex=\"0\" rel=\"jtg-69829\" data-caption=\"\" aria-label=\"Bilder in Lightbox \u00f6ffnen\" class=\"tile-inner modula-item-link\"><\/a><img loading=\"lazy\" decoding=\"async\" class=\"pic wp-image-69773\"  data-valign=\"middle\" data-halign=\"center\" alt=\"Sentier Ca\u00f1o Cristalitos \u2013 Mirador, Parc National Sierra de la Macarena, Colombie\" data-full=\"https:\/\/visitmycolombia.com\/wp-content\/uploads\/2026\/03\/sentier-cano-cristalitos-mirador-la-macarena-colombie-9.jpg\" title=\"sentier-cano-cristalitos-mirador-la-macarena-colombie-9\" crop=\"\" width=\"1149\" height=\"1531\" src=\"https:\/\/visitmycolombia.com\/wp-content\/uploads\/2026\/03\/sentier-cano-cristalitos-mirador-la-macarena-colombie-9.jpg\" data-src=\"https:\/\/visitmycolombia.com\/wp-content\/uploads\/2026\/03\/sentier-cano-cristalitos-mirador-la-macarena-colombie-9.jpg\" data-caption=\"\" srcset=\"https:\/\/visitmycolombia.com\/wp-content\/uploads\/2026\/03\/sentier-cano-cristalitos-mirador-la-macarena-colombie-9.jpg 1149w, https:\/\/visitmycolombia.com\/wp-content\/uploads\/2026\/03\/sentier-cano-cristalitos-mirador-la-macarena-colombie-9-225x300.jpg 225w, https:\/\/visitmycolombia.com\/wp-content\/uploads\/2026\/03\/sentier-cano-cristalitos-mirador-la-macarena-colombie-9-769x1024.jpg 769w, https:\/\/visitmycolombia.com\/wp-content\/uploads\/2026\/03\/sentier-cano-cristalitos-mirador-la-macarena-colombie-9-113x150.jpg 113w, https:\/\/visitmycolombia.com\/wp-content\/uploads\/2026\/03\/sentier-cano-cristalitos-mirador-la-macarena-colombie-9-768x1023.jpg 768w\" sizes=\"auto, (max-width: 1149px) 100vw, 1149px\" \/>\n\t\t<div class=\"figc no-description\">\n\t\t\t<div class=\"figc-inner\">\n\t\t\t\t\t\t\t\t\t\t\t\t\t\t\t<\/div>\n\t\t<\/div>\n\n\t<\/div>\n\n<\/div><div class=\"modula-item effect-pufrobo\" >\n\t<div class=\"modula-item-overlay\"><\/div>\n\n\t<div class=\"modula-item-content\">\n\n\t\t<a data-image-id=\"69737\" role=\"button\" data-elementor-open-lightbox=\"no\" tabindex=\"0\" rel=\"jtg-69829\" data-caption=\"\" aria-label=\"Bilder in Lightbox \u00f6ffnen\" class=\"tile-inner modula-item-link\"><\/a><img loading=\"lazy\" decoding=\"async\" class=\"pic wp-image-69737\"  data-valign=\"middle\" data-halign=\"center\" alt=\"Sentier Ca\u00f1o Cristalitos \u2013 Mirador, Parc National Sierra de la Macarena, Colombie\" data-full=\"https:\/\/visitmycolombia.com\/wp-content\/uploads\/2026\/03\/sentier-cano-cristalitos-mirador-la-macarena-colombie-3.jpg\" title=\"sentier-cano-cristalitos-mirador-la-macarena-colombie-3\" crop=\"\" width=\"1680\" height=\"945\" src=\"https:\/\/visitmycolombia.com\/wp-content\/uploads\/2026\/03\/sentier-cano-cristalitos-mirador-la-macarena-colombie-3.jpg\" data-src=\"https:\/\/visitmycolombia.com\/wp-content\/uploads\/2026\/03\/sentier-cano-cristalitos-mirador-la-macarena-colombie-3.jpg\" data-caption=\"\" srcset=\"https:\/\/visitmycolombia.com\/wp-content\/uploads\/2026\/03\/sentier-cano-cristalitos-mirador-la-macarena-colombie-3.jpg 1680w, https:\/\/visitmycolombia.com\/wp-content\/uploads\/2026\/03\/sentier-cano-cristalitos-mirador-la-macarena-colombie-3-300x169.jpg 300w, https:\/\/visitmycolombia.com\/wp-content\/uploads\/2026\/03\/sentier-cano-cristalitos-mirador-la-macarena-colombie-3-1024x576.jpg 1024w, https:\/\/visitmycolombia.com\/wp-content\/uploads\/2026\/03\/sentier-cano-cristalitos-mirador-la-macarena-colombie-3-150x84.jpg 150w, https:\/\/visitmycolombia.com\/wp-content\/uploads\/2026\/03\/sentier-cano-cristalitos-mirador-la-macarena-colombie-3-768x432.jpg 768w, https:\/\/visitmycolombia.com\/wp-content\/uploads\/2026\/03\/sentier-cano-cristalitos-mirador-la-macarena-colombie-3-1536x864.jpg 1536w\" sizes=\"auto, (max-width: 1680px) 100vw, 1680px\" \/>\n\t\t<div class=\"figc no-description\">\n\t\t\t<div class=\"figc-inner\">\n\t\t\t\t\t\t\t\t\t\t\t\t\t\t\t<\/div>\n\t\t<\/div>\n\n\t<\/div>\n\n<\/div>\t\t\n\t<\/div>\n\n\t\n\t\n\t<script type=\"application\/ld+json\">\n\t{\n\t\t\"@context\": \"https:\/\/schema.org\",\n\t\t\"@type\"   : \"ImageGallery\",\n\t\t\"id\"      : \"https:\/\/visitmycolombia.com\/de\/cano-cristalitos-mirador-trail-wanderung-zur-versteckten-kleinen-schwester-von-cano-cristales\/#modula-gallery-69829\",\n\t\t\"url\"     : \"https:\/\/visitmycolombia.com\/de\/cano-cristalitos-mirador-trail-wanderung-zur-versteckten-kleinen-schwester-von-cano-cristales\/\"\n\t}\n\n\t<\/script>\n\n\t\n<\/div>\n\n\n\n<div class=\"wp-block-group eplus-wrapper is-layout-constrained wp-block-group-is-layout-constrained\"><hr class=\"is-style-dots wp-block-separator has-text-color has-alpha-channel-opacity has-background eplus-wrapper eplus-styles-uid-a3cde3\" style=\"background-color:#da906b;color:#da906b\">\n\n<h2 class=\" wp-block-heading eplus-wrapper eplus-styles-uid-2511c5\"><strong>Wo schlafen in <strong><strong><strong><strong><strong><strong><strong><strong><strong>La Macarena<\/strong><\/strong><\/strong><\/strong><\/strong><\/strong><\/strong><\/strong><\/strong> ?<\/strong><\/h2>\n\n<hr class=\"is-style-dots wp-block-separator has-text-color has-alpha-channel-opacity has-background eplus-wrapper eplus-styles-uid-9a0b83\" style=\"background-color:#da906b;color:#da906b\"><\/div>\n\n\n\n<p class=\"eplus-wrapper wp-block-paragraph\">Um <strong>den Wanderweg Ca\u00f1o Cristalitos &#8211; Mirador<\/strong> oder eine andere Route im <strong>Nationalpark Sierra de la Macarena<\/strong> zu <strong>erkunden<\/strong>, <strong>ist der ideale Ausgangspunkt die Kleinstadt La Macarena<\/strong>. Es befindet sich am Rande des Parks und hei\u00dft Reisende willkommen, die auf der Suche nach <strong>immersiven Wanderungen in der Natur<\/strong> und <strong>einfachen, authentischen Erfahrungen<\/strong> sind.<\/p>\n\n\n\n<blockquote class=\"wp-block-quote eplus-wrapper is-layout-flow wp-block-quote-is-layout-flow\">\n<p class=\"eplus-wrapper wp-block-paragraph\"><strong>Hinweis:<\/strong> Die meisten Unterk\u00fcnfte in La Macarena sind weder auf Booking.com noch auf einer der \u00fcblichen Buchungsplattformen aufgef\u00fchrt. Daher ist es in der Regel notwendig, \u00fcber eine lokale Agentur zu gehen, die mehrt\u00e4gige Pauschalreisen anbietet, oder die Hotels direkt \u00fcber Instagram oder WhatsApp zu kontaktieren, da diese Buchungsmethoden in der Region sehr verbreitet sind.<\/p>\n<\/blockquote>\n\n\n\n<p class=\"eplus-wrapper wp-block-paragraph\">In <strong>La Macarena<\/strong> bleibt das Angebot an Unterk\u00fcnften <strong>einfach und authentisch<\/strong>, getreu dem Charme dieses kleinen, abgelegenen Dorfes inmitten der Natur. Die meisten Hotels sind <strong>bescheiden und unpr\u00e4tenti\u00f6s<\/strong>, aber mehr als ausreichend, um nach einem Wandertag einen komfortablen Aufenthalt zu genie\u00dfen. Im Zentrum des Dorfes bieten viele Gastst\u00e4tten <strong>klimatisierte Zimmer<\/strong> an, was angesichts der tropischen Hitze in der Region ein echter Vorteil ist.<\/p>\n\n\n\n<p class=\"eplus-wrapper wp-block-paragraph\">F\u00fcr diejenigen, die eine <strong>immersivere Erfahrung<\/strong> machen m\u00f6chten, stehen au\u00dferhalb des Dorfes einige <strong>H\u00fctten und Lodges<\/strong> zur Verf\u00fcgung, die sich oft mitten in der Natur oder in der N\u00e4he von Fl\u00fcssen befinden. Diese Unterk\u00fcnfte bieten eine <strong>wildere und friedlichere<\/strong> Umgebung, die ideal ist, um sich wieder mit der au\u00dfergew\u00f6hnlichen Umgebung der <strong>Serran\u00eda de la Macarena<\/strong> zu verbinden.<\/p>\n\n\n\n<p class=\"has-luminous-vivid-orange-color has-text-color has-link-color eplus-wrapper wp-elements-1 wp-block-paragraph\"><strong>Hinweis:<\/strong> In den Hotels gibt es in der Regel kein warmes Wasser, was bei dem feuchtwarmen Klima in der Region aber kein Problem ist.<\/p>\n\n\n<div class=\"wp-block-columns eplus-wrapper is-layout-flex wp-container-core-columns-is-layout-7387b849 wp-block-columns-is-layout-flex eplus-styles-uid-22f610\"><div class=\"wp-block-column eplus-wrapper is-layout-flow wp-block-column-is-layout-flow eplus-styles-uid-8e42ae\"><figure class=\" wp-block-image size-full eplus-wrapper eplus-styles-uid-c39bfb\"><img loading=\"lazy\" decoding=\"async\" width=\"800\" height=\"600\" src=\"https:\/\/visitmycolombia.com\/wp-content\/uploads\/2026\/06\/hotel-campestre-el-refugio-la-macarena-colombie.jpg\" alt=\"Hotel Campestre el Refugio, La Macarena, Kolumbien\" class=\"wp-image-68983\" style=\"aspect-ratio:16\/9;object-fit:cover\" srcset=\"https:\/\/visitmycolombia.com\/wp-content\/uploads\/2026\/06\/hotel-campestre-el-refugio-la-macarena-colombie.jpg 800w, https:\/\/visitmycolombia.com\/wp-content\/uploads\/2026\/06\/hotel-campestre-el-refugio-la-macarena-colombie-300x225.jpg 300w, https:\/\/visitmycolombia.com\/wp-content\/uploads\/2026\/06\/hotel-campestre-el-refugio-la-macarena-colombie-150x113.jpg 150w, https:\/\/visitmycolombia.com\/wp-content\/uploads\/2026\/06\/hotel-campestre-el-refugio-la-macarena-colombie-768x576.jpg 768w\" sizes=\"auto, (max-width: 800px) 100vw, 800px\" \/><\/figure>\n\n<div class=\"wp-block-columns is-not-stacked-on-mobile eplus-wrapper is-layout-flex wp-container-core-columns-is-layout-7387b849 wp-block-columns-is-layout-flex eplus-styles-uid-7a6950\">\n<div class=\"wp-block-column eplus-wrapper is-layout-flow wp-block-column-is-layout-flow\" style=\"flex-basis:66.66%\"><p class=\"has-text-color has-small-font-size eplus-wrapper eplus-styles-uid-062bbd wp-block-paragraph\" style=\"color:#da906b\">$ &#8211; Sparsamer Haushalt<\/p><\/div>\n\n\n\n<div class=\"wp-block-column eplus-wrapper is-layout-flow wp-block-column-is-layout-flow\" style=\"flex-basis:33.33%\"><p class=\"has-text-align-right has-text-color has-small-font-size eplus-wrapper eplus-styles-uid-feebc8 wp-block-paragraph\" style=\"color:#da906b\">H\u00fctte<\/p><\/div>\n<\/div>\n\n<h4 class=\" wp-block-heading has-text-align-center eplus-wrapper eplus-styles-uid-ce9610\">Hotel Campestre el Refugio<\/h4>\n\n<p class=\"has-text-align-center eplus-wrapper eplus-styles-uid-9699d7 wp-block-paragraph\" style=\"font-size:15px\">Hotel Campestre el Refugio sammelt gemischte Bewertungen: Einige Reisende sch\u00e4tzen die N\u00e4he zur Natur und das freundliche Personal, das eine einfache und authentische Atmosph\u00e4re hervorhebt. Andere merken an, dass die Einrichtungen datiert werden k\u00f6nnen. Insgesamt ist es eine funktionale und preiswerte Option, aber nicht ohne M\u00e4ngel.<\/p>\n\n\n<p class=\"has-text-align-center has-text-color eplus-wrapper wp-block-paragraph\" style=\"color:#da906b;font-size:16px\"><strong><a href=\"https:\/\/www.facebook.com\/HotelCampestrelRefugio\/\" target=\"_blank\" rel=\"noreferrer noopener\">WEITERE INFORMATIONEN<\/a><\/strong><\/p>\n<\/div>\n\n<div class=\"wp-block-column eplus-wrapper is-layout-flow wp-block-column-is-layout-flow eplus-styles-uid-8e42ae\"><figure class=\" wp-block-image size-full eplus-wrapper eplus-styles-uid-c39bfb\"><img loading=\"lazy\" decoding=\"async\" width=\"800\" height=\"600\" src=\"https:\/\/visitmycolombia.com\/wp-content\/uploads\/2026\/06\/hotel-hostal-cano-nevera-la-macarena-colombie.jpg\" alt=\"Hostal Cano Nevera, La Macarena, Kolumbien\" class=\"wp-image-68995\" style=\"aspect-ratio:16\/9;object-fit:cover\" srcset=\"https:\/\/visitmycolombia.com\/wp-content\/uploads\/2026\/06\/hotel-hostal-cano-nevera-la-macarena-colombie.jpg 800w, https:\/\/visitmycolombia.com\/wp-content\/uploads\/2026\/06\/hotel-hostal-cano-nevera-la-macarena-colombie-300x225.jpg 300w, https:\/\/visitmycolombia.com\/wp-content\/uploads\/2026\/06\/hotel-hostal-cano-nevera-la-macarena-colombie-150x113.jpg 150w, https:\/\/visitmycolombia.com\/wp-content\/uploads\/2026\/06\/hotel-hostal-cano-nevera-la-macarena-colombie-768x576.jpg 768w\" sizes=\"auto, (max-width: 800px) 100vw, 800px\" \/><\/figure>\n\n<div class=\"wp-block-columns is-not-stacked-on-mobile eplus-wrapper is-layout-flex wp-container-core-columns-is-layout-7387b849 wp-block-columns-is-layout-flex eplus-styles-uid-b9f365\">\n<div class=\"wp-block-column eplus-wrapper is-layout-flow wp-block-column-is-layout-flow\" style=\"flex-basis:66.66%\"><p class=\"has-text-color has-small-font-size eplus-wrapper eplus-styles-uid-062bbd wp-block-paragraph\" style=\"color:#da906b\">$ &#8211; Sparsamer Haushalt<\/p><\/div>\n\n\n\n<div class=\"wp-block-column eplus-wrapper is-layout-flow wp-block-column-is-layout-flow\" style=\"flex-basis:33.33%\"><p class=\"has-text-align-right has-text-color has-small-font-size eplus-wrapper eplus-styles-uid-feebc8 wp-block-paragraph\" style=\"color:#da906b\">Hostal<\/p><\/div>\n<\/div>\n\n<h4 class=\" wp-block-heading has-text-align-center eplus-wrapper eplus-styles-uid-ce9610\">Hostal Cano Nevera<\/h4>\n\n<p class=\"has-text-align-center eplus-wrapper eplus-styles-uid-9699d7 wp-block-paragraph\" style=\"font-size:15px\">Das sehr angenehme Hostal Ca\u00f1o Nevera f\u00fcr einen einfachen und authentischen Aufenthalt. Die Zimmer sind einfach, aber sauber und komfortabel, oft mit Ventilator und Moskitonetzen. Die Atmosph\u00e4re ist famili\u00e4r und die Gastgeber sind daf\u00fcr bekannt, sehr aufmerksam zu sein und bei der Organisation von Ausfl\u00fcgen zu helfen. Die Ausstattung bleibt bescheiden, bietet aber ein sehr gutes Preis-Leistungs-Verh\u00e4ltnis.<\/p>\n\n\n<p class=\"has-text-align-center has-text-color eplus-wrapper wp-block-paragraph\" style=\"color:#da906b;font-size:16px\"><strong><a href=\"https:\/\/www.booking.com\/hotel\/co\/hostal-cano-nevera.fr.html\" target=\"_blank\" rel=\"noreferrer noopener\">WEITERE INFORMATIONEN<\/a><\/strong><\/p>\n<\/div>\n\n<div class=\"wp-block-column eplus-wrapper is-layout-flow wp-block-column-is-layout-flow eplus-styles-uid-8e42ae\"><figure class=\" wp-block-image size-full eplus-wrapper eplus-styles-uid-c39bfb\"><img loading=\"lazy\" decoding=\"async\" width=\"800\" height=\"600\" src=\"https:\/\/visitmycolombia.com\/wp-content\/uploads\/2026\/06\/hotel-casa-real-la-macarena-colombie.jpg\" alt=\"Casa Hotel Real, La Macarena, Kolumbien\" class=\"wp-image-68989\" style=\"aspect-ratio:16\/9;object-fit:cover\" srcset=\"https:\/\/visitmycolombia.com\/wp-content\/uploads\/2026\/06\/hotel-casa-real-la-macarena-colombie.jpg 800w, https:\/\/visitmycolombia.com\/wp-content\/uploads\/2026\/06\/hotel-casa-real-la-macarena-colombie-300x225.jpg 300w, https:\/\/visitmycolombia.com\/wp-content\/uploads\/2026\/06\/hotel-casa-real-la-macarena-colombie-150x113.jpg 150w, https:\/\/visitmycolombia.com\/wp-content\/uploads\/2026\/06\/hotel-casa-real-la-macarena-colombie-768x576.jpg 768w\" sizes=\"auto, (max-width: 800px) 100vw, 800px\" \/><\/figure>\n\n<div class=\"wp-block-columns is-not-stacked-on-mobile eplus-wrapper is-layout-flex wp-container-core-columns-is-layout-7387b849 wp-block-columns-is-layout-flex eplus-styles-uid-a1386e\">\n<div class=\"wp-block-column eplus-wrapper is-layout-flow wp-block-column-is-layout-flow\" style=\"flex-basis:66.66%\"><p class=\"has-text-color has-small-font-size eplus-wrapper eplus-styles-uid-062bbd wp-block-paragraph\" style=\"color:#da906b\">$$ &#8211; Durchschnittliches Budget<\/p><\/div>\n\n\n\n<div class=\"wp-block-column eplus-wrapper is-layout-flow wp-block-column-is-layout-flow\" style=\"flex-basis:33.33%\"><p class=\"has-text-align-right has-text-color has-small-font-size eplus-wrapper eplus-styles-uid-feebc8 wp-block-paragraph\" style=\"color:#da906b\">Hotel<\/p><\/div>\n<\/div>\n\n<h4 class=\" wp-block-heading has-text-align-center eplus-wrapper eplus-styles-uid-ce9610\">Casa Hotel Real<\/h4>\n\n<p class=\"has-text-align-center eplus-wrapper eplus-styles-uid-9699d7 wp-block-paragraph\" style=\"font-size:15px\">Der Eindruck der Reisenden ist der eines einfachen und funktionalen Hotels. Die Zimmer sind sauber, aber recht klein, manchmal wenig bel\u00fcftet, daher sollten Sie besser die Zimmer mit Klimaanlage w\u00e4hlen. Der Empfang ist herzlich. Es gibt einige praktische Annehmlichkeiten wie Wi-Fi, einen Swimmingpool und das Fr\u00fchst\u00fcck ist im Preis inbegriffen, auch wenn das Ganze recht einfach gehalten ist.<\/p>\n\n\n<p class=\"has-text-align-center has-text-color eplus-wrapper wp-block-paragraph\" style=\"color:#da906b;font-size:16px\"><strong><a href=\"https:\/\/www.facebook.com\/p\/Casa-Hotel-Real-vs-100038893676554\/\" target=\"_blank\" rel=\"noreferrer noopener\">WEITERE INFORMATIONEN<\/a><\/strong><\/p>\n<\/div><\/div>\n\n<div class=\"wp-block-columns eplus-wrapper is-layout-flex wp-container-core-columns-is-layout-7387b849 wp-block-columns-is-layout-flex eplus-styles-uid-36d10d\"><div class=\"wp-block-column eplus-wrapper is-layout-flow wp-block-column-is-layout-flow eplus-styles-uid-8e42ae\"><figure class=\" wp-block-image size-full eplus-wrapper eplus-styles-uid-c39bfb\"><img loading=\"lazy\" decoding=\"async\" width=\"800\" height=\"600\" src=\"https:\/\/visitmycolombia.com\/wp-content\/uploads\/2026\/06\/hotel-la-fuente-la-macarena-colombie.jpg\" alt=\"Hotel La Fuente, La Macarena, Kolumbien\" class=\"wp-image-69001\" style=\"aspect-ratio:16\/9;object-fit:cover\" srcset=\"https:\/\/visitmycolombia.com\/wp-content\/uploads\/2026\/06\/hotel-la-fuente-la-macarena-colombie.jpg 800w, https:\/\/visitmycolombia.com\/wp-content\/uploads\/2026\/06\/hotel-la-fuente-la-macarena-colombie-300x225.jpg 300w, https:\/\/visitmycolombia.com\/wp-content\/uploads\/2026\/06\/hotel-la-fuente-la-macarena-colombie-150x113.jpg 150w, https:\/\/visitmycolombia.com\/wp-content\/uploads\/2026\/06\/hotel-la-fuente-la-macarena-colombie-768x576.jpg 768w\" sizes=\"auto, (max-width: 800px) 100vw, 800px\" \/><\/figure>\n\n<div class=\"wp-block-columns is-not-stacked-on-mobile eplus-wrapper is-layout-flex wp-container-core-columns-is-layout-7387b849 wp-block-columns-is-layout-flex eplus-styles-uid-e7546b\">\n<div class=\"wp-block-column eplus-wrapper is-layout-flow wp-block-column-is-layout-flow\" style=\"flex-basis:66.66%\"><p class=\"has-text-color has-small-font-size eplus-wrapper eplus-styles-uid-062bbd wp-block-paragraph\" style=\"color:#da906b\">$$ &#8211; Durchschnittliches Budget<\/p><\/div>\n\n\n\n<div class=\"wp-block-column eplus-wrapper is-layout-flow wp-block-column-is-layout-flow\" style=\"flex-basis:33.33%\"><p class=\"has-text-align-right has-text-color has-small-font-size eplus-wrapper eplus-styles-uid-feebc8 wp-block-paragraph\" style=\"color:#da906b\">Hotel<\/p><\/div>\n<\/div>\n\n<h4 class=\" wp-block-heading has-text-align-center eplus-wrapper eplus-styles-uid-ce9610\">Hotel La Fuente<\/h4>\n\n<p class=\"has-text-align-center eplus-wrapper eplus-styles-uid-9699d7 wp-block-paragraph\" style=\"font-size:15px\">Wir haben in diesem Hotel \u00fcbernachtet. Die Zimmer sind einfach, aber komfortabel und verf\u00fcgen \u00fcber eine Klimaanlage, was bei der Hitze angenehm ist. Es gibt auch einen Pool, der nach einem Tagesausflug angenehm ist, und das Restaurant bietet eine abwechslungsreiche lokale K\u00fcche. Vom Flughafen aus leicht zu Fu\u00df zu erreichen, ist es eine gute Option, ohne nach Luxus zu suchen.<\/p>\n\n\n<p class=\"has-text-align-center has-text-color eplus-wrapper wp-block-paragraph\" style=\"color:#da906b;font-size:16px\"><strong><a href=\"https:\/\/www.booking.com\/hotel\/co\/la-fuente-jn-la-macarena.fr.html\" target=\"_blank\" rel=\"noreferrer noopener\">WEITERE INFORMATIONEN<\/a><\/strong><\/p>\n<\/div>\n\n<div class=\"wp-block-column eplus-wrapper is-layout-flow wp-block-column-is-layout-flow eplus-styles-uid-8e42ae\"><figure class=\" wp-block-image size-full eplus-wrapper eplus-styles-uid-c39bfb\"><img loading=\"lazy\" decoding=\"async\" width=\"800\" height=\"600\" src=\"https:\/\/visitmycolombia.com\/wp-content\/uploads\/2026\/06\/hotel-la-manigua-lodge-la-macarena-colombie.jpg\" alt=\"La Manigua Lodge, La Macarena, Kolumbien\" class=\"wp-image-69007\" style=\"aspect-ratio:16\/9;object-fit:cover\" srcset=\"https:\/\/visitmycolombia.com\/wp-content\/uploads\/2026\/06\/hotel-la-manigua-lodge-la-macarena-colombie.jpg 800w, https:\/\/visitmycolombia.com\/wp-content\/uploads\/2026\/06\/hotel-la-manigua-lodge-la-macarena-colombie-300x225.jpg 300w, https:\/\/visitmycolombia.com\/wp-content\/uploads\/2026\/06\/hotel-la-manigua-lodge-la-macarena-colombie-150x113.jpg 150w, https:\/\/visitmycolombia.com\/wp-content\/uploads\/2026\/06\/hotel-la-manigua-lodge-la-macarena-colombie-768x576.jpg 768w\" sizes=\"auto, (max-width: 800px) 100vw, 800px\" \/><\/figure>\n\n<div class=\"wp-block-columns is-not-stacked-on-mobile eplus-wrapper is-layout-flex wp-container-core-columns-is-layout-7387b849 wp-block-columns-is-layout-flex eplus-styles-uid-301c5a\">\n<div class=\"wp-block-column eplus-wrapper is-layout-flow wp-block-column-is-layout-flow\" style=\"flex-basis:66.66%\"><p class=\"has-text-color has-small-font-size eplus-wrapper eplus-styles-uid-062bbd wp-block-paragraph\" style=\"color:#da906b\">$$$ &#8211; Hohes Budget<\/p><\/div>\n\n\n\n<div class=\"wp-block-column eplus-wrapper is-layout-flow wp-block-column-is-layout-flow\" style=\"flex-basis:33.33%\"><p class=\"has-text-align-right has-text-color has-small-font-size eplus-wrapper eplus-styles-uid-feebc8 wp-block-paragraph\" style=\"color:#da906b\">Hotel<\/p><\/div>\n<\/div>\n\n<h4 class=\" wp-block-heading has-text-align-center eplus-wrapper eplus-styles-uid-ce9610\">La Manigua Lodge<\/h4>\n\n<p class=\"has-text-align-center eplus-wrapper eplus-styles-uid-9699d7 wp-block-paragraph\" style=\"font-size:15px\">Die Erfahrung in der La Manigua Lodge ist au\u00dfergew\u00f6hnlich. Die H\u00fctten sind komfortabel und gut in die Natur integriert, mit einem echten rustikalen Charme. Der Service wird oft als sehr aufmerksam und die Organisation der Aktivit\u00e4ten als gut eingespielt beschrieben. Die K\u00fcche wird gesch\u00e4tzt, auch wenn einige auf kleine M\u00e4ngel hinweisen (sich wiederholende Fr\u00fchst\u00fccke oder manchmal kaltes Wasser).<\/p>\n\n\n<p class=\"has-text-align-center has-text-color eplus-wrapper wp-block-paragraph\" style=\"color:#da906b;font-size:16px\"><strong><a href=\"https:\/\/www.booking.com\/hotel\/co\/la-manigua-lodge.fr.html\" target=\"_blank\" rel=\"noreferrer noopener\">WEITERE INFORMATIONEN<\/a><\/strong><\/p>\n<\/div>\n\n\n<div class=\"wp-block-column eplus-wrapper is-layout-flow wp-block-column-is-layout-flow\"><\/div>\n<\/div>\n\n\n<div style=\"height:1em\" aria-hidden=\"true\" class=\" wp-block-spacer eplus-wrapper\"><\/div>\n\n\n<div  id=\"jtg-69830\" class=\"modula modula-gallery modula-columns\" data-config=\"{&quot;tabletHeight&quot;:800,&quot;mobileHeight&quot;:800,&quot;desktopHeight&quot;:800,&quot;enableTwitter&quot;:false,&quot;enableWhatsapp&quot;:false,&quot;enableFacebook&quot;:false,&quot;enablePinterest&quot;:false,&quot;enableLinkedin&quot;:false,&quot;enableEmail&quot;:false,&quot;randomFactor&quot;:0,&quot;type&quot;:&quot;grid&quot;,&quot;columns&quot;:12,&quot;gutter&quot;:10,&quot;mobileGutter&quot;:10,&quot;tabletGutter&quot;:10,&quot;desktopGutter&quot;:10,&quot;enableResponsive&quot;:&quot;0&quot;,&quot;tabletColumns&quot;:2,&quot;mobileColumns&quot;:1,&quot;lazyLoad&quot;:0,&quot;lightboxOpts&quot;:{&quot;animated&quot;:true,&quot;Thumbs&quot;:{&quot;type&quot;:&quot;modern&quot;,&quot;showOnStart&quot;:false},&quot;Toolbar&quot;:{&quot;display&quot;:{&quot;right&quot;:[&quot;close&quot;]},&quot;enabled&quot;:true},&quot;Carousel&quot;:{&quot;Panzoom&quot;:{&quot;touch&quot;:true},&quot;infinite&quot;:false},&quot;keyboard&quot;:{&quot;Escape&quot;:&quot;close&quot;,&quot;Delete&quot;:&quot;close&quot;,&quot;Backspace&quot;:&quot;close&quot;,&quot;PageUp&quot;:&quot;next&quot;,&quot;PageDown&quot;:&quot;prev&quot;,&quot;ArrowUp&quot;:&quot;prev&quot;,&quot;ArrowDown&quot;:&quot;next&quot;,&quot;ArrowRight&quot;:&quot;next&quot;,&quot;ArrowLeft&quot;:&quot;prev&quot;},&quot;wheel&quot;:&quot;slide&quot;,&quot;touch&quot;:true,&quot;backdropClick&quot;:&quot;close&quot;,&quot;l10n&quot;:{&quot;CLOSE&quot;:&quot;Schlie\\u00dfen&quot;,&quot;NEXT&quot;:&quot;Weiter&quot;,&quot;PREV&quot;:&quot;Zur\\u00fcck&quot;,&quot;Error&quot;:&quot;Der angeforderte Inhalt kann nicht geladen werden. Bitte versuche es sp\\u00e4ter noch einmal.&quot;,&quot;PLAY_START&quot;:&quot;Slideshow starten&quot;,&quot;PLAY_STOP&quot;:&quot;Slideshow anhalten&quot;,&quot;FULL_SCREEN&quot;:&quot;Vollbild&quot;,&quot;THUMBS&quot;:&quot;Vorschaubilder&quot;,&quot;DOWNLOAD&quot;:&quot;Download&quot;,&quot;SHARE&quot;:&quot;Teilen&quot;,&quot;ZOOM&quot;:&quot;Vergr\\u00f6\\u00dfern&quot;,&quot;EMAIL&quot;:&quot;Hier ist der Link zum Bild: %%image_link%% und hier ist der Link zur Galerie: %%gallery_link%%&quot;,&quot;MODAL&quot;:&quot;Du kannst diesen Modal-Inhalt mit der ESC-Taste schlie\\u00dfen&quot;,&quot;ERROR&quot;:&quot;Es ist ein Fehler aufgetreten. Bitte versuche es sp\\u00e4ter noch einmal&quot;,&quot;IMAGE_ERROR&quot;:&quot;Bild nicht gefunden&quot;,&quot;ELEMENT_NOT_FOUND&quot;:&quot;HTML-Element nicht gefunden&quot;,&quot;AJAX_NOT_FOUND&quot;:&quot;Fehler beim Laden von AJAX: Nicht gefunden&quot;,&quot;AJAX_FORBIDDEN&quot;:&quot;Fehler beim Laden von AJAX: Zugriff verweigert&quot;,&quot;IFRAME_ERROR&quot;:&quot;Fehler beim Laden der Seite&quot;,&quot;TOGGLE_ZOOM&quot;:&quot;Zoomstufe umschalten&quot;,&quot;TOGGLE_THUMBS&quot;:&quot;Miniaturansichten ein-\\\/ausblenden&quot;,&quot;TOGGLE_SLIDESHOW&quot;:&quot;Diashow ein-\\\/ausschalten&quot;,&quot;TOGGLE_FULLSCREEN&quot;:&quot;Vollbildmodus umschalten&quot;},&quot;Images&quot;:{&quot;Panzoom&quot;:{&quot;maxScale&quot;:2}},&quot;mainClass&quot;:&quot;modula-fancybox-container modula-lightbox-jtg-69830&quot;,&quot;Html&quot;:{&quot;videoAutoplay&quot;:0,&quot;videoTpl&quot;:&quot;&lt;video class=\\&quot;fancybox__html5video\\&quot; controls muted playsinline controlsList controlsList=\\&quot;nodownload\\&quot; poster=\\&quot;{{poster}}\\&quot; src=\\&quot;{{src}}\\&quot; type=\\&quot;{{format}}\\&quot; &gt;  Sorry, your browser doesn&#039;t support embedded videos, &lt;a href=\\&quot;{{src}}\\&quot;&gt; download &lt;\\\/a&gt; and watch with your favorite video player! &lt;\\\/video&gt;&quot;}},&quot;inView&quot;:false,&quot;email_subject&quot;:&quot;Check out this awesome image !!&quot;,&quot;email_message&quot;:&quot;Here is the link to the image : %%image_link%% and this is the link to the gallery : %%gallery_link%%&quot;,&quot;grid_type&quot;:&quot;automatic&quot;,&quot;rowHeight&quot;:250,&quot;lastRow&quot;:&quot;justify&quot;,&quot;lightbox&quot;:&quot;fancybox&quot;,&quot;lightbox_devices&quot;:&quot;both&quot;}\">\n\n\t\n\t<div  class=\"modula-items grid-gallery\">\n\t\t<div class=\"modula-item effect-pufrobo\" >\n\t<div class=\"modula-item-overlay\"><\/div>\n\n\t<div class=\"modula-item-content\">\n\n\t\t<a data-image-id=\"69767\" role=\"button\" data-elementor-open-lightbox=\"no\" tabindex=\"0\" rel=\"jtg-69830\" data-caption=\"\" aria-label=\"Bilder in Lightbox \u00f6ffnen\" class=\"tile-inner modula-item-link\"><\/a><img loading=\"lazy\" decoding=\"async\" class=\"pic wp-image-69767\"  data-valign=\"middle\" data-halign=\"center\" alt=\"Sentier Ca\u00f1o Cristalitos \u2013 Mirador, Parc National Sierra de la Macarena, Colombie\" data-full=\"https:\/\/visitmycolombia.com\/wp-content\/uploads\/2026\/03\/sentier-cano-cristalitos-mirador-la-macarena-colombie-8.jpg\" title=\"sentier-cano-cristalitos-mirador-la-macarena-colombie-8\" crop=\"\" width=\"1680\" height=\"945\" src=\"https:\/\/visitmycolombia.com\/wp-content\/uploads\/2026\/03\/sentier-cano-cristalitos-mirador-la-macarena-colombie-8.jpg\" data-src=\"https:\/\/visitmycolombia.com\/wp-content\/uploads\/2026\/03\/sentier-cano-cristalitos-mirador-la-macarena-colombie-8.jpg\" data-caption=\"\" srcset=\"https:\/\/visitmycolombia.com\/wp-content\/uploads\/2026\/03\/sentier-cano-cristalitos-mirador-la-macarena-colombie-8.jpg 1680w, https:\/\/visitmycolombia.com\/wp-content\/uploads\/2026\/03\/sentier-cano-cristalitos-mirador-la-macarena-colombie-8-300x169.jpg 300w, https:\/\/visitmycolombia.com\/wp-content\/uploads\/2026\/03\/sentier-cano-cristalitos-mirador-la-macarena-colombie-8-1024x576.jpg 1024w, https:\/\/visitmycolombia.com\/wp-content\/uploads\/2026\/03\/sentier-cano-cristalitos-mirador-la-macarena-colombie-8-150x84.jpg 150w, https:\/\/visitmycolombia.com\/wp-content\/uploads\/2026\/03\/sentier-cano-cristalitos-mirador-la-macarena-colombie-8-768x432.jpg 768w, https:\/\/visitmycolombia.com\/wp-content\/uploads\/2026\/03\/sentier-cano-cristalitos-mirador-la-macarena-colombie-8-1536x864.jpg 1536w\" sizes=\"auto, (max-width: 1680px) 100vw, 1680px\" \/>\n\t\t<div class=\"figc no-description\">\n\t\t\t<div class=\"figc-inner\">\n\t\t\t\t\t\t\t\t\t\t\t\t\t\t\t<\/div>\n\t\t<\/div>\n\n\t<\/div>\n\n<\/div><div class=\"modula-item effect-pufrobo\" >\n\t<div class=\"modula-item-overlay\"><\/div>\n\n\t<div class=\"modula-item-content\">\n\n\t\t<a data-image-id=\"69791\" role=\"button\" data-elementor-open-lightbox=\"no\" tabindex=\"0\" rel=\"jtg-69830\" data-caption=\"\" aria-label=\"Bilder in Lightbox \u00f6ffnen\" class=\"tile-inner modula-item-link\"><\/a><img loading=\"lazy\" decoding=\"async\" class=\"pic wp-image-69791\"  data-valign=\"middle\" data-halign=\"center\" alt=\"Sentier Ca\u00f1o Cristalitos \u2013 Mirador, Parc National Sierra de la Macarena, Colombie\" data-full=\"https:\/\/visitmycolombia.com\/wp-content\/uploads\/2026\/03\/sentier-cano-cristalitos-mirador-la-macarena-colombie-12.jpg\" title=\"sentier-cano-cristalitos-mirador-la-macarena-colombie-12\" crop=\"\" width=\"1149\" height=\"1531\" src=\"https:\/\/visitmycolombia.com\/wp-content\/uploads\/2026\/03\/sentier-cano-cristalitos-mirador-la-macarena-colombie-12.jpg\" data-src=\"https:\/\/visitmycolombia.com\/wp-content\/uploads\/2026\/03\/sentier-cano-cristalitos-mirador-la-macarena-colombie-12.jpg\" data-caption=\"\" srcset=\"https:\/\/visitmycolombia.com\/wp-content\/uploads\/2026\/03\/sentier-cano-cristalitos-mirador-la-macarena-colombie-12.jpg 1149w, https:\/\/visitmycolombia.com\/wp-content\/uploads\/2026\/03\/sentier-cano-cristalitos-mirador-la-macarena-colombie-12-225x300.jpg 225w, https:\/\/visitmycolombia.com\/wp-content\/uploads\/2026\/03\/sentier-cano-cristalitos-mirador-la-macarena-colombie-12-769x1024.jpg 769w, https:\/\/visitmycolombia.com\/wp-content\/uploads\/2026\/03\/sentier-cano-cristalitos-mirador-la-macarena-colombie-12-113x150.jpg 113w, https:\/\/visitmycolombia.com\/wp-content\/uploads\/2026\/03\/sentier-cano-cristalitos-mirador-la-macarena-colombie-12-768x1023.jpg 768w\" sizes=\"auto, (max-width: 1149px) 100vw, 1149px\" \/>\n\t\t<div class=\"figc no-description\">\n\t\t\t<div class=\"figc-inner\">\n\t\t\t\t\t\t\t\t\t\t\t\t\t\t\t<\/div>\n\t\t<\/div>\n\n\t<\/div>\n\n<\/div><div class=\"modula-item effect-pufrobo\" >\n\t<div class=\"modula-item-overlay\"><\/div>\n\n\t<div class=\"modula-item-content\">\n\n\t\t<a data-image-id=\"69779\" role=\"button\" data-elementor-open-lightbox=\"no\" tabindex=\"0\" rel=\"jtg-69830\" data-caption=\"\" aria-label=\"Bilder in Lightbox \u00f6ffnen\" class=\"tile-inner modula-item-link\"><\/a><img loading=\"lazy\" decoding=\"async\" class=\"pic wp-image-69779\"  data-valign=\"middle\" data-halign=\"center\" alt=\"Sentier Ca\u00f1o Cristalitos \u2013 Mirador, Parc National Sierra de la Macarena, Colombie\" data-full=\"https:\/\/visitmycolombia.com\/wp-content\/uploads\/2026\/03\/sentier-cano-cristalitos-mirador-la-macarena-colombie-10.jpg\" title=\"sentier-cano-cristalitos-mirador-la-macarena-colombie-10\" crop=\"\" width=\"1149\" height=\"1531\" src=\"https:\/\/visitmycolombia.com\/wp-content\/uploads\/2026\/03\/sentier-cano-cristalitos-mirador-la-macarena-colombie-10.jpg\" data-src=\"https:\/\/visitmycolombia.com\/wp-content\/uploads\/2026\/03\/sentier-cano-cristalitos-mirador-la-macarena-colombie-10.jpg\" data-caption=\"\" srcset=\"https:\/\/visitmycolombia.com\/wp-content\/uploads\/2026\/03\/sentier-cano-cristalitos-mirador-la-macarena-colombie-10.jpg 1149w, https:\/\/visitmycolombia.com\/wp-content\/uploads\/2026\/03\/sentier-cano-cristalitos-mirador-la-macarena-colombie-10-225x300.jpg 225w, https:\/\/visitmycolombia.com\/wp-content\/uploads\/2026\/03\/sentier-cano-cristalitos-mirador-la-macarena-colombie-10-769x1024.jpg 769w, https:\/\/visitmycolombia.com\/wp-content\/uploads\/2026\/03\/sentier-cano-cristalitos-mirador-la-macarena-colombie-10-113x150.jpg 113w, https:\/\/visitmycolombia.com\/wp-content\/uploads\/2026\/03\/sentier-cano-cristalitos-mirador-la-macarena-colombie-10-768x1023.jpg 768w\" sizes=\"auto, (max-width: 1149px) 100vw, 1149px\" \/>\n\t\t<div class=\"figc no-description\">\n\t\t\t<div class=\"figc-inner\">\n\t\t\t\t\t\t\t\t\t\t\t\t\t\t\t<\/div>\n\t\t<\/div>\n\n\t<\/div>\n\n<\/div><div class=\"modula-item effect-pufrobo\" >\n\t<div class=\"modula-item-overlay\"><\/div>\n\n\t<div class=\"modula-item-content\">\n\n\t\t<a data-image-id=\"69755\" role=\"button\" data-elementor-open-lightbox=\"no\" tabindex=\"0\" rel=\"jtg-69830\" data-caption=\"\" aria-label=\"Bilder in Lightbox \u00f6ffnen\" class=\"tile-inner modula-item-link\"><\/a><img loading=\"lazy\" decoding=\"async\" class=\"pic wp-image-69755\"  data-valign=\"middle\" data-halign=\"center\" alt=\"Sentier Ca\u00f1o Cristalitos \u2013 Mirador, Parc National Sierra de la Macarena, Colombie\" data-full=\"https:\/\/visitmycolombia.com\/wp-content\/uploads\/2026\/03\/sentier-cano-cristalitos-mirador-la-macarena-colombie-6.jpg\" title=\"sentier-cano-cristalitos-mirador-la-macarena-colombie-6\" crop=\"\" width=\"1680\" height=\"945\" src=\"https:\/\/visitmycolombia.com\/wp-content\/uploads\/2026\/03\/sentier-cano-cristalitos-mirador-la-macarena-colombie-6.jpg\" data-src=\"https:\/\/visitmycolombia.com\/wp-content\/uploads\/2026\/03\/sentier-cano-cristalitos-mirador-la-macarena-colombie-6.jpg\" data-caption=\"\" srcset=\"https:\/\/visitmycolombia.com\/wp-content\/uploads\/2026\/03\/sentier-cano-cristalitos-mirador-la-macarena-colombie-6.jpg 1680w, https:\/\/visitmycolombia.com\/wp-content\/uploads\/2026\/03\/sentier-cano-cristalitos-mirador-la-macarena-colombie-6-300x169.jpg 300w, https:\/\/visitmycolombia.com\/wp-content\/uploads\/2026\/03\/sentier-cano-cristalitos-mirador-la-macarena-colombie-6-1024x576.jpg 1024w, https:\/\/visitmycolombia.com\/wp-content\/uploads\/2026\/03\/sentier-cano-cristalitos-mirador-la-macarena-colombie-6-150x84.jpg 150w, https:\/\/visitmycolombia.com\/wp-content\/uploads\/2026\/03\/sentier-cano-cristalitos-mirador-la-macarena-colombie-6-768x432.jpg 768w, https:\/\/visitmycolombia.com\/wp-content\/uploads\/2026\/03\/sentier-cano-cristalitos-mirador-la-macarena-colombie-6-1536x864.jpg 1536w\" sizes=\"auto, (max-width: 1680px) 100vw, 1680px\" \/>\n\t\t<div class=\"figc no-description\">\n\t\t\t<div class=\"figc-inner\">\n\t\t\t\t\t\t\t\t\t\t\t\t\t\t\t<\/div>\n\t\t<\/div>\n\n\t<\/div>\n\n<\/div>\t\t\n\t<\/div>\n\n\t\n\t\n\t<script type=\"application\/ld+json\">\n\t{\n\t\t\"@context\": \"https:\/\/schema.org\",\n\t\t\"@type\"   : \"ImageGallery\",\n\t\t\"id\"      : \"https:\/\/visitmycolombia.com\/de\/cano-cristalitos-mirador-trail-wanderung-zur-versteckten-kleinen-schwester-von-cano-cristales\/#modula-gallery-69830\",\n\t\t\"url\"     : \"https:\/\/visitmycolombia.com\/de\/cano-cristalitos-mirador-trail-wanderung-zur-versteckten-kleinen-schwester-von-cano-cristales\/\"\n\t}\n\n\t<\/script>\n\n\t\n<\/div>\n\n\n\n<div class=\"wp-block-group eplus-wrapper is-layout-constrained wp-block-group-is-layout-constrained\"><hr class=\"is-style-dots wp-block-separator has-text-color has-alpha-channel-opacity has-background eplus-wrapper eplus-styles-uid-a3cde3\" style=\"background-color:#da906b;color:#da906b\">\n\n<h2 class=\" wp-block-heading eplus-wrapper eplus-styles-uid-2511c5\"><strong>Hinweise &amp; Tipps<\/strong><\/h2>\n\n<hr class=\"is-style-dots wp-block-separator has-text-color has-alpha-channel-opacity has-background eplus-wrapper eplus-styles-uid-9a0b83\" style=\"background-color:#da906b;color:#da906b\"><\/div>\n\n\n<div class=\"wp-block-columns eplus-wrapper is-layout-flex wp-container-core-columns-is-layout-7387b849 wp-block-columns-is-layout-flex eplus-styles-uid-317721\">\n<div class=\"wp-block-column eplus-wrapper is-layout-flow wp-block-column-is-layout-flow\">\n<div class=\"wp-block-group eplus-wrapper is-layout-constrained wp-block-group-is-layout-constrained\"><p class=\"has-black-color has-text-color has-background eplus-wrapper eplus-styles-uid-1b316e wp-block-paragraph\" style=\"background-color:#e5e5e5\"><strong><strong><strong><strong><strong><strong><strong><strong><strong><strong><strong><strong><strong><strong><strong><strong><strong><strong><strong><strong><strong><strong><strong><strong><strong><strong><strong><strong><strong><strong>Hose + lange \u00c4rmel<\/strong> zum Wandern<\/strong><\/strong><\/strong><\/strong><\/strong><\/strong><\/strong><\/strong><\/strong><\/strong><\/strong><\/strong><\/strong><\/strong><\/strong><\/strong><\/strong><\/strong><\/strong><\/strong><\/strong><\/strong><\/strong><\/strong><\/strong><\/strong><\/strong><\/strong><\/strong><\/p>\n\n<p class=\"eplus-wrapper eplus-styles-uid-bac0de wp-block-paragraph\">F\u00fcr deine Wanderungen rund um La Macarena empfiehlt es sich, eine Hose und ein lang\u00e4rmeliges T-Shirt oder Hemd zu tragen. Diese Kleidung sch\u00fctzt sowohl vor Insekten als auch vor allem vor der Sonne, denn viele Wanderwege werden offen unter freiem Himmel begangen.<\/p><\/div>\n<\/div>\n\n\n\n<div class=\"wp-block-column eplus-wrapper is-layout-flow wp-block-column-is-layout-flow\">\n<div class=\"wp-block-group eplus-wrapper is-layout-constrained wp-block-group-is-layout-constrained\"><p class=\"has-black-color has-text-color has-background eplus-wrapper eplus-styles-uid-1b316e wp-block-paragraph\" style=\"background-color:#e5e5e5\"><strong>M\u00fcckenschutzmittel mitnehmen<\/strong><\/p>\n\n<p class=\"eplus-wrapper eplus-styles-uid-bac0de wp-block-paragraph\">Auch wenn die Gegend nicht die moskitoverseuchteste ist, die wir je gesehen haben, gibt es dennoch einige Moskitos. Vorsichtshalber sollten Sie ein M\u00fcckenschutzmittel auftragen, vor allem bei l\u00e4ngeren Ausfl\u00fcgen in die Natur und in Feuchtgebiete.<\/p><\/div>\n<\/div>\n<\/div>\n\n\n<div style=\"height:1em\" aria-hidden=\"true\" class=\" wp-block-spacer eplus-wrapper\"><\/div>\n\n\n<div class=\"wp-block-columns eplus-wrapper is-layout-flex wp-container-core-columns-is-layout-7387b849 wp-block-columns-is-layout-flex eplus-styles-uid-b46dc7\">\n<div class=\"wp-block-column eplus-wrapper is-layout-flow wp-block-column-is-layout-flow\">\n<div class=\"wp-block-group eplus-wrapper is-layout-constrained wp-block-group-is-layout-constrained\"><p class=\"has-black-color has-text-color has-background eplus-wrapper eplus-styles-uid-1b316e wp-block-paragraph\" style=\"background-color:#e5e5e5\"><strong><strong><strong><strong><strong><strong><strong><strong><strong><strong><strong><strong><strong><strong><strong><strong><strong><strong><strong><strong>Sonnencreme mitnehmen<\/strong><\/strong><\/strong><\/strong><\/strong><\/strong><\/strong><\/strong><\/strong><\/strong><\/strong><\/strong><\/strong><\/strong><\/strong><\/strong><\/strong><\/strong><\/strong><\/strong><\/p>\n\n<p class=\"eplus-wrapper eplus-styles-uid-bac0de wp-block-paragraph\">Wenn die Sonne scheint, kann es schnell sehr hei\u00df werden, vor allem, wenn man oft ohne Schatten l\u00e4uft. Es wird daher dringend empfohlen, eine Sonnencreme mit mindestens Lichtschutzfaktor 50 zu verwenden, um einen Sonnenbrand zu vermeiden und die Haut wirksam zu sch\u00fctzen.<\/p><\/div>\n<\/div>\n\n\n\n<div class=\"wp-block-column eplus-wrapper is-layout-flow wp-block-column-is-layout-flow\">\n<div class=\"wp-block-group eplus-wrapper is-layout-constrained wp-block-group-is-layout-constrained\"><p class=\"has-black-color has-text-color has-background eplus-wrapper eplus-styles-uid-1b316e wp-block-paragraph\" style=\"background-color:#e5e5e5\"><strong>Badeanzug + Handtuch mitnehmen<\/strong><\/p>\n\n<p class=\"eplus-wrapper eplus-styles-uid-bac0de wp-block-paragraph\">Wenn du nach La Macarena kommst, dann sicherlich, um die ber\u00fchmten bunten Fl\u00fcsse zu bewundern. W\u00e4hrend der Wanderungen gibt es mehrere Stellen, an denen du baden und dich erfrischen kannst. Vergiss also deine Badehose und ein Handtuch nicht, um diese Momente in vollen Z\u00fcgen zu genie\u00dfen.<\/p><\/div>\n<\/div>\n<\/div>\n\n\n<div style=\"height:1em\" aria-hidden=\"true\" class=\" wp-block-spacer eplus-wrapper\"><\/div>\n\n\n<div class=\"wp-block-columns eplus-wrapper is-layout-flex wp-container-core-columns-is-layout-7387b849 wp-block-columns-is-layout-flex eplus-styles-uid-5d3255\">\n<div class=\"wp-block-column eplus-wrapper is-layout-flow wp-block-column-is-layout-flow\">\n<div class=\"wp-block-group eplus-wrapper is-layout-constrained wp-block-group-is-layout-constrained\"><p class=\"has-black-color has-text-color has-background eplus-wrapper eplus-styles-uid-1b316e wp-block-paragraph\" style=\"background-color:#e5e5e5\"><strong><strong><strong><strong><strong><strong><strong><strong><strong><strong><strong><strong><strong><strong><strong><strong><strong><strong><strong><strong><strong><strong><strong><strong><strong><strong><strong><strong><strong>Hut \/ M\u00fctze mitnehmen<\/strong><\/strong><\/strong><\/strong><\/strong><\/strong><\/strong><\/strong><\/strong><\/strong><\/strong><\/strong><\/strong><\/strong><\/strong><\/strong><\/strong><\/strong><\/strong><\/strong><\/strong><\/strong><\/strong><\/strong><\/strong><\/strong><\/strong><\/strong><\/strong><\/p>\n\n<p class=\"eplus-wrapper eplus-styles-uid-bac0de wp-block-paragraph\">Um der Hitze und der Sonne zu trotzen, ist es hilfreich, den Kopf zu bedecken. Ein Hut oder eine M\u00fctze sch\u00fctzt dich bei langen Wanderungen, vor allem auf ausgesetzten Pfaden, und verhindert einen m\u00f6glichen Sonnenstich oder l\u00e4ngeres Unwohlsein.<\/p><\/div>\n<\/div>\n\n\n\n<div class=\"wp-block-column eplus-wrapper is-layout-flow wp-block-column-is-layout-flow\">\n<div class=\"wp-block-group eplus-wrapper is-layout-constrained wp-block-group-is-layout-constrained\"><p class=\"has-black-color has-text-color has-background eplus-wrapper eplus-styles-uid-1b316e wp-block-paragraph\" style=\"background-color:#e5e5e5\"><strong><strong><strong><strong><strong><strong><strong><strong><strong><strong><strong><strong><strong><strong><strong><strong><strong><strong><strong><strong><strong><strong><strong><strong><strong><strong><strong><strong><strong>Feldflasche mitnehmen<\/strong><\/strong><\/strong><\/strong><\/strong><\/strong><\/strong><\/strong><\/strong><\/strong><\/strong><\/strong><\/strong><\/strong><\/strong><\/strong><\/strong><\/strong><\/strong><\/strong><\/strong><\/strong><\/strong><\/strong><\/strong><\/strong><\/strong><\/strong><\/strong><\/p>\n\n<p class=\"eplus-wrapper eplus-styles-uid-bac0de wp-block-paragraph\">Im Nationalpark Sierra de la Macarena ist das Betreten mit Plastik verboten, einschlie\u00dflich Wasserflaschen, um die empfindliche Umwelt zu sch\u00fctzen. Daher ist es wichtig, dass du eine wiederverwendbare Trinkflasche mitnimmst, die du in deinem Hotel oder an zugelassenen Wasserstellen auff\u00fcllen kannst.<\/p><\/div>\n<\/div>\n<\/div>\n\n\n<div style=\"height:1em\" aria-hidden=\"true\" class=\" wp-block-spacer eplus-wrapper\"><\/div>\n\n\n<div class=\"wp-block-columns eplus-wrapper is-layout-flex wp-container-core-columns-is-layout-7387b849 wp-block-columns-is-layout-flex eplus-styles-uid-e4c960\">\n<div class=\"wp-block-column eplus-wrapper is-layout-flow wp-block-column-is-layout-flow\">\n<div class=\"wp-block-group eplus-wrapper is-layout-constrained wp-block-group-is-layout-constrained\"><p class=\"has-black-color has-text-color has-background eplus-wrapper eplus-styles-uid-1b316e wp-block-paragraph\" style=\"background-color:#e5e5e5\"><strong><strong><strong><strong><strong><strong><strong><strong><strong><strong><strong><strong><strong><strong><strong><strong><strong><strong><strong><strong><strong><strong><strong><strong><strong><strong><strong><strong><strong>Einen Poncho mitnehmen<\/strong><\/strong><\/strong><\/strong><\/strong><\/strong><\/strong><\/strong><\/strong><\/strong><\/strong><\/strong><\/strong><\/strong><\/strong><\/strong><\/strong><\/strong><\/strong><\/strong><\/strong><\/strong><\/strong><\/strong><\/strong><\/strong><\/strong><\/strong><\/strong><\/p>\n\n<p class=\"eplus-wrapper eplus-styles-uid-bac0de wp-block-paragraph\">Es ist wahrscheinlich, dass du die Region w\u00e4hrend der Regenzeit von April bis November besuchst. In diesem Fall kann ein Poncho oder eine wasserdichte Jacke sehr n\u00fctzlich sein, da es stark regnen kann, wie w\u00e4hrend unseres Aufenthalts, bei dem es an drei von f\u00fcnf Tagen regnete.<\/p><\/div>\n<\/div>\n\n\n\n<div class=\"wp-block-column eplus-wrapper is-layout-flow wp-block-column-is-layout-flow\">\n<div class=\"wp-block-group eplus-wrapper is-layout-constrained wp-block-group-is-layout-constrained\"><p class=\"has-black-color has-text-color has-background eplus-wrapper eplus-styles-uid-1b316e wp-block-paragraph\" style=\"background-color:#e5e5e5\"><strong><strong><strong><strong><strong><strong><strong><strong><strong><strong><strong><strong><strong><strong><strong><strong><strong><strong><strong><strong><strong><strong><strong><strong><strong><strong><strong><strong><strong>Wasserschuhe mitnehmen<\/strong><\/strong><\/strong><\/strong><\/strong><\/strong><\/strong><\/strong><\/strong><\/strong><\/strong><\/strong><\/strong><\/strong><\/strong><\/strong><\/strong><\/strong><\/strong><\/strong><\/strong><\/strong><\/strong><\/strong><\/strong><\/strong><\/strong><\/strong><\/strong><\/p>\n\n<p class=\"eplus-wrapper eplus-styles-uid-bac0de wp-block-paragraph\">Wenn es schlie\u00dflich regnet, k\u00f6nnen die Schauer sehr intensiv sein und die Wanderwege manchmal in regelrechte B\u00e4che verwandeln. Um deine Wanderschuhe nicht zu durchn\u00e4ssen, ist es eine gute Vorsichtsma\u00dfnahme, ein Paar Wasserschuhe in deinem Rucksack mitzunehmen.<\/p><\/div>\n<\/div>\n<\/div>","protected":false},"excerpt":{"rendered":"<p>In K\u00fcrze Im Herzen Kolumbiens, im Departement Meta, beherbergt die Sierra de la Macarena einige der spektakul\u00e4rsten Naturlandschaften S\u00fcdamerikas. Hier flie\u00dft der ber\u00fchmte Ca\u00f1o Cristales, der oft als &#8222;der sch\u00f6nste Fluss der Welt&#8220; bezeichnet wird. Jedes Jahr erstrahlen seine Gew\u00e4sser in erstaunlichen Farben &#8211; rot, gr\u00fcn, gelb, blau und schwarz &#8211; dank einer einzigartigen Wasserpflanze, [&hellip;]<\/p>\n","protected":false},"author":1,"featured_media":69823,"comment_status":"open","ping_status":"closed","sticky":false,"template":"","format":"standard","meta":{"editor_plus_copied_stylings":"{}","footnotes":""},"categories":[301,285,409],"tags":[496,493,144],"class_list":["post-69702","post","type-post","status-publish","format-standard","has-post-thumbnail","hentry","category-meta-de","category-orinoquia-de","category-regionen","tag-dorfer","tag-natur","tag-nature"],"yoast_head":"<!-- This site is optimized with the Yoast SEO plugin v28.3 - https:\/\/yoast.com\/product\/yoast-seo-wordpress\/ -->\n<title>[2026] Ca\u00f1o Cristalitos - Mirador Trail: Wanderung zur versteckten kleinen Schwester von Ca\u00f1o Cristales | Meta | Visit my Colombia<\/title>\n<meta name=\"description\" content=\"Bewundere auf dieser Naturwanderung in Ca\u00f1o Cristalito die wilde Landschaft der Sierra de la Macarena zwischen bunten Fl\u00fcssen, Dschungel und Aussichtswarten.\" \/>\n<meta name=\"robots\" content=\"index, follow, max-snippet:-1, max-image-preview:large, max-video-preview:-1\" \/>\n<link rel=\"canonical\" href=\"https:\/\/visitmycolombia.com\/de\/cano-cristalitos-mirador-trail-wanderung-zur-versteckten-kleinen-schwester-von-cano-cristales\/\" \/>\n<meta property=\"og:locale\" content=\"de_DE\" \/>\n<meta property=\"og:type\" content=\"article\" \/>\n<meta property=\"og:title\" content=\"[2026] Ca\u00f1o Cristalitos - Mirador Trail: Wanderung zur versteckten kleinen Schwester von Ca\u00f1o Cristales | Meta | Visit my Colombia\" \/>\n<meta property=\"og:description\" content=\"Bewundere auf dieser Naturwanderung in Ca\u00f1o Cristalito die wilde Landschaft der Sierra de la Macarena zwischen bunten Fl\u00fcssen, Dschungel und Aussichtswarten.\" \/>\n<meta property=\"og:url\" content=\"https:\/\/visitmycolombia.com\/de\/cano-cristalitos-mirador-trail-wanderung-zur-versteckten-kleinen-schwester-von-cano-cristales\/\" \/>\n<meta property=\"og:site_name\" content=\"Visit my Colombia\" \/>\n<meta property=\"article:published_time\" content=\"2026-08-30T07:00:00+00:00\" \/>\n<meta property=\"og:image\" content=\"https:\/\/visitmycolombia.com\/wp-content\/uploads\/2026\/03\/sentier-cano-cristalitos-mirador-la-macarena-colombie.jpg\" \/>\n\t<meta property=\"og:image:width\" content=\"1920\" \/>\n\t<meta property=\"og:image:height\" content=\"1137\" \/>\n\t<meta property=\"og:image:type\" content=\"image\/jpeg\" \/>\n<meta name=\"author\" content=\"Caro &amp; Romain\" \/>\n<meta name=\"twitter:card\" content=\"summary_large_image\" \/>\n<meta name=\"twitter:label1\" content=\"Verfasst von\" \/>\n\t<meta name=\"twitter:data1\" content=\"Caro &amp; Romain\" \/>\n\t<meta name=\"twitter:label2\" content=\"Gesch\u00e4tzte Lesezeit\" \/>\n\t<meta name=\"twitter:data2\" content=\"14\u00a0Minuten\" \/>\n<script type=\"application\/ld+json\" class=\"yoast-schema-graph\">{\"@context\":\"https:\\\/\\\/schema.org\",\"@graph\":[{\"@type\":\"Article\",\"@id\":\"https:\\\/\\\/visitmycolombia.com\\\/de\\\/cano-cristalitos-mirador-trail-wanderung-zur-versteckten-kleinen-schwester-von-cano-cristales\\\/#article\",\"isPartOf\":{\"@id\":\"https:\\\/\\\/visitmycolombia.com\\\/de\\\/cano-cristalitos-mirador-trail-wanderung-zur-versteckten-kleinen-schwester-von-cano-cristales\\\/\"},\"author\":{\"name\":\"Caro &amp; Romain\",\"@id\":\"https:\\\/\\\/visitmycolombia.com\\\/de\\\/#\\\/schema\\\/person\\\/8f1d0d7caec28262b4294a64a39648e9\"},\"headline\":\"Ca\u00f1o Cristalitos &#8211; Mirador Trail: Wanderung zur versteckten kleinen Schwester von Ca\u00f1o Cristales\",\"datePublished\":\"2026-08-30T07:00:00+00:00\",\"mainEntityOfPage\":{\"@id\":\"https:\\\/\\\/visitmycolombia.com\\\/de\\\/cano-cristalitos-mirador-trail-wanderung-zur-versteckten-kleinen-schwester-von-cano-cristales\\\/\"},\"wordCount\":3275,\"commentCount\":0,\"publisher\":{\"@id\":\"https:\\\/\\\/visitmycolombia.com\\\/de\\\/#\\\/schema\\\/person\\\/8f1d0d7caec28262b4294a64a39648e9\"},\"image\":{\"@id\":\"https:\\\/\\\/visitmycolombia.com\\\/de\\\/cano-cristalitos-mirador-trail-wanderung-zur-versteckten-kleinen-schwester-von-cano-cristales\\\/#primaryimage\"},\"thumbnailUrl\":\"https:\\\/\\\/visitmycolombia.com\\\/wp-content\\\/uploads\\\/2026\\\/03\\\/sentier-cano-cristalitos-mirador-la-macarena-colombie.jpg\",\"keywords\":[\"D\u00f6rfer\",\"Natur\",\"Nature\"],\"articleSection\":[\"Meta\",\"Orinoqu\u00eda\",\"Regionen\"],\"inLanguage\":\"de\",\"potentialAction\":[{\"@type\":\"CommentAction\",\"name\":\"Comment\",\"target\":[\"https:\\\/\\\/visitmycolombia.com\\\/de\\\/cano-cristalitos-mirador-trail-wanderung-zur-versteckten-kleinen-schwester-von-cano-cristales\\\/#respond\"]}]},{\"@type\":\"WebPage\",\"@id\":\"https:\\\/\\\/visitmycolombia.com\\\/de\\\/cano-cristalitos-mirador-trail-wanderung-zur-versteckten-kleinen-schwester-von-cano-cristales\\\/\",\"url\":\"https:\\\/\\\/visitmycolombia.com\\\/de\\\/cano-cristalitos-mirador-trail-wanderung-zur-versteckten-kleinen-schwester-von-cano-cristales\\\/\",\"name\":\"[2026] Ca\u00f1o Cristalitos - Mirador Trail: Wanderung zur versteckten kleinen Schwester von Ca\u00f1o Cristales | Meta | Visit my Colombia\",\"isPartOf\":{\"@id\":\"https:\\\/\\\/visitmycolombia.com\\\/de\\\/#website\"},\"primaryImageOfPage\":{\"@id\":\"https:\\\/\\\/visitmycolombia.com\\\/de\\\/cano-cristalitos-mirador-trail-wanderung-zur-versteckten-kleinen-schwester-von-cano-cristales\\\/#primaryimage\"},\"image\":{\"@id\":\"https:\\\/\\\/visitmycolombia.com\\\/de\\\/cano-cristalitos-mirador-trail-wanderung-zur-versteckten-kleinen-schwester-von-cano-cristales\\\/#primaryimage\"},\"thumbnailUrl\":\"https:\\\/\\\/visitmycolombia.com\\\/wp-content\\\/uploads\\\/2026\\\/03\\\/sentier-cano-cristalitos-mirador-la-macarena-colombie.jpg\",\"datePublished\":\"2026-08-30T07:00:00+00:00\",\"description\":\"Bewundere auf dieser Naturwanderung in Ca\u00f1o Cristalito die wilde Landschaft der Sierra de la Macarena zwischen bunten Fl\u00fcssen, Dschungel und Aussichtswarten.\",\"inLanguage\":\"de\",\"potentialAction\":[{\"@type\":\"ReadAction\",\"target\":[\"https:\\\/\\\/visitmycolombia.com\\\/de\\\/cano-cristalitos-mirador-trail-wanderung-zur-versteckten-kleinen-schwester-von-cano-cristales\\\/\"]}]},{\"@type\":\"ImageObject\",\"inLanguage\":\"de\",\"@id\":\"https:\\\/\\\/visitmycolombia.com\\\/de\\\/cano-cristalitos-mirador-trail-wanderung-zur-versteckten-kleinen-schwester-von-cano-cristales\\\/#primaryimage\",\"url\":\"https:\\\/\\\/visitmycolombia.com\\\/wp-content\\\/uploads\\\/2026\\\/03\\\/sentier-cano-cristalitos-mirador-la-macarena-colombie.jpg\",\"contentUrl\":\"https:\\\/\\\/visitmycolombia.com\\\/wp-content\\\/uploads\\\/2026\\\/03\\\/sentier-cano-cristalitos-mirador-la-macarena-colombie.jpg\",\"width\":1920,\"height\":1137,\"caption\":\"Sentier\"},{\"@type\":\"WebSite\",\"@id\":\"https:\\\/\\\/visitmycolombia.com\\\/de\\\/#website\",\"url\":\"https:\\\/\\\/visitmycolombia.com\\\/de\\\/\",\"name\":\"Visit my Colombia\",\"description\":\"Blog voyage Colombie : itin\u00e9raires, conseils, culture et plus encore ! | Visit my Colombia\",\"publisher\":{\"@id\":\"https:\\\/\\\/visitmycolombia.com\\\/de\\\/#\\\/schema\\\/person\\\/8f1d0d7caec28262b4294a64a39648e9\"},\"potentialAction\":[{\"@type\":\"SearchAction\",\"target\":{\"@type\":\"EntryPoint\",\"urlTemplate\":\"https:\\\/\\\/visitmycolombia.com\\\/de\\\/?s={search_term_string}\"},\"query-input\":{\"@type\":\"PropertyValueSpecification\",\"valueRequired\":true,\"valueName\":\"search_term_string\"}}],\"inLanguage\":\"de\"},{\"@type\":[\"Person\",\"Organization\"],\"@id\":\"https:\\\/\\\/visitmycolombia.com\\\/de\\\/#\\\/schema\\\/person\\\/8f1d0d7caec28262b4294a64a39648e9\",\"name\":\"Caro &amp; Romain\",\"image\":{\"@type\":\"ImageObject\",\"inLanguage\":\"de\",\"@id\":\"https:\\\/\\\/visitmycolombia.com\\\/wp-content\\\/uploads\\\/2023\\\/10\\\/logo-visit-my-colombia.png\",\"url\":\"https:\\\/\\\/visitmycolombia.com\\\/wp-content\\\/uploads\\\/2023\\\/10\\\/logo-visit-my-colombia.png\",\"contentUrl\":\"https:\\\/\\\/visitmycolombia.com\\\/wp-content\\\/uploads\\\/2023\\\/10\\\/logo-visit-my-colombia.png\",\"width\":1200,\"height\":313,\"caption\":\"Caro &amp; Romain\"},\"logo\":{\"@id\":\"https:\\\/\\\/visitmycolombia.com\\\/wp-content\\\/uploads\\\/2023\\\/10\\\/logo-visit-my-colombia.png\"},\"sameAs\":[\"https:\\\/\\\/visitmycolombia.com\"],\"url\":\"https:\\\/\\\/visitmycolombia.com\\\/de\\\/author\\\/swylean\\\/\"}]}<\/script>\n<!-- \/ Yoast SEO plugin. -->","yoast_head_json":{"title":"[2026] Ca\u00f1o Cristalitos - Mirador Trail: Wanderung zur versteckten kleinen Schwester von Ca\u00f1o Cristales | Meta | Visit my Colombia","description":"Bewundere auf dieser Naturwanderung in Ca\u00f1o Cristalito die wilde Landschaft der Sierra de la Macarena zwischen bunten Fl\u00fcssen, Dschungel und Aussichtswarten.","robots":{"index":"index","follow":"follow","max-snippet":"max-snippet:-1","max-image-preview":"max-image-preview:large","max-video-preview":"max-video-preview:-1"},"canonical":"https:\/\/visitmycolombia.com\/de\/cano-cristalitos-mirador-trail-wanderung-zur-versteckten-kleinen-schwester-von-cano-cristales\/","og_locale":"de_DE","og_type":"article","og_title":"[2026] Ca\u00f1o Cristalitos - Mirador Trail: Wanderung zur versteckten kleinen Schwester von Ca\u00f1o Cristales | Meta | Visit my Colombia","og_description":"Bewundere auf dieser Naturwanderung in Ca\u00f1o Cristalito die wilde Landschaft der Sierra de la Macarena zwischen bunten Fl\u00fcssen, Dschungel und Aussichtswarten.","og_url":"https:\/\/visitmycolombia.com\/de\/cano-cristalitos-mirador-trail-wanderung-zur-versteckten-kleinen-schwester-von-cano-cristales\/","og_site_name":"Visit my Colombia","article_published_time":"2026-08-30T07:00:00+00:00","og_image":[{"width":1920,"height":1137,"url":"https:\/\/visitmycolombia.com\/wp-content\/uploads\/2026\/03\/sentier-cano-cristalitos-mirador-la-macarena-colombie.jpg","type":"image\/jpeg"}],"author":"Caro &amp; Romain","twitter_card":"summary_large_image","twitter_misc":{"Verfasst von":"Caro &amp; Romain","Gesch\u00e4tzte Lesezeit":"14\u00a0Minuten"},"schema":{"@context":"https:\/\/schema.org","@graph":[{"@type":"Article","@id":"https:\/\/visitmycolombia.com\/de\/cano-cristalitos-mirador-trail-wanderung-zur-versteckten-kleinen-schwester-von-cano-cristales\/#article","isPartOf":{"@id":"https:\/\/visitmycolombia.com\/de\/cano-cristalitos-mirador-trail-wanderung-zur-versteckten-kleinen-schwester-von-cano-cristales\/"},"author":{"name":"Caro &amp; Romain","@id":"https:\/\/visitmycolombia.com\/de\/#\/schema\/person\/8f1d0d7caec28262b4294a64a39648e9"},"headline":"Ca\u00f1o Cristalitos &#8211; Mirador Trail: Wanderung zur versteckten kleinen Schwester von Ca\u00f1o Cristales","datePublished":"2026-08-30T07:00:00+00:00","mainEntityOfPage":{"@id":"https:\/\/visitmycolombia.com\/de\/cano-cristalitos-mirador-trail-wanderung-zur-versteckten-kleinen-schwester-von-cano-cristales\/"},"wordCount":3275,"commentCount":0,"publisher":{"@id":"https:\/\/visitmycolombia.com\/de\/#\/schema\/person\/8f1d0d7caec28262b4294a64a39648e9"},"image":{"@id":"https:\/\/visitmycolombia.com\/de\/cano-cristalitos-mirador-trail-wanderung-zur-versteckten-kleinen-schwester-von-cano-cristales\/#primaryimage"},"thumbnailUrl":"https:\/\/visitmycolombia.com\/wp-content\/uploads\/2026\/03\/sentier-cano-cristalitos-mirador-la-macarena-colombie.jpg","keywords":["D\u00f6rfer","Natur","Nature"],"articleSection":["Meta","Orinoqu\u00eda","Regionen"],"inLanguage":"de","potentialAction":[{"@type":"CommentAction","name":"Comment","target":["https:\/\/visitmycolombia.com\/de\/cano-cristalitos-mirador-trail-wanderung-zur-versteckten-kleinen-schwester-von-cano-cristales\/#respond"]}]},{"@type":"WebPage","@id":"https:\/\/visitmycolombia.com\/de\/cano-cristalitos-mirador-trail-wanderung-zur-versteckten-kleinen-schwester-von-cano-cristales\/","url":"https:\/\/visitmycolombia.com\/de\/cano-cristalitos-mirador-trail-wanderung-zur-versteckten-kleinen-schwester-von-cano-cristales\/","name":"[2026] Ca\u00f1o Cristalitos - Mirador Trail: Wanderung zur versteckten kleinen Schwester von Ca\u00f1o Cristales | Meta | Visit my Colombia","isPartOf":{"@id":"https:\/\/visitmycolombia.com\/de\/#website"},"primaryImageOfPage":{"@id":"https:\/\/visitmycolombia.com\/de\/cano-cristalitos-mirador-trail-wanderung-zur-versteckten-kleinen-schwester-von-cano-cristales\/#primaryimage"},"image":{"@id":"https:\/\/visitmycolombia.com\/de\/cano-cristalitos-mirador-trail-wanderung-zur-versteckten-kleinen-schwester-von-cano-cristales\/#primaryimage"},"thumbnailUrl":"https:\/\/visitmycolombia.com\/wp-content\/uploads\/2026\/03\/sentier-cano-cristalitos-mirador-la-macarena-colombie.jpg","datePublished":"2026-08-30T07:00:00+00:00","description":"Bewundere auf dieser Naturwanderung in Ca\u00f1o Cristalito die wilde Landschaft der Sierra de la Macarena zwischen bunten Fl\u00fcssen, Dschungel und Aussichtswarten.","inLanguage":"de","potentialAction":[{"@type":"ReadAction","target":["https:\/\/visitmycolombia.com\/de\/cano-cristalitos-mirador-trail-wanderung-zur-versteckten-kleinen-schwester-von-cano-cristales\/"]}]},{"@type":"ImageObject","inLanguage":"de","@id":"https:\/\/visitmycolombia.com\/de\/cano-cristalitos-mirador-trail-wanderung-zur-versteckten-kleinen-schwester-von-cano-cristales\/#primaryimage","url":"https:\/\/visitmycolombia.com\/wp-content\/uploads\/2026\/03\/sentier-cano-cristalitos-mirador-la-macarena-colombie.jpg","contentUrl":"https:\/\/visitmycolombia.com\/wp-content\/uploads\/2026\/03\/sentier-cano-cristalitos-mirador-la-macarena-colombie.jpg","width":1920,"height":1137,"caption":"Sentier"},{"@type":"WebSite","@id":"https:\/\/visitmycolombia.com\/de\/#website","url":"https:\/\/visitmycolombia.com\/de\/","name":"Visit my Colombia","description":"Blog voyage Colombie : itin\u00e9raires, conseils, culture et plus encore ! | Visit my Colombia","publisher":{"@id":"https:\/\/visitmycolombia.com\/de\/#\/schema\/person\/8f1d0d7caec28262b4294a64a39648e9"},"potentialAction":[{"@type":"SearchAction","target":{"@type":"EntryPoint","urlTemplate":"https:\/\/visitmycolombia.com\/de\/?s={search_term_string}"},"query-input":{"@type":"PropertyValueSpecification","valueRequired":true,"valueName":"search_term_string"}}],"inLanguage":"de"},{"@type":["Person","Organization"],"@id":"https:\/\/visitmycolombia.com\/de\/#\/schema\/person\/8f1d0d7caec28262b4294a64a39648e9","name":"Caro &amp; Romain","image":{"@type":"ImageObject","inLanguage":"de","@id":"https:\/\/visitmycolombia.com\/wp-content\/uploads\/2023\/10\/logo-visit-my-colombia.png","url":"https:\/\/visitmycolombia.com\/wp-content\/uploads\/2023\/10\/logo-visit-my-colombia.png","contentUrl":"https:\/\/visitmycolombia.com\/wp-content\/uploads\/2023\/10\/logo-visit-my-colombia.png","width":1200,"height":313,"caption":"Caro &amp; Romain"},"logo":{"@id":"https:\/\/visitmycolombia.com\/wp-content\/uploads\/2023\/10\/logo-visit-my-colombia.png"},"sameAs":["https:\/\/visitmycolombia.com"],"url":"https:\/\/visitmycolombia.com\/de\/author\/swylean\/"}]}},"_links":{"self":[{"href":"https:\/\/visitmycolombia.com\/de\/wp-json\/wp\/v2\/posts\/69702","targetHints":{"allow":["GET"]}}],"collection":[{"href":"https:\/\/visitmycolombia.com\/de\/wp-json\/wp\/v2\/posts"}],"about":[{"href":"https:\/\/visitmycolombia.com\/de\/wp-json\/wp\/v2\/types\/post"}],"author":[{"embeddable":true,"href":"https:\/\/visitmycolombia.com\/de\/wp-json\/wp\/v2\/users\/1"}],"replies":[{"embeddable":true,"href":"https:\/\/visitmycolombia.com\/de\/wp-json\/wp\/v2\/comments?post=69702"}],"version-history":[{"count":1,"href":"https:\/\/visitmycolombia.com\/de\/wp-json\/wp\/v2\/posts\/69702\/revisions"}],"predecessor-version":[{"id":72239,"href":"https:\/\/visitmycolombia.com\/de\/wp-json\/wp\/v2\/posts\/69702\/revisions\/72239"}],"wp:featuredmedia":[{"embeddable":true,"href":"https:\/\/visitmycolombia.com\/de\/wp-json\/wp\/v2\/media\/69823"}],"wp:attachment":[{"href":"https:\/\/visitmycolombia.com\/de\/wp-json\/wp\/v2\/media?parent=69702"}],"wp:term":[{"taxonomy":"category","embeddable":true,"href":"https:\/\/visitmycolombia.com\/de\/wp-json\/wp\/v2\/categories?post=69702"},{"taxonomy":"post_tag","embeddable":true,"href":"https:\/\/visitmycolombia.com\/de\/wp-json\/wp\/v2\/tags?post=69702"}],"curies":[{"name":"wp","href":"https:\/\/api.w.org\/{rel}","templated":true}]}}