{"id":69704,"date":"2026-08-30T09:00:00","date_gmt":"2026-08-30T07:00:00","guid":{"rendered":"https:\/\/visitmycolombia.com\/?p=69704"},"modified":"2026-03-15T16:34:05","modified_gmt":"2026-03-15T15:34:05","slug":"sendero-cano-cristalitos-mirador-la-hermana-pequena-de-cano-cristales","status":"publish","type":"post","link":"https:\/\/visitmycolombia.com\/es\/sendero-cano-cristalitos-mirador-la-hermana-pequena-de-cano-cristales\/","title":{"rendered":"Sendero Ca\u00f1o Cristalitos &#8211; Mirador: la hermana peque\u00f1a de Ca\u00f1o Cristales"},"content":{"rendered":"\n<div class=\"wp-block-group eplus-wrapper is-layout-constrained wp-block-group-is-layout-constrained\"><hr class=\"is-style-dots wp-block-separator has-text-color has-alpha-channel-opacity has-background eplus-wrapper eplus-styles-uid-a3cde3\" style=\"background-color:#da906b;color:#da906b\">\n\n<h2 class=\" wp-block-heading eplus-wrapper eplus-styles-uid-2511c5\"><strong>En pocas palabras<\/strong><\/h2>\n\n<hr class=\"is-style-dots wp-block-separator has-text-color has-alpha-channel-opacity has-background eplus-wrapper eplus-styles-uid-9a0b83\" style=\"background-color:#da906b;color:#da906b\"><\/div>\n\n\n<div  id=\"jtg-69671\" class=\"modula modula-gallery modula-columns\" data-config=\"{&quot;tabletHeight&quot;:800,&quot;mobileHeight&quot;:800,&quot;desktopHeight&quot;:800,&quot;enableTwitter&quot;:false,&quot;enableWhatsapp&quot;:false,&quot;enableFacebook&quot;:false,&quot;enablePinterest&quot;:false,&quot;enableLinkedin&quot;:false,&quot;enableEmail&quot;:false,&quot;randomFactor&quot;:0,&quot;type&quot;:&quot;grid&quot;,&quot;columns&quot;:12,&quot;gutter&quot;:10,&quot;mobileGutter&quot;:10,&quot;tabletGutter&quot;:10,&quot;desktopGutter&quot;:10,&quot;enableResponsive&quot;:&quot;0&quot;,&quot;tabletColumns&quot;:2,&quot;mobileColumns&quot;:1,&quot;lazyLoad&quot;:0,&quot;lightboxOpts&quot;:{&quot;animated&quot;:true,&quot;Thumbs&quot;:{&quot;type&quot;:&quot;modern&quot;,&quot;showOnStart&quot;:false},&quot;Toolbar&quot;:{&quot;display&quot;:{&quot;right&quot;:[&quot;close&quot;]},&quot;enabled&quot;:true},&quot;Carousel&quot;:{&quot;Panzoom&quot;:{&quot;touch&quot;:true},&quot;infinite&quot;:false},&quot;keyboard&quot;:{&quot;Escape&quot;:&quot;close&quot;,&quot;Delete&quot;:&quot;close&quot;,&quot;Backspace&quot;:&quot;close&quot;,&quot;PageUp&quot;:&quot;next&quot;,&quot;PageDown&quot;:&quot;prev&quot;,&quot;ArrowUp&quot;:&quot;prev&quot;,&quot;ArrowDown&quot;:&quot;next&quot;,&quot;ArrowRight&quot;:&quot;next&quot;,&quot;ArrowLeft&quot;:&quot;prev&quot;},&quot;wheel&quot;:&quot;slide&quot;,&quot;touch&quot;:true,&quot;backdropClick&quot;:&quot;close&quot;,&quot;l10n&quot;:{&quot;CLOSE&quot;:&quot;Cerrar&quot;,&quot;NEXT&quot;:&quot;Siguiente&quot;,&quot;PREV&quot;:&quot;Anterior&quot;,&quot;Error&quot;:&quot;No se ha podido cargar el contenido solicitado. Por favor, int\\u00e9ntalo de nuevo m\\u00e1s tarde.&quot;,&quot;PLAY_START&quot;:&quot;Empezar la presentaci\\u00f3n&quot;,&quot;PLAY_STOP&quot;:&quot;Pausar la presentaci\\u00f3n&quot;,&quot;FULL_SCREEN&quot;:&quot;Pantalla completa&quot;,&quot;THUMBS&quot;:&quot;Miniaturas&quot;,&quot;DOWNLOAD&quot;:&quot;Descargar&quot;,&quot;SHARE&quot;:&quot;Compartir&quot;,&quot;ZOOM&quot;:&quot;Zoom&quot;,&quot;EMAIL&quot;:&quot;Here is the link to the image : %%image_link%% and this is the link to the gallery : %%gallery_link%%&quot;,&quot;MODAL&quot;:&quot;Puedes cerrar este contenido emergente con la tecla ESC&quot;,&quot;ERROR&quot;:&quot;Algo ha ido mal, pro favor, prueba de nuevo m\\u00e1s tarde&quot;,&quot;IMAGE_ERROR&quot;:&quot;Imagen no encontrada&quot;,&quot;ELEMENT_NOT_FOUND&quot;:&quot;No se ha encontrado el elemento HTML&quot;,&quot;AJAX_NOT_FOUND&quot;:&quot;Error al cargar AJAX: No encontrado&quot;,&quot;AJAX_FORBIDDEN&quot;:&quot;Error al cargar AJAX: Prohibido&quot;,&quot;IFRAME_ERROR&quot;:&quot;Error al cargar la p\\u00e1gina&quot;,&quot;TOGGLE_ZOOM&quot;:&quot;Alternar nivel de ampliar\\\/acercar&quot;,&quot;TOGGLE_THUMBS&quot;:&quot;Alternar miniaturas&quot;,&quot;TOGGLE_SLIDESHOW&quot;:&quot;Alternar diapositiva&quot;,&quot;TOGGLE_FULLSCREEN&quot;:&quot;Cambiar al modo de pantalla completa&quot;},&quot;Images&quot;:{&quot;Panzoom&quot;:{&quot;maxScale&quot;:2}},&quot;mainClass&quot;:&quot;modula-fancybox-container modula-lightbox-jtg-69671&quot;,&quot;Html&quot;:{&quot;videoAutoplay&quot;:0,&quot;videoTpl&quot;:&quot;&lt;video class=\\&quot;fancybox__html5video\\&quot; controls muted playsinline controlsList controlsList=\\&quot;nodownload\\&quot; poster=\\&quot;{{poster}}\\&quot; src=\\&quot;{{src}}\\&quot; type=\\&quot;{{format}}\\&quot; &gt;  Sorry, your browser doesn&#039;t support embedded videos, &lt;a href=\\&quot;{{src}}\\&quot;&gt; download &lt;\\\/a&gt; and watch with your favorite video player! &lt;\\\/video&gt;&quot;}},&quot;inView&quot;:false,&quot;email_subject&quot;:&quot;Check out this awesome image !!&quot;,&quot;email_message&quot;:&quot;Here is the link to the image : %%image_link%% and this is the link to the gallery : %%gallery_link%%&quot;,&quot;grid_type&quot;:&quot;automatic&quot;,&quot;rowHeight&quot;:250,&quot;lastRow&quot;:&quot;justify&quot;,&quot;lightbox&quot;:&quot;fancybox&quot;,&quot;lightbox_devices&quot;:&quot;both&quot;}\">\n\n\t\n\t<div  class=\"modula-items grid-gallery\">\n\t\t<div class=\"modula-item effect-pufrobo\" >\n\t<div class=\"modula-item-overlay\"><\/div>\n\n\t<div class=\"modula-item-content\">\n\n\t\t<a data-image-id=\"69513\" role=\"button\" data-elementor-open-lightbox=\"no\" tabindex=\"0\" rel=\"jtg-69671\" data-caption=\"\" aria-label=\"Abrir la imagen en una caja de luz\" class=\"tile-inner modula-item-link\"><\/a><img loading=\"lazy\" decoding=\"async\" class=\"pic wp-image-69513\"  data-valign=\"middle\" data-halign=\"center\" alt=\"Sentier Ca\u00f1o Cristalito - Mirador, Parc National Sierra de la Macarena (Meta), Colombie\" data-full=\"https:\/\/visitmycolombia.com\/wp-content\/uploads\/2026\/03\/cano-cristales-sentier-cano-cristalitos-mirador-la-macarena-colombie-2.jpg\" title=\"cano-cristales-sentier-cano-cristalitos-mirador-la-macarena-colombie-2\" crop=\"\" width=\"1680\" height=\"945\" src=\"https:\/\/visitmycolombia.com\/wp-content\/uploads\/2026\/03\/cano-cristales-sentier-cano-cristalitos-mirador-la-macarena-colombie-2.jpg\" data-src=\"https:\/\/visitmycolombia.com\/wp-content\/uploads\/2026\/03\/cano-cristales-sentier-cano-cristalitos-mirador-la-macarena-colombie-2.jpg\" data-caption=\"\" srcset=\"https:\/\/visitmycolombia.com\/wp-content\/uploads\/2026\/03\/cano-cristales-sentier-cano-cristalitos-mirador-la-macarena-colombie-2.jpg 1680w, https:\/\/visitmycolombia.com\/wp-content\/uploads\/2026\/03\/cano-cristales-sentier-cano-cristalitos-mirador-la-macarena-colombie-2-300x169.jpg 300w, https:\/\/visitmycolombia.com\/wp-content\/uploads\/2026\/03\/cano-cristales-sentier-cano-cristalitos-mirador-la-macarena-colombie-2-1024x576.jpg 1024w, https:\/\/visitmycolombia.com\/wp-content\/uploads\/2026\/03\/cano-cristales-sentier-cano-cristalitos-mirador-la-macarena-colombie-2-150x84.jpg 150w, https:\/\/visitmycolombia.com\/wp-content\/uploads\/2026\/03\/cano-cristales-sentier-cano-cristalitos-mirador-la-macarena-colombie-2-768x432.jpg 768w, https:\/\/visitmycolombia.com\/wp-content\/uploads\/2026\/03\/cano-cristales-sentier-cano-cristalitos-mirador-la-macarena-colombie-2-1536x864.jpg 1536w\" sizes=\"auto, (max-width: 1680px) 100vw, 1680px\" \/>\n\t\t<div class=\"figc no-description\">\n\t\t\t<div class=\"figc-inner\">\n\t\t\t\t\t\t\t\t\t\t\t\t\t\t\t<\/div>\n\t\t<\/div>\n\n\t<\/div>\n\n<\/div><div class=\"modula-item effect-pufrobo\" >\n\t<div class=\"modula-item-overlay\"><\/div>\n\n\t<div class=\"modula-item-content\">\n\n\t\t<a data-image-id=\"69507\" role=\"button\" data-elementor-open-lightbox=\"no\" tabindex=\"0\" rel=\"jtg-69671\" data-caption=\"\" aria-label=\"Abrir la imagen en una caja de luz\" class=\"tile-inner modula-item-link\"><\/a><img loading=\"lazy\" decoding=\"async\" class=\"pic wp-image-69507\"  data-valign=\"middle\" data-halign=\"center\" alt=\"Sentier Ca\u00f1o Cristalito - Mirador, Parc National Sierra de la Macarena (Meta), Colombie\" data-full=\"https:\/\/visitmycolombia.com\/wp-content\/uploads\/2026\/03\/cano-cristales-sentier-cano-cristalitos-mirador-la-macarena-colombie-1.jpg\" title=\"cano-cristales-sentier-cano-cristalitos-mirador-la-macarena-colombie-1\" crop=\"\" width=\"1680\" height=\"945\" src=\"https:\/\/visitmycolombia.com\/wp-content\/uploads\/2026\/03\/cano-cristales-sentier-cano-cristalitos-mirador-la-macarena-colombie-1.jpg\" data-src=\"https:\/\/visitmycolombia.com\/wp-content\/uploads\/2026\/03\/cano-cristales-sentier-cano-cristalitos-mirador-la-macarena-colombie-1.jpg\" data-caption=\"\" srcset=\"https:\/\/visitmycolombia.com\/wp-content\/uploads\/2026\/03\/cano-cristales-sentier-cano-cristalitos-mirador-la-macarena-colombie-1.jpg 1680w, https:\/\/visitmycolombia.com\/wp-content\/uploads\/2026\/03\/cano-cristales-sentier-cano-cristalitos-mirador-la-macarena-colombie-1-300x169.jpg 300w, https:\/\/visitmycolombia.com\/wp-content\/uploads\/2026\/03\/cano-cristales-sentier-cano-cristalitos-mirador-la-macarena-colombie-1-1024x576.jpg 1024w, https:\/\/visitmycolombia.com\/wp-content\/uploads\/2026\/03\/cano-cristales-sentier-cano-cristalitos-mirador-la-macarena-colombie-1-150x84.jpg 150w, https:\/\/visitmycolombia.com\/wp-content\/uploads\/2026\/03\/cano-cristales-sentier-cano-cristalitos-mirador-la-macarena-colombie-1-768x432.jpg 768w, https:\/\/visitmycolombia.com\/wp-content\/uploads\/2026\/03\/cano-cristales-sentier-cano-cristalitos-mirador-la-macarena-colombie-1-1536x864.jpg 1536w\" sizes=\"auto, (max-width: 1680px) 100vw, 1680px\" \/>\n\t\t<div class=\"figc no-description\">\n\t\t\t<div class=\"figc-inner\">\n\t\t\t\t\t\t\t\t\t\t\t\t\t\t\t<\/div>\n\t\t<\/div>\n\n\t<\/div>\n\n<\/div><div class=\"modula-item effect-pufrobo\" >\n\t<div class=\"modula-item-overlay\"><\/div>\n\n\t<div class=\"modula-item-content\">\n\n\t\t<a data-image-id=\"69531\" role=\"button\" data-elementor-open-lightbox=\"no\" tabindex=\"0\" rel=\"jtg-69671\" data-caption=\"\" aria-label=\"Abrir la imagen en una caja de luz\" class=\"tile-inner modula-item-link\"><\/a><img loading=\"lazy\" decoding=\"async\" class=\"pic wp-image-69531\"  data-valign=\"middle\" data-halign=\"center\" alt=\"Sentier Ca\u00f1o Cristalito - Mirador, Parc National Sierra de la Macarena (Meta), Colombie\" data-full=\"https:\/\/visitmycolombia.com\/wp-content\/uploads\/2026\/03\/cano-cristales-sentier-cano-cristalitos-mirador-la-macarena-colombie-5.jpg\" title=\"cano-cristales-sentier-cano-cristalitos-mirador-la-macarena-colombie-5\" crop=\"\" width=\"1149\" height=\"1531\" src=\"https:\/\/visitmycolombia.com\/wp-content\/uploads\/2026\/03\/cano-cristales-sentier-cano-cristalitos-mirador-la-macarena-colombie-5.jpg\" data-src=\"https:\/\/visitmycolombia.com\/wp-content\/uploads\/2026\/03\/cano-cristales-sentier-cano-cristalitos-mirador-la-macarena-colombie-5.jpg\" data-caption=\"\" srcset=\"https:\/\/visitmycolombia.com\/wp-content\/uploads\/2026\/03\/cano-cristales-sentier-cano-cristalitos-mirador-la-macarena-colombie-5.jpg 1149w, https:\/\/visitmycolombia.com\/wp-content\/uploads\/2026\/03\/cano-cristales-sentier-cano-cristalitos-mirador-la-macarena-colombie-5-225x300.jpg 225w, https:\/\/visitmycolombia.com\/wp-content\/uploads\/2026\/03\/cano-cristales-sentier-cano-cristalitos-mirador-la-macarena-colombie-5-769x1024.jpg 769w, https:\/\/visitmycolombia.com\/wp-content\/uploads\/2026\/03\/cano-cristales-sentier-cano-cristalitos-mirador-la-macarena-colombie-5-113x150.jpg 113w, https:\/\/visitmycolombia.com\/wp-content\/uploads\/2026\/03\/cano-cristales-sentier-cano-cristalitos-mirador-la-macarena-colombie-5-768x1023.jpg 768w\" sizes=\"auto, (max-width: 1149px) 100vw, 1149px\" \/>\n\t\t<div class=\"figc no-description\">\n\t\t\t<div class=\"figc-inner\">\n\t\t\t\t\t\t\t\t\t\t\t\t\t\t\t<\/div>\n\t\t<\/div>\n\n\t<\/div>\n\n<\/div><div class=\"modula-item effect-pufrobo\" >\n\t<div class=\"modula-item-overlay\"><\/div>\n\n\t<div class=\"modula-item-content\">\n\n\t\t<a data-image-id=\"69525\" role=\"button\" data-elementor-open-lightbox=\"no\" tabindex=\"0\" rel=\"jtg-69671\" data-caption=\"\" aria-label=\"Abrir la imagen en una caja de luz\" class=\"tile-inner modula-item-link\"><\/a><img loading=\"lazy\" decoding=\"async\" class=\"pic wp-image-69525\"  data-valign=\"middle\" data-halign=\"center\" alt=\"Macarenia Clavigera, Parc National Sierra de la Macarena, Colombie\" data-full=\"https:\/\/visitmycolombia.com\/wp-content\/uploads\/2026\/03\/cano-cristales-sentier-cano-cristalitos-mirador-la-macarena-colombie-4.jpg\" title=\"cano-cristales-sentier-cano-cristalitos-mirador-la-macarena-colombie-4\" crop=\"\" width=\"1149\" height=\"1531\" src=\"https:\/\/visitmycolombia.com\/wp-content\/uploads\/2026\/03\/cano-cristales-sentier-cano-cristalitos-mirador-la-macarena-colombie-4.jpg\" data-src=\"https:\/\/visitmycolombia.com\/wp-content\/uploads\/2026\/03\/cano-cristales-sentier-cano-cristalitos-mirador-la-macarena-colombie-4.jpg\" data-caption=\"\" srcset=\"https:\/\/visitmycolombia.com\/wp-content\/uploads\/2026\/03\/cano-cristales-sentier-cano-cristalitos-mirador-la-macarena-colombie-4.jpg 1149w, https:\/\/visitmycolombia.com\/wp-content\/uploads\/2026\/03\/cano-cristales-sentier-cano-cristalitos-mirador-la-macarena-colombie-4-225x300.jpg 225w, https:\/\/visitmycolombia.com\/wp-content\/uploads\/2026\/03\/cano-cristales-sentier-cano-cristalitos-mirador-la-macarena-colombie-4-769x1024.jpg 769w, https:\/\/visitmycolombia.com\/wp-content\/uploads\/2026\/03\/cano-cristales-sentier-cano-cristalitos-mirador-la-macarena-colombie-4-113x150.jpg 113w, https:\/\/visitmycolombia.com\/wp-content\/uploads\/2026\/03\/cano-cristales-sentier-cano-cristalitos-mirador-la-macarena-colombie-4-768x1023.jpg 768w\" sizes=\"auto, (max-width: 1149px) 100vw, 1149px\" \/>\n\t\t<div class=\"figc no-description\">\n\t\t\t<div class=\"figc-inner\">\n\t\t\t\t\t\t\t\t\t\t\t\t\t\t\t<\/div>\n\t\t<\/div>\n\n\t<\/div>\n\n<\/div><div class=\"modula-item effect-pufrobo\" >\n\t<div class=\"modula-item-overlay\"><\/div>\n\n\t<div class=\"modula-item-content\">\n\n\t\t<a data-image-id=\"69519\" role=\"button\" data-elementor-open-lightbox=\"no\" tabindex=\"0\" rel=\"jtg-69671\" data-caption=\"\" aria-label=\"Abrir la imagen en una caja de luz\" class=\"tile-inner modula-item-link\"><\/a><img loading=\"lazy\" decoding=\"async\" class=\"pic wp-image-69519\"  data-valign=\"middle\" data-halign=\"center\" alt=\"Sentier Ca\u00f1o Cristalito - Mirador, Parc National Sierra de la Macarena (Meta), Colombie\" data-full=\"https:\/\/visitmycolombia.com\/wp-content\/uploads\/2026\/03\/cano-cristales-sentier-cano-cristalitos-mirador-la-macarena-colombie-3.jpg\" title=\"cano-cristales-sentier-cano-cristalitos-mirador-la-macarena-colombie-3\" crop=\"\" width=\"1149\" height=\"1531\" src=\"https:\/\/visitmycolombia.com\/wp-content\/uploads\/2026\/03\/cano-cristales-sentier-cano-cristalitos-mirador-la-macarena-colombie-3.jpg\" data-src=\"https:\/\/visitmycolombia.com\/wp-content\/uploads\/2026\/03\/cano-cristales-sentier-cano-cristalitos-mirador-la-macarena-colombie-3.jpg\" data-caption=\"\" srcset=\"https:\/\/visitmycolombia.com\/wp-content\/uploads\/2026\/03\/cano-cristales-sentier-cano-cristalitos-mirador-la-macarena-colombie-3.jpg 1149w, https:\/\/visitmycolombia.com\/wp-content\/uploads\/2026\/03\/cano-cristales-sentier-cano-cristalitos-mirador-la-macarena-colombie-3-225x300.jpg 225w, https:\/\/visitmycolombia.com\/wp-content\/uploads\/2026\/03\/cano-cristales-sentier-cano-cristalitos-mirador-la-macarena-colombie-3-769x1024.jpg 769w, https:\/\/visitmycolombia.com\/wp-content\/uploads\/2026\/03\/cano-cristales-sentier-cano-cristalitos-mirador-la-macarena-colombie-3-113x150.jpg 113w, https:\/\/visitmycolombia.com\/wp-content\/uploads\/2026\/03\/cano-cristales-sentier-cano-cristalitos-mirador-la-macarena-colombie-3-768x1023.jpg 768w\" sizes=\"auto, (max-width: 1149px) 100vw, 1149px\" \/>\n\t\t<div class=\"figc no-description\">\n\t\t\t<div class=\"figc-inner\">\n\t\t\t\t\t\t\t\t\t\t\t\t\t\t\t<\/div>\n\t\t<\/div>\n\n\t<\/div>\n\n<\/div>\t\t\n\t<\/div>\n\n\t\n\t\n\t<script type=\"application\/ld+json\">\n\t{\n\t\t\"@context\": \"https:\/\/schema.org\",\n\t\t\"@type\"   : \"ImageGallery\",\n\t\t\"id\"      : \"https:\/\/visitmycolombia.com\/es\/sendero-cano-cristalitos-mirador-la-hermana-pequena-de-cano-cristales\/#modula-gallery-69671\",\n\t\t\"url\"     : \"https:\/\/visitmycolombia.com\/es\/sendero-cano-cristalitos-mirador-la-hermana-pequena-de-cano-cristales\/\"\n\t}\n\n\t<\/script>\n\n\t\n<\/div>\n\n\n\n<div style=\"height:3em\" aria-hidden=\"true\" class=\" wp-block-spacer eplus-wrapper\"><\/div>\n\n\n\n<p class=\"eplus-wrapper wp-block-paragraph\">En el coraz\u00f3n de <strong>Colombia<\/strong>, en el departamento del <strong>Meta<\/strong>, la <strong>Sierra de la Macarena<\/strong> alberga algunos de los paisajes naturales m\u00e1s espectaculares de Sudam\u00e9rica. Aqu\u00ed desemboca el famoso <strong>Ca\u00f1o Cristales<\/strong>, a menudo apodado <strong>\u00abel r\u00edo m\u00e1s hermoso del mundo\u00bb.<\/strong> Cada a\u00f1o, sus aguas adquieren <strong>colores asombrosos <strong>-rojos, verdes, amarillos, azules y negros-<\/strong><\/strong> gracias a una <strong>planta acu\u00e1tica \u00fanica<\/strong>, la <em>Macarenia Clavigera<\/em>, que transforma el r\u00edo en un aut\u00e9ntico <strong>arco iris natural<\/strong>.<\/p>\n\n\n\n<p class=\"eplus-wrapper wp-block-paragraph\">Pero m\u00e1s all\u00e1 de este lugar emblem\u00e1tico, la regi\u00f3n esconde otros <strong>tesoros m\u00e1s discretos<\/strong>, a veces <strong>menos frecuentados<\/strong>&#8230; e igual de fascinantes. Entre ellos, <strong>el sendero Ca\u00f1o Cristalitos &#8211; Mirador<\/strong> ofrece una <strong>inmersiva caminata<\/strong> por los <strong>salvajes paisajes de La Macarena<\/strong>. El sendero atraviesa <strong>una densa vegetaci\u00f3n tropical<\/strong>, bordea antiguas <strong>formaciones rocosas<\/strong> y conduce a un <strong>mirador natural<\/strong> que ofrece <strong>espectaculares vistas del R\u00edo Guayabero<\/strong> y de las <strong>vastas llanuras de los Llanos Orientales<\/strong>.<\/p>\n\n\n\n<p class=\"eplus-wrapper wp-block-paragraph\">Al final del sendero, le espera la recompensa: <strong>Ca\u00f1o Cristalitos<\/strong>, un <strong>peque\u00f1o arroyo de aguas cristalinas<\/strong> a menudo considerado la <strong>hermana peque\u00f1a de Ca\u00f1o Cristales<\/strong>. Aqu\u00ed, las <strong>rocas esculpidas<\/strong>, las <strong>piscinas naturales<\/strong> y <strong>las salpicaduras de color<\/strong> creadas por la vegetaci\u00f3n acu\u00e1tica ofrecen una <strong>visi\u00f3n del famoso r\u00edo arco iris<\/strong> en un <strong>entorno m\u00e1s \u00edntimo y salvaje<\/strong>.<\/p>\n\n\n\n<p class=\"eplus-wrapper wp-block-paragraph\">En este art\u00edculo, te llevamos <strong>de excursi\u00f3n para abrirte el apetito antes de explorar el sendero de Ca\u00f1o Cristales<\/strong>.<\/p>\n\n\n<div class=\"wp-block-columns eplus-wrapper is-layout-flex wp-container-core-columns-is-layout-7387b849 wp-block-columns-is-layout-flex eplus-styles-uid-41a1c0\"><div class=\"wp-block-column eplus-wrapper is-layout-flow wp-block-column-is-layout-flow eplus-styles-uid-5e7490\" style=\"flex-basis:33.33%\">\n<p class=\"eplus-wrapper wp-block-paragraph\"><strong>Sendero Ca\u00f1o Cristalitos &#8211; Mirador<\/strong><\/p>\n\n\n<ul class=\" wp-block-list eplus-wrapper eplus-styles-uid-c3468a\">\n<li class=\" eplus-wrapper\">Provincia: Meta (Llanos)<\/li>\n\n\n\n<li class=\" eplus-wrapper\">Espacio natural: Parque Nacional de la Sierra de la Macarena<\/li>\n\n\n\n<li class=\" eplus-wrapper\">Distancia: 5 km<\/li>\n\n\n\n<li class=\" eplus-wrapper\">Diferencia de altitud: 120 m<\/li>\n\n\n\n<li class=\" eplus-wrapper\">Dificultad: moderada<\/li>\n\n\n\n<li class=\" eplus-wrapper\">Duraci\u00f3n: 4 horas<\/li>\n\n\n\n<li class=\" eplus-wrapper\">Acceso: desde La Macarena<\/li>\n<\/ul><\/div>\n\n<div class=\"wp-block-column eplus-wrapper is-layout-flow wp-block-column-is-layout-flow eplus-styles-uid-5e7490\" style=\"flex-basis:66.66%\">\n<p class=\"eplus-wrapper wp-block-paragraph\"><strong>Nuestro veredicto: La caminata que hay que hacer primero en un viaje a La Macarena \u2605\u2605\u2605.<\/strong><\/p>\n\n\n\n<p class=\"eplus-wrapper wp-block-paragraph\">En nuestra opini\u00f3n, este sendero es la forma perfecta de comenzar una estancia en la regi\u00f3n. En primer lugar, porque es uno de los paseos m\u00e1s cortos, y se puede hacer f\u00e1cilmente el mismo d\u00eda de la llegada a La Macarena, ideal para aprovechar la ma\u00f1ana sin perder tiempo. A continuaci\u00f3n, ofrece un anticipo de las maravillas del Parque Nacional de la Sierra de la Macarena, proporcionando una acumulaci\u00f3n gradual a las caminatas obligadas como el sendero de Los Pianos. Esta ruta combina las mejores vistas de la Sierra de la Macarena con un r\u00edo de colores asombrosos, \u00a1todo en un solo paseo! Una verdadera ventaja, sobre todo en una regi\u00f3n donde las torres de vigilancia son escasas. Pero ojo, el tiempo puede jugar malas pasadas: a nosotros la lluvia nos tap\u00f3 por completo la vista desde el mirador. Pero \u00e9se es s\u00f3lo uno de los peligros del senderismo al aire libre.<\/p>\n<\/div><\/div>\n\n\n<div style=\"height:1em\" aria-hidden=\"true\" class=\" wp-block-spacer eplus-wrapper\"><\/div>\n\n\n<div class=\"wp-block-columns eplus-wrapper is-layout-flex wp-container-core-columns-is-layout-7387b849 wp-block-columns-is-layout-flex eplus-styles-uid-cc56e5\"><div class=\"wp-block-column eplus-wrapper is-layout-flow wp-block-column-is-layout-flow eplus-styles-uid-5e7490\">\n<p class=\"eplus-wrapper wp-block-paragraph\"><strong>N\u00famero de turistas en el sendero Ca\u00f1o Cristalitos &#8211; Mirador: <\/strong>cada a\u00f1o, la regi\u00f3n de La Macarena atrae a viajeros de todo el mundo, principalmente para admirar Ca\u00f1o Cristales, considerado uno de los r\u00edos m\u00e1s espectaculares del planeta. El recinto principal del parque ha recibido miles de visitantes en las \u00faltimas temporadas, lo que refleja el creciente inter\u00e9s por el turismo de naturaleza en esta zona de la Sierra de la Macarena. Aunque la mayor\u00eda de los visitantes acuden al propio Ca\u00f1o Cristales, los senderos secundarios como el Mirador &#8211; Ca\u00f1o Cristalitos se benefician de esta afluencia al tiempo que permanecen mucho menos concurridos que el famoso sendero de Los Pianos, ofreciendo una experiencia m\u00e1s tranquila y envolvente.<\/p>\n\n\n\n<p class=\"eplus-wrapper wp-block-paragraph\"><strong>Clima de la regi\u00f3n (Meta): <\/strong>el clima aqu\u00ed es t\u00edpicamente tropical, con temperaturas agradables durante todo el a\u00f1o, que oscilan generalmente entre 22 y 32\u00b0C. La regi\u00f3n tiene dos estaciones principales: la lluviosa, de abril a noviembre, y la seca, de diciembre a marzo. Es durante la \u00e9poca de lluvias cuando r\u00edos como Ca\u00f1o Cristalito y Ca\u00f1o Cristales adquieren sus colores m\u00e1s intensos, gracias al crecimiento de la planta acu\u00e1tica Macarenia clavigera. Incluso en \u00e9poca de lluvias, los chubascos suelen ser intensos pero breves y localizados, lo que deja grandes periodos de sol para disfrutar de las actividades al aire libre. Para que la excursi\u00f3n sea un \u00e9xito, lleve ropa ligera y transpirable, un buen repelente de mosquitos y un k-way o poncho impermeable para hacer frente a los chaparrones repentinos.<\/p>\n<\/div><\/div>\n\n\n<div style=\"height:3em\" aria-hidden=\"true\" class=\" wp-block-spacer eplus-wrapper\"><\/div>\n\n\n<div class=\"wp-block-columns eplus-wrapper is-layout-flex wp-container-core-columns-is-layout-7387b849 wp-block-columns-is-layout-flex eplus-styles-uid-b2fea6\">\n<div class=\"wp-block-column eplus-wrapper is-layout-flow wp-block-column-is-layout-flow\"><iframe loading=\"lazy\" src=\"https:\/\/www.google.com\/maps\/d\/u\/2\/embed?mid=1MuL8A_oQx4coi4x8FatkGV4NzvMxR_I&amp;ehbc=2E312F&amp;noprof=1\" width=\"640\" height=\"480\" class=\" eplus-styles-uid-dfcfe5\"><\/iframe><\/div>\n<\/div>\n\n<hr class=\"is-style-dots wp-block-separator has-text-color has-alpha-channel-opacity has-background eplus-wrapper eplus-styles-uid-a3cde3\" style=\"background-color:#da906b;color:#da906b\">\n\n<h2 class=\" wp-block-heading eplus-wrapper eplus-styles-uid-2511c5\"><strong><strong>Nuestra experiencia<\/strong><\/strong><\/h2>\n\n<hr class=\"is-style-dots wp-block-separator has-text-color has-alpha-channel-opacity has-background eplus-wrapper eplus-styles-uid-9a0b83\" style=\"background-color:#da906b;color:#da906b\">\n\n\n<p class=\"eplus-wrapper wp-block-paragraph\">Es un <strong>domingo de mediados de septiembre<\/strong>. Tras unos d\u00edas en <strong>Bogot\u00e1<\/strong>, esperamos el famoso d\u00eda para coger nuestro vuelo de Satena a <strong>La Macarena<\/strong>. Primer paso importante: decirle a nuestro taxi o Uber que nos deje <strong>en la terminal de vuelos nacionales<\/strong> -Satena o ClicAir, seg\u00fan tu billete- para evitar confusiones. Esta terminal es peque\u00f1a, casi vac\u00eda en comparaci\u00f3n con la principal, pero cada detalle cuenta. Los vuelos suelen salir por la ma\u00f1ana, en d\u00edas alternos en temporada alta, de junio a noviembre.<\/p>\n\n\n\n<p class=\"eplus-wrapper wp-block-paragraph\">Despu\u00e9s de todas las formalidades, nos instalamos en nuestro avi\u00f3n de h\u00e9lice.  <strong>\u00a1Vrrr!<\/strong>  Los motores se aceleran y despegan. En aproximadamente una hora, <strong>las monta\u00f1as de los Andes dan paso a los extensos Llanos<\/strong>, salpicados de r\u00edos y bosques, con muy pocas huellas humanas. El avi\u00f3n comienza a descender y, finalmente, aterrizamos en la pista del <strong>peque\u00f1o aeropuerto de La Macarena<\/strong>, con algo de retraso sobre el horario previsto.<\/p>\n\n\n\n<p class=\"eplus-wrapper wp-block-paragraph\">En cuanto salimos, nos golpe\u00f3 el calor, en claro contraste con el clima fresco de Bogot\u00e1. Tras recoger las maletas, nos reunimos con <strong>Javier<\/strong>, nuestro gu\u00eda para todo el viaje. Pero no hay tiempo que perder: dir\u00edjase a la <strong>oficina de Cormacarena<\/strong>, a tres minutos en tuktuk, para una sesi\u00f3n obligatoria con los representantes de Parques Nacionales. Nos presentan la zona, nos conciencian sobre la belleza y la fragilidad del ecosistema y nos explican las normas que hay que seguir, como la prohibici\u00f3n del pl\u00e1stico, incluidas las botellas de agua. Dependiendo de la ruta que elija, recibir\u00e1 <strong>pulseras de colores<\/strong> durante toda su estancia.<\/p>\n\n\n\n<p class=\"eplus-wrapper wp-block-paragraph\">Despu\u00e9s regresamos a nuestro <strong>hotel<\/strong>, nos registramos r\u00e1pidamente y nos dirigimos a <strong>almorzar<\/strong> cerca del parque principal: un <strong>fiambre<\/strong>, una mezcla de arroz, carne, patatas, pl\u00e1tano y verduras, acompa\u00f1ado de un pl\u00e1tano cocido en su hoja. Formamos un grupo de cuatro viajeros, listos para comenzar nuestra aventura.<\/p>\n\n\n\n<p class=\"eplus-wrapper wp-block-paragraph\">Dir\u00edjase al <strong>muelle fluvial<\/strong> para embarcar y navegue durante unos veinte minutos por el <strong>R\u00edo Guayabero<\/strong> hasta el Parque Nacional de la Sierra de la Macarena. El viaje ya es m\u00e1gico: podemos ver p\u00e1jaros y monos a lo lejos. En medio de la nada, desembarcamos en un pont\u00f3n bajo un sol radiante y comenzamos nuestra caminata. Pronto llegamos a una <strong>finca dedicada a la conservaci\u00f3n de tortugas<\/strong>: un estanque alberga cientos de peque\u00f1as tortugas, listas para ser liberadas cuando sean adultas.<\/p>\n\n\n\n<p class=\"eplus-wrapper wp-block-paragraph\">Pero ahora <strong>empieza<\/strong> la <strong>verdadera caminata<\/strong>. Salimos de la finca y caminamos entre palmeras y otros \u00e1rboles diversos, comenzando la mayor subida del viaje, de unos 150 a 200 metros de desnivel. Javier se detiene a hablarnos del parque, las plantas y la regi\u00f3n. A medida que avanz\u00e1bamos, la vegetaci\u00f3n se raleaba, los \u00e1rboles daban paso a arbustos y nos encontr\u00e1bamos a <strong>merced del sol<\/strong>, sin sombra.<\/p>\n\n\n\n<p class=\"eplus-wrapper wp-block-paragraph\">Pronto llegamos a <strong>Ca\u00f1o Cristalitos<\/strong>, \u00a1por fin! Admiramos la <strong>Macarenia Clavigera<\/strong>, una planta acu\u00e1tica que colorea el lecho del r\u00edo. Despu\u00e9s de tantos a\u00f1os so\u00f1ando con este momento, estamos fascinados: la naturaleza ha creado estas maravillas s\u00f3lo aqu\u00ed, y Ca\u00f1o Cristalitos, una versi\u00f3n en miniatura de Ca\u00f1o Cristales, es perfecto para un anticipo antes del gran r\u00edo. Cerca, una <strong>piscina natural<\/strong> invita a refrescarse, cosa que algunos hacemos.<\/p>\n\n\n\n<p class=\"eplus-wrapper wp-block-paragraph\">Pero el tiempo cambia r\u00e1pidamente y las nubes se acumulan. Tras un descanso de 30 minutos, partimos de nuevo hacia <strong>el mirador<\/strong>, que se supone ofrece una vista espectacular del R\u00edo Guayabero y las llanuras circundantes al ponerse el sol. Empiezan a caer algunas gotas y luego nos sorprende un <strong>verdadero chaparr\u00f3n<\/strong>. Ponchos puestos, mochilas empapadas, seguimos adelante con valent\u00eda. Llegando al mirador&#8230; <strong>la vista est\u00e1 bloqueada por la lluvia<\/strong>. \u00a1Decepcionante! No nos entretuvimos y comenzamos el descenso, atentos a las rocas y piedras resbaladizas, y a la oscuridad que ca\u00eda r\u00e1pidamente, ya que por la noche la zona estaba plagada de peligrosas serpientes.<\/p>\n\n\n\n<p class=\"eplus-wrapper wp-block-paragraph\">Al oscurecer, terminamos el paseo a <strong>la luz de nuestros m\u00f3viles<\/strong>, hasta el barco, donde por fin amain\u00f3 la lluvia. De vuelta a La Macarena, llegamos a nuestro hotel sobre las 18.30-7.00 horas. Tras una <strong>primera cena local<\/strong> para animarnos despu\u00e9s de un primer d\u00eda impresionante.<\/p>\n\n\n<div  id=\"jtg-69827\" class=\"modula modula-gallery modula-columns\" data-config=\"{&quot;tabletHeight&quot;:800,&quot;mobileHeight&quot;:800,&quot;desktopHeight&quot;:800,&quot;enableTwitter&quot;:false,&quot;enableWhatsapp&quot;:false,&quot;enableFacebook&quot;:false,&quot;enablePinterest&quot;:false,&quot;enableLinkedin&quot;:false,&quot;enableEmail&quot;:false,&quot;randomFactor&quot;:0,&quot;type&quot;:&quot;grid&quot;,&quot;columns&quot;:12,&quot;gutter&quot;:10,&quot;mobileGutter&quot;:10,&quot;tabletGutter&quot;:10,&quot;desktopGutter&quot;:10,&quot;enableResponsive&quot;:&quot;0&quot;,&quot;tabletColumns&quot;:2,&quot;mobileColumns&quot;:1,&quot;lazyLoad&quot;:0,&quot;lightboxOpts&quot;:{&quot;animated&quot;:true,&quot;Thumbs&quot;:{&quot;type&quot;:&quot;modern&quot;,&quot;showOnStart&quot;:false},&quot;Toolbar&quot;:{&quot;display&quot;:{&quot;right&quot;:[&quot;close&quot;]},&quot;enabled&quot;:true},&quot;Carousel&quot;:{&quot;Panzoom&quot;:{&quot;touch&quot;:true},&quot;infinite&quot;:false},&quot;keyboard&quot;:{&quot;Escape&quot;:&quot;close&quot;,&quot;Delete&quot;:&quot;close&quot;,&quot;Backspace&quot;:&quot;close&quot;,&quot;PageUp&quot;:&quot;next&quot;,&quot;PageDown&quot;:&quot;prev&quot;,&quot;ArrowUp&quot;:&quot;prev&quot;,&quot;ArrowDown&quot;:&quot;next&quot;,&quot;ArrowRight&quot;:&quot;next&quot;,&quot;ArrowLeft&quot;:&quot;prev&quot;},&quot;wheel&quot;:&quot;slide&quot;,&quot;touch&quot;:true,&quot;backdropClick&quot;:&quot;close&quot;,&quot;l10n&quot;:{&quot;CLOSE&quot;:&quot;Cerrar&quot;,&quot;NEXT&quot;:&quot;Siguiente&quot;,&quot;PREV&quot;:&quot;Anterior&quot;,&quot;Error&quot;:&quot;No se ha podido cargar el contenido solicitado. Por favor, int\\u00e9ntalo de nuevo m\\u00e1s tarde.&quot;,&quot;PLAY_START&quot;:&quot;Empezar la presentaci\\u00f3n&quot;,&quot;PLAY_STOP&quot;:&quot;Pausar la presentaci\\u00f3n&quot;,&quot;FULL_SCREEN&quot;:&quot;Pantalla completa&quot;,&quot;THUMBS&quot;:&quot;Miniaturas&quot;,&quot;DOWNLOAD&quot;:&quot;Descargar&quot;,&quot;SHARE&quot;:&quot;Compartir&quot;,&quot;ZOOM&quot;:&quot;Zoom&quot;,&quot;EMAIL&quot;:&quot;Here is the link to the image : %%image_link%% and this is the link to the gallery : %%gallery_link%%&quot;,&quot;MODAL&quot;:&quot;Puedes cerrar este contenido emergente con la tecla ESC&quot;,&quot;ERROR&quot;:&quot;Algo ha ido mal, pro favor, prueba de nuevo m\\u00e1s tarde&quot;,&quot;IMAGE_ERROR&quot;:&quot;Imagen no encontrada&quot;,&quot;ELEMENT_NOT_FOUND&quot;:&quot;No se ha encontrado el elemento HTML&quot;,&quot;AJAX_NOT_FOUND&quot;:&quot;Error al cargar AJAX: No encontrado&quot;,&quot;AJAX_FORBIDDEN&quot;:&quot;Error al cargar AJAX: Prohibido&quot;,&quot;IFRAME_ERROR&quot;:&quot;Error al cargar la p\\u00e1gina&quot;,&quot;TOGGLE_ZOOM&quot;:&quot;Alternar nivel de ampliar\\\/acercar&quot;,&quot;TOGGLE_THUMBS&quot;:&quot;Alternar miniaturas&quot;,&quot;TOGGLE_SLIDESHOW&quot;:&quot;Alternar diapositiva&quot;,&quot;TOGGLE_FULLSCREEN&quot;:&quot;Cambiar al modo de pantalla completa&quot;},&quot;Images&quot;:{&quot;Panzoom&quot;:{&quot;maxScale&quot;:2}},&quot;mainClass&quot;:&quot;modula-fancybox-container modula-lightbox-jtg-69827&quot;,&quot;Html&quot;:{&quot;videoAutoplay&quot;:0,&quot;videoTpl&quot;:&quot;&lt;video class=\\&quot;fancybox__html5video\\&quot; controls muted playsinline controlsList controlsList=\\&quot;nodownload\\&quot; poster=\\&quot;{{poster}}\\&quot; src=\\&quot;{{src}}\\&quot; type=\\&quot;{{format}}\\&quot; &gt;  Sorry, your browser doesn&#039;t support embedded videos, &lt;a href=\\&quot;{{src}}\\&quot;&gt; download &lt;\\\/a&gt; and watch with your favorite video player! &lt;\\\/video&gt;&quot;}},&quot;inView&quot;:false,&quot;email_subject&quot;:&quot;Check out this awesome image !!&quot;,&quot;email_message&quot;:&quot;Here is the link to the image : %%image_link%% and this is the link to the gallery : %%gallery_link%%&quot;,&quot;grid_type&quot;:&quot;automatic&quot;,&quot;rowHeight&quot;:250,&quot;lastRow&quot;:&quot;justify&quot;,&quot;lightbox&quot;:&quot;fancybox&quot;,&quot;lightbox_devices&quot;:&quot;both&quot;}\">\n\n\t\n\t<div  class=\"modula-items grid-gallery\">\n\t\t<div class=\"modula-item effect-pufrobo\" >\n\t<div class=\"modula-item-overlay\"><\/div>\n\n\t<div class=\"modula-item-content\">\n\n\t\t<a data-image-id=\"69725\" role=\"button\" data-elementor-open-lightbox=\"no\" tabindex=\"0\" rel=\"jtg-69827\" data-caption=\"\" aria-label=\"Abrir la imagen en una caja de luz\" class=\"tile-inner modula-item-link\"><\/a><img loading=\"lazy\" decoding=\"async\" class=\"pic wp-image-69725\"  data-valign=\"middle\" data-halign=\"center\" alt=\"Sentier Ca\u00f1o Cristalitos \u2013 Mirador, Parc National Sierra de la Macarena, Colombie\" data-full=\"https:\/\/visitmycolombia.com\/wp-content\/uploads\/2026\/03\/sentier-cano-cristalitos-mirador-la-macarena-colombie-1.jpg\" title=\"sentier-cano-cristalitos-mirador-la-macarena-colombie-1\" crop=\"\" width=\"1680\" height=\"945\" src=\"https:\/\/visitmycolombia.com\/wp-content\/uploads\/2026\/03\/sentier-cano-cristalitos-mirador-la-macarena-colombie-1.jpg\" data-src=\"https:\/\/visitmycolombia.com\/wp-content\/uploads\/2026\/03\/sentier-cano-cristalitos-mirador-la-macarena-colombie-1.jpg\" data-caption=\"\" srcset=\"https:\/\/visitmycolombia.com\/wp-content\/uploads\/2026\/03\/sentier-cano-cristalitos-mirador-la-macarena-colombie-1.jpg 1680w, https:\/\/visitmycolombia.com\/wp-content\/uploads\/2026\/03\/sentier-cano-cristalitos-mirador-la-macarena-colombie-1-300x169.jpg 300w, https:\/\/visitmycolombia.com\/wp-content\/uploads\/2026\/03\/sentier-cano-cristalitos-mirador-la-macarena-colombie-1-1024x576.jpg 1024w, https:\/\/visitmycolombia.com\/wp-content\/uploads\/2026\/03\/sentier-cano-cristalitos-mirador-la-macarena-colombie-1-150x84.jpg 150w, https:\/\/visitmycolombia.com\/wp-content\/uploads\/2026\/03\/sentier-cano-cristalitos-mirador-la-macarena-colombie-1-768x432.jpg 768w, https:\/\/visitmycolombia.com\/wp-content\/uploads\/2026\/03\/sentier-cano-cristalitos-mirador-la-macarena-colombie-1-1536x864.jpg 1536w\" sizes=\"auto, (max-width: 1680px) 100vw, 1680px\" \/>\n\t\t<div class=\"figc no-description\">\n\t\t\t<div class=\"figc-inner\">\n\t\t\t\t\t\t\t\t\t\t\t\t\t\t\t<\/div>\n\t\t<\/div>\n\n\t<\/div>\n\n<\/div><div class=\"modula-item effect-pufrobo\" >\n\t<div class=\"modula-item-overlay\"><\/div>\n\n\t<div class=\"modula-item-content\">\n\n\t\t<a data-image-id=\"69815\" role=\"button\" data-elementor-open-lightbox=\"no\" tabindex=\"0\" rel=\"jtg-69827\" data-caption=\"\" aria-label=\"Abrir la imagen en una caja de luz\" class=\"tile-inner modula-item-link\"><\/a><img loading=\"lazy\" decoding=\"async\" class=\"pic wp-image-69815\"  data-valign=\"middle\" data-halign=\"center\" alt=\"Sentier Ca\u00f1o Cristalitos \u2013 Mirador, Parc National Sierra de la Macarena, Colombie\" data-full=\"https:\/\/visitmycolombia.com\/wp-content\/uploads\/2026\/03\/sentier-cano-cristalitos-mirador-la-macarena-colombie-16.jpg\" title=\"sentier-cano-cristalitos-mirador-la-macarena-colombie-16\" crop=\"\" width=\"1149\" height=\"1531\" src=\"https:\/\/visitmycolombia.com\/wp-content\/uploads\/2026\/03\/sentier-cano-cristalitos-mirador-la-macarena-colombie-16.jpg\" data-src=\"https:\/\/visitmycolombia.com\/wp-content\/uploads\/2026\/03\/sentier-cano-cristalitos-mirador-la-macarena-colombie-16.jpg\" data-caption=\"\" srcset=\"https:\/\/visitmycolombia.com\/wp-content\/uploads\/2026\/03\/sentier-cano-cristalitos-mirador-la-macarena-colombie-16.jpg 1149w, https:\/\/visitmycolombia.com\/wp-content\/uploads\/2026\/03\/sentier-cano-cristalitos-mirador-la-macarena-colombie-16-225x300.jpg 225w, https:\/\/visitmycolombia.com\/wp-content\/uploads\/2026\/03\/sentier-cano-cristalitos-mirador-la-macarena-colombie-16-769x1024.jpg 769w, https:\/\/visitmycolombia.com\/wp-content\/uploads\/2026\/03\/sentier-cano-cristalitos-mirador-la-macarena-colombie-16-113x150.jpg 113w, https:\/\/visitmycolombia.com\/wp-content\/uploads\/2026\/03\/sentier-cano-cristalitos-mirador-la-macarena-colombie-16-768x1023.jpg 768w\" sizes=\"auto, (max-width: 1149px) 100vw, 1149px\" \/>\n\t\t<div class=\"figc no-description\">\n\t\t\t<div class=\"figc-inner\">\n\t\t\t\t\t\t\t\t\t\t\t\t\t\t\t<\/div>\n\t\t<\/div>\n\n\t<\/div>\n\n<\/div><div class=\"modula-item effect-pufrobo\" >\n\t<div class=\"modula-item-overlay\"><\/div>\n\n\t<div class=\"modula-item-content\">\n\n\t\t<a data-image-id=\"69803\" role=\"button\" data-elementor-open-lightbox=\"no\" tabindex=\"0\" rel=\"jtg-69827\" data-caption=\"\" aria-label=\"Abrir la imagen en una caja de luz\" class=\"tile-inner modula-item-link\"><\/a><img loading=\"lazy\" decoding=\"async\" class=\"pic wp-image-69803\"  data-valign=\"middle\" data-halign=\"center\" alt=\"Sentier Ca\u00f1o Cristalitos \u2013 Mirador, Parc National Sierra de la Macarena, Colombie\" data-full=\"https:\/\/visitmycolombia.com\/wp-content\/uploads\/2026\/03\/sentier-cano-cristalitos-mirador-la-macarena-colombie-14.jpg\" title=\"sentier-cano-cristalitos-mirador-la-macarena-colombie-14\" crop=\"\" width=\"1149\" height=\"1531\" src=\"https:\/\/visitmycolombia.com\/wp-content\/uploads\/2026\/03\/sentier-cano-cristalitos-mirador-la-macarena-colombie-14.jpg\" data-src=\"https:\/\/visitmycolombia.com\/wp-content\/uploads\/2026\/03\/sentier-cano-cristalitos-mirador-la-macarena-colombie-14.jpg\" data-caption=\"\" srcset=\"https:\/\/visitmycolombia.com\/wp-content\/uploads\/2026\/03\/sentier-cano-cristalitos-mirador-la-macarena-colombie-14.jpg 1149w, https:\/\/visitmycolombia.com\/wp-content\/uploads\/2026\/03\/sentier-cano-cristalitos-mirador-la-macarena-colombie-14-225x300.jpg 225w, https:\/\/visitmycolombia.com\/wp-content\/uploads\/2026\/03\/sentier-cano-cristalitos-mirador-la-macarena-colombie-14-769x1024.jpg 769w, https:\/\/visitmycolombia.com\/wp-content\/uploads\/2026\/03\/sentier-cano-cristalitos-mirador-la-macarena-colombie-14-113x150.jpg 113w, https:\/\/visitmycolombia.com\/wp-content\/uploads\/2026\/03\/sentier-cano-cristalitos-mirador-la-macarena-colombie-14-768x1023.jpg 768w\" sizes=\"auto, (max-width: 1149px) 100vw, 1149px\" \/>\n\t\t<div class=\"figc no-description\">\n\t\t\t<div class=\"figc-inner\">\n\t\t\t\t\t\t\t\t\t\t\t\t\t\t\t<\/div>\n\t\t<\/div>\n\n\t<\/div>\n\n<\/div><div class=\"modula-item effect-pufrobo\" >\n\t<div class=\"modula-item-overlay\"><\/div>\n\n\t<div class=\"modula-item-content\">\n\n\t\t<a data-image-id=\"69731\" role=\"button\" data-elementor-open-lightbox=\"no\" tabindex=\"0\" rel=\"jtg-69827\" data-caption=\"\" aria-label=\"Abrir la imagen en una caja de luz\" class=\"tile-inner modula-item-link\"><\/a><img loading=\"lazy\" decoding=\"async\" class=\"pic wp-image-69731\"  data-valign=\"middle\" data-halign=\"center\" alt=\"Sentier Ca\u00f1o Cristalitos \u2013 Mirador, Parc National Sierra de la Macarena, Colombie\" data-full=\"https:\/\/visitmycolombia.com\/wp-content\/uploads\/2026\/03\/sentier-cano-cristalitos-mirador-la-macarena-colombie-2.jpg\" title=\"sentier-cano-cristalitos-mirador-la-macarena-colombie-2\" crop=\"\" width=\"1680\" height=\"945\" src=\"https:\/\/visitmycolombia.com\/wp-content\/uploads\/2026\/03\/sentier-cano-cristalitos-mirador-la-macarena-colombie-2.jpg\" data-src=\"https:\/\/visitmycolombia.com\/wp-content\/uploads\/2026\/03\/sentier-cano-cristalitos-mirador-la-macarena-colombie-2.jpg\" data-caption=\"\" srcset=\"https:\/\/visitmycolombia.com\/wp-content\/uploads\/2026\/03\/sentier-cano-cristalitos-mirador-la-macarena-colombie-2.jpg 1680w, https:\/\/visitmycolombia.com\/wp-content\/uploads\/2026\/03\/sentier-cano-cristalitos-mirador-la-macarena-colombie-2-300x169.jpg 300w, https:\/\/visitmycolombia.com\/wp-content\/uploads\/2026\/03\/sentier-cano-cristalitos-mirador-la-macarena-colombie-2-1024x576.jpg 1024w, https:\/\/visitmycolombia.com\/wp-content\/uploads\/2026\/03\/sentier-cano-cristalitos-mirador-la-macarena-colombie-2-150x84.jpg 150w, https:\/\/visitmycolombia.com\/wp-content\/uploads\/2026\/03\/sentier-cano-cristalitos-mirador-la-macarena-colombie-2-768x432.jpg 768w, https:\/\/visitmycolombia.com\/wp-content\/uploads\/2026\/03\/sentier-cano-cristalitos-mirador-la-macarena-colombie-2-1536x864.jpg 1536w\" sizes=\"auto, (max-width: 1680px) 100vw, 1680px\" \/>\n\t\t<div class=\"figc no-description\">\n\t\t\t<div class=\"figc-inner\">\n\t\t\t\t\t\t\t\t\t\t\t\t\t\t\t<\/div>\n\t\t<\/div>\n\n\t<\/div>\n\n<\/div>\t\t\n\t<\/div>\n\n\t\n\t\n\t<script type=\"application\/ld+json\">\n\t{\n\t\t\"@context\": \"https:\/\/schema.org\",\n\t\t\"@type\"   : \"ImageGallery\",\n\t\t\"id\"      : \"https:\/\/visitmycolombia.com\/es\/sendero-cano-cristalitos-mirador-la-hermana-pequena-de-cano-cristales\/#modula-gallery-69827\",\n\t\t\"url\"     : \"https:\/\/visitmycolombia.com\/es\/sendero-cano-cristalitos-mirador-la-hermana-pequena-de-cano-cristales\/\"\n\t}\n\n\t<\/script>\n\n\t\n<\/div>\n\n\n\n<div class=\"wp-block-group eplus-wrapper is-layout-constrained wp-block-group-is-layout-constrained\"><hr class=\"is-style-dots wp-block-separator has-text-color has-alpha-channel-opacity has-background eplus-wrapper eplus-styles-uid-a3cde3\" style=\"background-color:#da906b;color:#da906b\">\n\n<h2 class=\" wp-block-heading eplus-wrapper eplus-styles-uid-2511c5\"><strong>Tarifas y Agencias en La Macarena<\/strong><\/h2>\n\n<hr class=\"is-style-dots wp-block-separator has-text-color has-alpha-channel-opacity has-background eplus-wrapper eplus-styles-uid-9a0b83\" style=\"background-color:#da906b;color:#da906b\"><\/div>\n\n\n\n<div style=\"height:2em\" aria-hidden=\"true\" class=\" wp-block-spacer eplus-wrapper\"><\/div>\n\n\n\n<p class=\"eplus-wrapper wp-block-paragraph\"><strong>Todas las excursiones en el Parque Nacional de la Sierra de la Macarena deben ir acompa\u00f1adas de un gu\u00eda oficial<\/strong>. Esta secci\u00f3n le ofrece una <strong>visi\u00f3n general de las tarifas medias<\/strong> y de las <strong>agencias locales de confianza<\/strong>, para que pueda organizar sus visitas con total seguridad y disfrutar al m\u00e1ximo de la belleza de la regi\u00f3n.<\/p>\n\n\n\n<blockquote class=\"wp-block-quote eplus-wrapper is-layout-flow wp-block-quote-is-layout-flow\">\n<p class=\"eplus-wrapper wp-block-paragraph\"><strong>Nota: <\/strong>para quienes quieran admirar el famoso r\u00edo de los cinco colores, Ca\u00f1o Cristales, cerca de La Macarena, no es un destino muy econ\u00f3mico. Una alternativa m\u00e1s asequible se encuentra en la regi\u00f3n menos tur\u00edstica de San Jos\u00e9 del Guaviare, donde tambi\u00e9n se puede disfrutar de unos magn\u00edficos r\u00edos de colores.<\/p>\n<\/blockquote>\n\n\n\n<div style=\"height:1em\" aria-hidden=\"true\" class=\" wp-block-spacer eplus-wrapper\"><\/div>\n\n\n\n<h3 class=\" wp-block-heading eplus-wrapper\">Agencias<\/h3>\n\n\n<p class=\"has-background eplus-wrapper eplus-styles-uid-70f882 wp-block-paragraph\" style=\"background-color:#e2fadc\">Aqu\u00ed est\u00e1n los datos de la agencia que utilizamos para organizar nuestra estancia. Todo fue perfecto, desde la comunicaci\u00f3n inicial y el presupuesto, hasta el pago y los servicios in situ. Durante su estancia, Caro sufri\u00f3 una peque\u00f1a lesi\u00f3n en el pie que requiri\u00f3 una visita a la cl\u00ednica. La compa\u00f1\u00eda de seguros de la agencia se ocup\u00f3 inmediatamente de la situaci\u00f3n, y el director incluso nos acompa\u00f1\u00f3 al lugar de los hechos, un gesto que agradecimos mucho.<br><br><strong>Agencia Aventura Tours SAS<\/strong><br>Registro Nacional de Turismo 22085<br>P\u00e1gina web: https: <a href=\"https:\/\/www.cano-cristales.com\" target=\"_blank\" rel=\"noreferrer noopener\">\/\/www.cano-cristales.com<\/a><br>Whatsapp: +57 (300) 693 9988<br>Correo electr\u00f3nico : info@cano-cristales.com<\/p>\n\n\n<h4 class=\" wp-block-heading eplus-wrapper\">Excursiones obligatorias supervisadas<\/h4>\n\n\n\n<p class=\"eplus-wrapper wp-block-paragraph\">A diferencia de muchos otros destinos naturales, es <strong>imposible visitar Ca\u00f1o Cristales o los senderos del parque por cuenta propia<\/strong>. La normativa exige <strong>la presencia de un gu\u00eda oficial<\/strong>, y los grupos se dividen por diferentes senderos para <strong>limitar el impacto del turismo<\/strong>.<\/p>\n\n\n\n<p class=\"eplus-wrapper wp-block-paragraph\">El <strong>n\u00famero de visitantes est\u00e1 limitado cada d\u00eda<\/strong>, por lo que es necesario <strong>inscribirse previamente ante las autoridades del parque<\/strong>. La mayor\u00eda de las agencias locales se encargar\u00e1n de <strong>todos estos tr\u00e1mites<\/strong>, incluidos los permisos de entrada, el registro ante las autoridades medioambientales y la organizaci\u00f3n de gu\u00edas, para que su estancia transcurra de la mejor manera posible.<\/p>\n\n\n\n<h4 class=\" wp-block-heading eplus-wrapper\">El papel de las agencias locales<\/h4>\n\n\n\n<p class=\"eplus-wrapper wp-block-paragraph\">La mayor\u00eda de los viajeros <strong>prefieren recurrir a una agencia local<\/strong> para organizar su estancia. Estas agencias suelen ofrecer <strong>paquetes de varios d\u00edas<\/strong> que incluyen alojamiento, comidas, <strong>traslados en barco por el r\u00edo Guayabero<\/strong>, excursiones en 4\u00d74 y <strong>paseos guiados por el parque<\/strong>.<\/p>\n\n\n\n<p class=\"eplus-wrapper wp-block-paragraph\">Incluso cuando agencias nacionales o internacionales comercializan estos recorridos, las excursiones <strong>casi siempre<\/strong> est\u00e1n <strong>dirigidas por gu\u00edas locales<\/strong> expertos en los senderos, la fauna y las <strong>normas medioambientales<\/strong> del parque, lo que garantiza una experiencia segura y respetuosa con el ecosistema.<\/p>\n\n\n\n<h4 class=\" wp-block-heading eplus-wrapper\">\u00bfPuede organizar sus propias vacaciones?<\/h4>\n\n\n\n<p class=\"eplus-wrapper wp-block-paragraph\"><strong>En teor\u00eda, es posible llegar a La Macarena sin reservar con antelaci\u00f3n<\/strong> y encontrar una agencia o un gu\u00eda in situ. Sin embargo, muchos viajeros se\u00f1alan que <strong>la log\u00edstica puede complicarse r\u00e1pidamente<\/strong>, con la gesti\u00f3n de permisos, impuestos, transporte y disponibilidad de senderos.<\/p>\n\n\n\n<p class=\"eplus-wrapper wp-block-paragraph\">Por eso, <strong>la mayor\u00eda de los visitantes optan por reservar un paquete completo<\/strong>, que simplifica enormemente la organizaci\u00f3n y permite aprovechar al m\u00e1ximo las <strong>excursiones, cascadas y piscinas naturales<\/strong> de la regi\u00f3n.<\/p>\n\n\n\n<h4 class=\" wp-block-heading eplus-wrapper\">Una experiencia supervisada pero inmersiva<\/h4>\n\n\n\n<p class=\"eplus-wrapper wp-block-paragraph\">Una vez en el lugar, las jornadas suelen seguir un <strong>ritmo similar<\/strong>: un paseo en barco por el <strong>r\u00edo Guayabero<\/strong>, traslado en veh\u00edculo hasta los puntos de inicio de los senderos y, a continuaci\u00f3n, <strong>una caminata guiada por el parque<\/strong> para explorar las distintas zonas del r\u00edo y admirar los paisajes de la <strong>Serran\u00eda de la Macarena<\/strong>.<\/p>\n\n\n\n<p class=\"eplus-wrapper wp-block-paragraph\">Aunque pueda parecer un sistema muy controlado, su principal objetivo es <strong>preservar el ecosistema \u00fanico de Ca\u00f1o Cristales<\/strong>, ofreciendo al mismo tiempo a los viajeros una <strong>experiencia completa y profunda de la<\/strong> naturaleza y la biodiversidad local.<\/p>\n\n\n\n<div style=\"height:1em\" aria-hidden=\"true\" class=\" wp-block-spacer eplus-wrapper\"><\/div>\n\n\n\n<h3 class=\" wp-block-heading eplus-wrapper\">Tarifas<\/h3>\n\n\n\n<p class=\"eplus-wrapper wp-block-paragraph\">He aqu\u00ed una estimaci\u00f3n del coste de nuestro viaje en 2025.<\/p>\n\n\n\n<figure class=\"is-style-stripes wp-block-table eplus-wrapper\"><table class=\"has-fixed-layout\"><tbody><tr><td>Precio (para 2 personas)<\/td><td>5.614.410 COP<\/td><\/tr><tr><td>Duraci\u00f3n<\/td><td>6 d\u00edas &#8211; 5 noches<\/td><\/tr><tr><td>Incluye<\/td><td>Alojamiento Hotel La Fuente<br>Pensi\u00f3n completa (desayuno &#8211; comida &#8211; cena)<br>Actividades guiadas<br>Transporte local (barco y 4*4)<\/td><\/tr><tr><td>No incluido<\/td><td>Billetes de avi\u00f3n<br>Transporte en moto a Laguna del Silencio<br>Impuestos<br>Alquiler de botas (COP 8.000 &#8211; 10.000 por d\u00eda)<\/td><\/tr><\/tbody><\/table><\/figure>\n\n\n\n<div style=\"height:3em\" aria-hidden=\"true\" class=\" wp-block-spacer eplus-wrapper\"><\/div>\n\n\n<div  id=\"jtg-69828\" class=\"modula modula-gallery modula-columns\" data-config=\"{&quot;tabletHeight&quot;:800,&quot;mobileHeight&quot;:800,&quot;desktopHeight&quot;:800,&quot;enableTwitter&quot;:false,&quot;enableWhatsapp&quot;:false,&quot;enableFacebook&quot;:false,&quot;enablePinterest&quot;:false,&quot;enableLinkedin&quot;:false,&quot;enableEmail&quot;:false,&quot;randomFactor&quot;:0,&quot;type&quot;:&quot;grid&quot;,&quot;columns&quot;:12,&quot;gutter&quot;:10,&quot;mobileGutter&quot;:10,&quot;tabletGutter&quot;:10,&quot;desktopGutter&quot;:10,&quot;enableResponsive&quot;:&quot;0&quot;,&quot;tabletColumns&quot;:2,&quot;mobileColumns&quot;:1,&quot;lazyLoad&quot;:0,&quot;lightboxOpts&quot;:{&quot;animated&quot;:true,&quot;Thumbs&quot;:{&quot;type&quot;:&quot;modern&quot;,&quot;showOnStart&quot;:false},&quot;Toolbar&quot;:{&quot;display&quot;:{&quot;right&quot;:[&quot;close&quot;]},&quot;enabled&quot;:true},&quot;Carousel&quot;:{&quot;Panzoom&quot;:{&quot;touch&quot;:true},&quot;infinite&quot;:false},&quot;keyboard&quot;:{&quot;Escape&quot;:&quot;close&quot;,&quot;Delete&quot;:&quot;close&quot;,&quot;Backspace&quot;:&quot;close&quot;,&quot;PageUp&quot;:&quot;next&quot;,&quot;PageDown&quot;:&quot;prev&quot;,&quot;ArrowUp&quot;:&quot;prev&quot;,&quot;ArrowDown&quot;:&quot;next&quot;,&quot;ArrowRight&quot;:&quot;next&quot;,&quot;ArrowLeft&quot;:&quot;prev&quot;},&quot;wheel&quot;:&quot;slide&quot;,&quot;touch&quot;:true,&quot;backdropClick&quot;:&quot;close&quot;,&quot;l10n&quot;:{&quot;CLOSE&quot;:&quot;Cerrar&quot;,&quot;NEXT&quot;:&quot;Siguiente&quot;,&quot;PREV&quot;:&quot;Anterior&quot;,&quot;Error&quot;:&quot;No se ha podido cargar el contenido solicitado. Por favor, int\\u00e9ntalo de nuevo m\\u00e1s tarde.&quot;,&quot;PLAY_START&quot;:&quot;Empezar la presentaci\\u00f3n&quot;,&quot;PLAY_STOP&quot;:&quot;Pausar la presentaci\\u00f3n&quot;,&quot;FULL_SCREEN&quot;:&quot;Pantalla completa&quot;,&quot;THUMBS&quot;:&quot;Miniaturas&quot;,&quot;DOWNLOAD&quot;:&quot;Descargar&quot;,&quot;SHARE&quot;:&quot;Compartir&quot;,&quot;ZOOM&quot;:&quot;Zoom&quot;,&quot;EMAIL&quot;:&quot;Here is the link to the image : %%image_link%% and this is the link to the gallery : %%gallery_link%%&quot;,&quot;MODAL&quot;:&quot;Puedes cerrar este contenido emergente con la tecla ESC&quot;,&quot;ERROR&quot;:&quot;Algo ha ido mal, pro favor, prueba de nuevo m\\u00e1s tarde&quot;,&quot;IMAGE_ERROR&quot;:&quot;Imagen no encontrada&quot;,&quot;ELEMENT_NOT_FOUND&quot;:&quot;No se ha encontrado el elemento HTML&quot;,&quot;AJAX_NOT_FOUND&quot;:&quot;Error al cargar AJAX: No encontrado&quot;,&quot;AJAX_FORBIDDEN&quot;:&quot;Error al cargar AJAX: Prohibido&quot;,&quot;IFRAME_ERROR&quot;:&quot;Error al cargar la p\\u00e1gina&quot;,&quot;TOGGLE_ZOOM&quot;:&quot;Alternar nivel de ampliar\\\/acercar&quot;,&quot;TOGGLE_THUMBS&quot;:&quot;Alternar miniaturas&quot;,&quot;TOGGLE_SLIDESHOW&quot;:&quot;Alternar diapositiva&quot;,&quot;TOGGLE_FULLSCREEN&quot;:&quot;Cambiar al modo de pantalla completa&quot;},&quot;Images&quot;:{&quot;Panzoom&quot;:{&quot;maxScale&quot;:2}},&quot;mainClass&quot;:&quot;modula-fancybox-container modula-lightbox-jtg-69828&quot;,&quot;Html&quot;:{&quot;videoAutoplay&quot;:0,&quot;videoTpl&quot;:&quot;&lt;video class=\\&quot;fancybox__html5video\\&quot; controls muted playsinline controlsList controlsList=\\&quot;nodownload\\&quot; poster=\\&quot;{{poster}}\\&quot; src=\\&quot;{{src}}\\&quot; type=\\&quot;{{format}}\\&quot; &gt;  Sorry, your browser doesn&#039;t support embedded videos, &lt;a href=\\&quot;{{src}}\\&quot;&gt; download &lt;\\\/a&gt; and watch with your favorite video player! &lt;\\\/video&gt;&quot;}},&quot;inView&quot;:false,&quot;email_subject&quot;:&quot;Check out this awesome image !!&quot;,&quot;email_message&quot;:&quot;Here is the link to the image : %%image_link%% and this is the link to the gallery : %%gallery_link%%&quot;,&quot;grid_type&quot;:&quot;automatic&quot;,&quot;rowHeight&quot;:250,&quot;lastRow&quot;:&quot;justify&quot;,&quot;lightbox&quot;:&quot;fancybox&quot;,&quot;lightbox_devices&quot;:&quot;both&quot;}\">\n\n\t\n\t<div  class=\"modula-items grid-gallery\">\n\t\t<div class=\"modula-item effect-pufrobo\" >\n\t<div class=\"modula-item-overlay\"><\/div>\n\n\t<div class=\"modula-item-content\">\n\n\t\t<a data-image-id=\"69743\" role=\"button\" data-elementor-open-lightbox=\"no\" tabindex=\"0\" rel=\"jtg-69828\" data-caption=\"\" aria-label=\"Abrir la imagen en una caja de luz\" class=\"tile-inner modula-item-link\"><\/a><img loading=\"lazy\" decoding=\"async\" class=\"pic wp-image-69743\"  data-valign=\"middle\" data-halign=\"center\" alt=\"Sentier Ca\u00f1o Cristalitos \u2013 Mirador, Parc National Sierra de la Macarena, Colombie\" data-full=\"https:\/\/visitmycolombia.com\/wp-content\/uploads\/2026\/03\/sentier-cano-cristalitos-mirador-la-macarena-colombie-4.jpg\" title=\"sentier-cano-cristalitos-mirador-la-macarena-colombie-4\" crop=\"\" width=\"1680\" height=\"945\" src=\"https:\/\/visitmycolombia.com\/wp-content\/uploads\/2026\/03\/sentier-cano-cristalitos-mirador-la-macarena-colombie-4.jpg\" data-src=\"https:\/\/visitmycolombia.com\/wp-content\/uploads\/2026\/03\/sentier-cano-cristalitos-mirador-la-macarena-colombie-4.jpg\" data-caption=\"\" srcset=\"https:\/\/visitmycolombia.com\/wp-content\/uploads\/2026\/03\/sentier-cano-cristalitos-mirador-la-macarena-colombie-4.jpg 1680w, https:\/\/visitmycolombia.com\/wp-content\/uploads\/2026\/03\/sentier-cano-cristalitos-mirador-la-macarena-colombie-4-300x169.jpg 300w, https:\/\/visitmycolombia.com\/wp-content\/uploads\/2026\/03\/sentier-cano-cristalitos-mirador-la-macarena-colombie-4-1024x576.jpg 1024w, https:\/\/visitmycolombia.com\/wp-content\/uploads\/2026\/03\/sentier-cano-cristalitos-mirador-la-macarena-colombie-4-150x84.jpg 150w, https:\/\/visitmycolombia.com\/wp-content\/uploads\/2026\/03\/sentier-cano-cristalitos-mirador-la-macarena-colombie-4-768x432.jpg 768w, https:\/\/visitmycolombia.com\/wp-content\/uploads\/2026\/03\/sentier-cano-cristalitos-mirador-la-macarena-colombie-4-1536x864.jpg 1536w\" sizes=\"auto, (max-width: 1680px) 100vw, 1680px\" \/>\n\t\t<div class=\"figc no-description\">\n\t\t\t<div class=\"figc-inner\">\n\t\t\t\t\t\t\t\t\t\t\t\t\t\t\t<\/div>\n\t\t<\/div>\n\n\t<\/div>\n\n<\/div><div class=\"modula-item effect-pufrobo\" >\n\t<div class=\"modula-item-overlay\"><\/div>\n\n\t<div class=\"modula-item-content\">\n\n\t\t<a data-image-id=\"69809\" role=\"button\" data-elementor-open-lightbox=\"no\" tabindex=\"0\" rel=\"jtg-69828\" data-caption=\"\" aria-label=\"Abrir la imagen en una caja de luz\" class=\"tile-inner modula-item-link\"><\/a><img loading=\"lazy\" decoding=\"async\" class=\"pic wp-image-69809\"  data-valign=\"middle\" data-halign=\"center\" alt=\"Sentier Ca\u00f1o Cristalitos \u2013 Mirador, Parc National Sierra de la Macarena, Colombie\" data-full=\"https:\/\/visitmycolombia.com\/wp-content\/uploads\/2026\/03\/sentier-cano-cristalitos-mirador-la-macarena-colombie-15.jpg\" title=\"sentier-cano-cristalitos-mirador-la-macarena-colombie-15\" crop=\"\" width=\"1149\" height=\"1531\" src=\"https:\/\/visitmycolombia.com\/wp-content\/uploads\/2026\/03\/sentier-cano-cristalitos-mirador-la-macarena-colombie-15.jpg\" data-src=\"https:\/\/visitmycolombia.com\/wp-content\/uploads\/2026\/03\/sentier-cano-cristalitos-mirador-la-macarena-colombie-15.jpg\" data-caption=\"\" srcset=\"https:\/\/visitmycolombia.com\/wp-content\/uploads\/2026\/03\/sentier-cano-cristalitos-mirador-la-macarena-colombie-15.jpg 1149w, https:\/\/visitmycolombia.com\/wp-content\/uploads\/2026\/03\/sentier-cano-cristalitos-mirador-la-macarena-colombie-15-225x300.jpg 225w, https:\/\/visitmycolombia.com\/wp-content\/uploads\/2026\/03\/sentier-cano-cristalitos-mirador-la-macarena-colombie-15-769x1024.jpg 769w, https:\/\/visitmycolombia.com\/wp-content\/uploads\/2026\/03\/sentier-cano-cristalitos-mirador-la-macarena-colombie-15-113x150.jpg 113w, https:\/\/visitmycolombia.com\/wp-content\/uploads\/2026\/03\/sentier-cano-cristalitos-mirador-la-macarena-colombie-15-768x1023.jpg 768w\" sizes=\"auto, (max-width: 1149px) 100vw, 1149px\" \/>\n\t\t<div class=\"figc no-description\">\n\t\t\t<div class=\"figc-inner\">\n\t\t\t\t\t\t\t\t\t\t\t\t\t\t\t<\/div>\n\t\t<\/div>\n\n\t<\/div>\n\n<\/div><div class=\"modula-item effect-pufrobo\" >\n\t<div class=\"modula-item-overlay\"><\/div>\n\n\t<div class=\"modula-item-content\">\n\n\t\t<a data-image-id=\"69797\" role=\"button\" data-elementor-open-lightbox=\"no\" tabindex=\"0\" rel=\"jtg-69828\" data-caption=\"\" aria-label=\"Abrir la imagen en una caja de luz\" class=\"tile-inner modula-item-link\"><\/a><img loading=\"lazy\" decoding=\"async\" class=\"pic wp-image-69797\"  data-valign=\"middle\" data-halign=\"center\" alt=\"Sentier Ca\u00f1o Cristalitos \u2013 Mirador, Parc National Sierra de la Macarena, Colombie\" data-full=\"https:\/\/visitmycolombia.com\/wp-content\/uploads\/2026\/03\/sentier-cano-cristalitos-mirador-la-macarena-colombie-13.jpg\" title=\"sentier-cano-cristalitos-mirador-la-macarena-colombie-13\" crop=\"\" width=\"1149\" height=\"1531\" src=\"https:\/\/visitmycolombia.com\/wp-content\/uploads\/2026\/03\/sentier-cano-cristalitos-mirador-la-macarena-colombie-13.jpg\" data-src=\"https:\/\/visitmycolombia.com\/wp-content\/uploads\/2026\/03\/sentier-cano-cristalitos-mirador-la-macarena-colombie-13.jpg\" data-caption=\"\" srcset=\"https:\/\/visitmycolombia.com\/wp-content\/uploads\/2026\/03\/sentier-cano-cristalitos-mirador-la-macarena-colombie-13.jpg 1149w, https:\/\/visitmycolombia.com\/wp-content\/uploads\/2026\/03\/sentier-cano-cristalitos-mirador-la-macarena-colombie-13-225x300.jpg 225w, https:\/\/visitmycolombia.com\/wp-content\/uploads\/2026\/03\/sentier-cano-cristalitos-mirador-la-macarena-colombie-13-769x1024.jpg 769w, https:\/\/visitmycolombia.com\/wp-content\/uploads\/2026\/03\/sentier-cano-cristalitos-mirador-la-macarena-colombie-13-113x150.jpg 113w, https:\/\/visitmycolombia.com\/wp-content\/uploads\/2026\/03\/sentier-cano-cristalitos-mirador-la-macarena-colombie-13-768x1023.jpg 768w\" sizes=\"auto, (max-width: 1149px) 100vw, 1149px\" \/>\n\t\t<div class=\"figc no-description\">\n\t\t\t<div class=\"figc-inner\">\n\t\t\t\t\t\t\t\t\t\t\t\t\t\t\t<\/div>\n\t\t<\/div>\n\n\t<\/div>\n\n<\/div><div class=\"modula-item effect-pufrobo\" >\n\t<div class=\"modula-item-overlay\"><\/div>\n\n\t<div class=\"modula-item-content\">\n\n\t\t<a data-image-id=\"69749\" role=\"button\" data-elementor-open-lightbox=\"no\" tabindex=\"0\" rel=\"jtg-69828\" data-caption=\"\" aria-label=\"Abrir la imagen en una caja de luz\" class=\"tile-inner modula-item-link\"><\/a><img loading=\"lazy\" decoding=\"async\" class=\"pic wp-image-69749\"  data-valign=\"middle\" data-halign=\"center\" alt=\"Sentier Ca\u00f1o Cristalitos \u2013 Mirador, Parc National Sierra de la Macarena, Colombie\" data-full=\"https:\/\/visitmycolombia.com\/wp-content\/uploads\/2026\/03\/sentier-cano-cristalitos-mirador-la-macarena-colombie-5.jpg\" title=\"sentier-cano-cristalitos-mirador-la-macarena-colombie-5\" crop=\"\" width=\"1680\" height=\"945\" src=\"https:\/\/visitmycolombia.com\/wp-content\/uploads\/2026\/03\/sentier-cano-cristalitos-mirador-la-macarena-colombie-5.jpg\" data-src=\"https:\/\/visitmycolombia.com\/wp-content\/uploads\/2026\/03\/sentier-cano-cristalitos-mirador-la-macarena-colombie-5.jpg\" data-caption=\"\" srcset=\"https:\/\/visitmycolombia.com\/wp-content\/uploads\/2026\/03\/sentier-cano-cristalitos-mirador-la-macarena-colombie-5.jpg 1680w, https:\/\/visitmycolombia.com\/wp-content\/uploads\/2026\/03\/sentier-cano-cristalitos-mirador-la-macarena-colombie-5-300x169.jpg 300w, https:\/\/visitmycolombia.com\/wp-content\/uploads\/2026\/03\/sentier-cano-cristalitos-mirador-la-macarena-colombie-5-1024x576.jpg 1024w, https:\/\/visitmycolombia.com\/wp-content\/uploads\/2026\/03\/sentier-cano-cristalitos-mirador-la-macarena-colombie-5-150x84.jpg 150w, https:\/\/visitmycolombia.com\/wp-content\/uploads\/2026\/03\/sentier-cano-cristalitos-mirador-la-macarena-colombie-5-768x432.jpg 768w, https:\/\/visitmycolombia.com\/wp-content\/uploads\/2026\/03\/sentier-cano-cristalitos-mirador-la-macarena-colombie-5-1536x864.jpg 1536w\" sizes=\"auto, (max-width: 1680px) 100vw, 1680px\" \/>\n\t\t<div class=\"figc no-description\">\n\t\t\t<div class=\"figc-inner\">\n\t\t\t\t\t\t\t\t\t\t\t\t\t\t\t<\/div>\n\t\t<\/div>\n\n\t<\/div>\n\n<\/div>\t\t\n\t<\/div>\n\n\t\n\t\n\t<script type=\"application\/ld+json\">\n\t{\n\t\t\"@context\": \"https:\/\/schema.org\",\n\t\t\"@type\"   : \"ImageGallery\",\n\t\t\"id\"      : \"https:\/\/visitmycolombia.com\/es\/sendero-cano-cristalitos-mirador-la-hermana-pequena-de-cano-cristales\/#modula-gallery-69828\",\n\t\t\"url\"     : \"https:\/\/visitmycolombia.com\/es\/sendero-cano-cristalitos-mirador-la-hermana-pequena-de-cano-cristales\/\"\n\t}\n\n\t<\/script>\n\n\t\n<\/div>\n\n\n\n<div style=\"height:3em\" aria-hidden=\"true\" class=\" wp-block-spacer eplus-wrapper\"><\/div>\n\n\n<div class=\"wp-block-group eplus-wrapper is-layout-constrained wp-block-group-is-layout-constrained eplus-styles-uid-87c690\"><hr class=\"is-style-dots wp-block-separator has-text-color has-alpha-channel-opacity has-background eplus-wrapper eplus-styles-uid-a3cde3\" style=\"background-color:#da906b;color:#da906b\">\n\n<h2 class=\" wp-block-heading eplus-wrapper eplus-styles-uid-2511c5\"><strong>\u00bfC\u00f3mo llego al sendero Ca\u00f1o Cristalitos &#8211; Mirador?<\/strong><\/h2>\n\n<hr class=\"is-style-dots wp-block-separator has-text-color has-alpha-channel-opacity has-background eplus-wrapper eplus-styles-uid-9a0b83\" style=\"background-color:#da906b;color:#da906b\"><\/div>\n\n\n<p class=\"eplus-wrapper wp-block-paragraph\">El <strong>sendero Ca\u00f1o Cristalitos &#8211; Mirador<\/strong> se encuentra en el <strong>Parque Nacional de la Sierra de la Macarena<\/strong>, donde la entrada est\u00e1 estrictamente controlada y regulada. Como ya se ha mencionado, <strong>la presencia de un gu\u00eda es obligatoria<\/strong>, para garantizar tanto la seguridad como el cumplimiento de las normas del parque.<\/p>\n\n\n\n<p class=\"eplus-wrapper wp-block-paragraph\"><strong>El transporte hasta el punto de partida de la excursi\u00f3n<\/strong> no es un problema, ya que el gu\u00eda se encargar\u00e1 de ello. Desde el pueblo de La Macarena, normalmente hay que <strong>embarcarse en una lancha<\/strong> y navegar por el <strong>r\u00edo Guayabero<\/strong> durante unos <strong>20 o 25 minutos<\/strong> para llegar al inicio del sendero.<\/p>\n\n\n\n<p class=\"eplus-wrapper wp-block-paragraph\">Por eso <strong>la mayor\u00eda de los viajeros eligen paquetes a trav\u00e9s de agencias locales<\/strong>: es pr\u00e1cticamente imposible organizar la excursi\u00f3n por cuenta propia, dada la log\u00edstica del transporte, la normativa del parque y la necesidad de un gu\u00eda.<\/p>\n\n\n<div  id=\"jtg-69829\" class=\"modula modula-gallery modula-columns\" data-config=\"{&quot;tabletHeight&quot;:800,&quot;mobileHeight&quot;:800,&quot;desktopHeight&quot;:800,&quot;enableTwitter&quot;:false,&quot;enableWhatsapp&quot;:false,&quot;enableFacebook&quot;:false,&quot;enablePinterest&quot;:false,&quot;enableLinkedin&quot;:false,&quot;enableEmail&quot;:false,&quot;randomFactor&quot;:0,&quot;type&quot;:&quot;grid&quot;,&quot;columns&quot;:12,&quot;gutter&quot;:10,&quot;mobileGutter&quot;:10,&quot;tabletGutter&quot;:10,&quot;desktopGutter&quot;:10,&quot;enableResponsive&quot;:&quot;0&quot;,&quot;tabletColumns&quot;:2,&quot;mobileColumns&quot;:1,&quot;lazyLoad&quot;:0,&quot;lightboxOpts&quot;:{&quot;animated&quot;:true,&quot;Thumbs&quot;:{&quot;type&quot;:&quot;modern&quot;,&quot;showOnStart&quot;:false},&quot;Toolbar&quot;:{&quot;display&quot;:{&quot;right&quot;:[&quot;close&quot;]},&quot;enabled&quot;:true},&quot;Carousel&quot;:{&quot;Panzoom&quot;:{&quot;touch&quot;:true},&quot;infinite&quot;:false},&quot;keyboard&quot;:{&quot;Escape&quot;:&quot;close&quot;,&quot;Delete&quot;:&quot;close&quot;,&quot;Backspace&quot;:&quot;close&quot;,&quot;PageUp&quot;:&quot;next&quot;,&quot;PageDown&quot;:&quot;prev&quot;,&quot;ArrowUp&quot;:&quot;prev&quot;,&quot;ArrowDown&quot;:&quot;next&quot;,&quot;ArrowRight&quot;:&quot;next&quot;,&quot;ArrowLeft&quot;:&quot;prev&quot;},&quot;wheel&quot;:&quot;slide&quot;,&quot;touch&quot;:true,&quot;backdropClick&quot;:&quot;close&quot;,&quot;l10n&quot;:{&quot;CLOSE&quot;:&quot;Cerrar&quot;,&quot;NEXT&quot;:&quot;Siguiente&quot;,&quot;PREV&quot;:&quot;Anterior&quot;,&quot;Error&quot;:&quot;No se ha podido cargar el contenido solicitado. Por favor, int\\u00e9ntalo de nuevo m\\u00e1s tarde.&quot;,&quot;PLAY_START&quot;:&quot;Empezar la presentaci\\u00f3n&quot;,&quot;PLAY_STOP&quot;:&quot;Pausar la presentaci\\u00f3n&quot;,&quot;FULL_SCREEN&quot;:&quot;Pantalla completa&quot;,&quot;THUMBS&quot;:&quot;Miniaturas&quot;,&quot;DOWNLOAD&quot;:&quot;Descargar&quot;,&quot;SHARE&quot;:&quot;Compartir&quot;,&quot;ZOOM&quot;:&quot;Zoom&quot;,&quot;EMAIL&quot;:&quot;Here is the link to the image : %%image_link%% and this is the link to the gallery : %%gallery_link%%&quot;,&quot;MODAL&quot;:&quot;Puedes cerrar este contenido emergente con la tecla ESC&quot;,&quot;ERROR&quot;:&quot;Algo ha ido mal, pro favor, prueba de nuevo m\\u00e1s tarde&quot;,&quot;IMAGE_ERROR&quot;:&quot;Imagen no encontrada&quot;,&quot;ELEMENT_NOT_FOUND&quot;:&quot;No se ha encontrado el elemento HTML&quot;,&quot;AJAX_NOT_FOUND&quot;:&quot;Error al cargar AJAX: No encontrado&quot;,&quot;AJAX_FORBIDDEN&quot;:&quot;Error al cargar AJAX: Prohibido&quot;,&quot;IFRAME_ERROR&quot;:&quot;Error al cargar la p\\u00e1gina&quot;,&quot;TOGGLE_ZOOM&quot;:&quot;Alternar nivel de ampliar\\\/acercar&quot;,&quot;TOGGLE_THUMBS&quot;:&quot;Alternar miniaturas&quot;,&quot;TOGGLE_SLIDESHOW&quot;:&quot;Alternar diapositiva&quot;,&quot;TOGGLE_FULLSCREEN&quot;:&quot;Cambiar al modo de pantalla completa&quot;},&quot;Images&quot;:{&quot;Panzoom&quot;:{&quot;maxScale&quot;:2}},&quot;mainClass&quot;:&quot;modula-fancybox-container modula-lightbox-jtg-69829&quot;,&quot;Html&quot;:{&quot;videoAutoplay&quot;:0,&quot;videoTpl&quot;:&quot;&lt;video class=\\&quot;fancybox__html5video\\&quot; controls muted playsinline controlsList controlsList=\\&quot;nodownload\\&quot; poster=\\&quot;{{poster}}\\&quot; src=\\&quot;{{src}}\\&quot; type=\\&quot;{{format}}\\&quot; &gt;  Sorry, your browser doesn&#039;t support embedded videos, &lt;a href=\\&quot;{{src}}\\&quot;&gt; download &lt;\\\/a&gt; and watch with your favorite video player! &lt;\\\/video&gt;&quot;}},&quot;inView&quot;:false,&quot;email_subject&quot;:&quot;Check out this awesome image !!&quot;,&quot;email_message&quot;:&quot;Here is the link to the image : %%image_link%% and this is the link to the gallery : %%gallery_link%%&quot;,&quot;grid_type&quot;:&quot;automatic&quot;,&quot;rowHeight&quot;:250,&quot;lastRow&quot;:&quot;justify&quot;,&quot;lightbox&quot;:&quot;fancybox&quot;,&quot;lightbox_devices&quot;:&quot;both&quot;}\">\n\n\t\n\t<div  class=\"modula-items grid-gallery\">\n\t\t<div class=\"modula-item effect-pufrobo\" >\n\t<div class=\"modula-item-overlay\"><\/div>\n\n\t<div class=\"modula-item-content\">\n\n\t\t<a data-image-id=\"69761\" role=\"button\" data-elementor-open-lightbox=\"no\" tabindex=\"0\" rel=\"jtg-69829\" data-caption=\"\" aria-label=\"Abrir la imagen en una caja de luz\" class=\"tile-inner modula-item-link\"><\/a><img loading=\"lazy\" decoding=\"async\" class=\"pic wp-image-69761\"  data-valign=\"middle\" data-halign=\"center\" alt=\"Sentier Ca\u00f1o Cristalitos \u2013 Mirador, Parc National Sierra de la Macarena, Colombie\" data-full=\"https:\/\/visitmycolombia.com\/wp-content\/uploads\/2026\/03\/sentier-cano-cristalitos-mirador-la-macarena-colombie-7.jpg\" title=\"sentier-cano-cristalitos-mirador-la-macarena-colombie-7\" crop=\"\" width=\"1680\" height=\"945\" src=\"https:\/\/visitmycolombia.com\/wp-content\/uploads\/2026\/03\/sentier-cano-cristalitos-mirador-la-macarena-colombie-7.jpg\" data-src=\"https:\/\/visitmycolombia.com\/wp-content\/uploads\/2026\/03\/sentier-cano-cristalitos-mirador-la-macarena-colombie-7.jpg\" data-caption=\"\" srcset=\"https:\/\/visitmycolombia.com\/wp-content\/uploads\/2026\/03\/sentier-cano-cristalitos-mirador-la-macarena-colombie-7.jpg 1680w, https:\/\/visitmycolombia.com\/wp-content\/uploads\/2026\/03\/sentier-cano-cristalitos-mirador-la-macarena-colombie-7-300x169.jpg 300w, https:\/\/visitmycolombia.com\/wp-content\/uploads\/2026\/03\/sentier-cano-cristalitos-mirador-la-macarena-colombie-7-1024x576.jpg 1024w, https:\/\/visitmycolombia.com\/wp-content\/uploads\/2026\/03\/sentier-cano-cristalitos-mirador-la-macarena-colombie-7-150x84.jpg 150w, https:\/\/visitmycolombia.com\/wp-content\/uploads\/2026\/03\/sentier-cano-cristalitos-mirador-la-macarena-colombie-7-768x432.jpg 768w, https:\/\/visitmycolombia.com\/wp-content\/uploads\/2026\/03\/sentier-cano-cristalitos-mirador-la-macarena-colombie-7-1536x864.jpg 1536w\" sizes=\"auto, (max-width: 1680px) 100vw, 1680px\" \/>\n\t\t<div class=\"figc no-description\">\n\t\t\t<div class=\"figc-inner\">\n\t\t\t\t\t\t\t\t\t\t\t\t\t\t\t<\/div>\n\t\t<\/div>\n\n\t<\/div>\n\n<\/div><div class=\"modula-item effect-pufrobo\" >\n\t<div class=\"modula-item-overlay\"><\/div>\n\n\t<div class=\"modula-item-content\">\n\n\t\t<a data-image-id=\"69785\" role=\"button\" data-elementor-open-lightbox=\"no\" tabindex=\"0\" rel=\"jtg-69829\" data-caption=\"\" aria-label=\"Abrir la imagen en una caja de luz\" class=\"tile-inner modula-item-link\"><\/a><img loading=\"lazy\" decoding=\"async\" class=\"pic wp-image-69785\"  data-valign=\"middle\" data-halign=\"center\" alt=\"Sentier Ca\u00f1o Cristalitos \u2013 Mirador, Parc National Sierra de la Macarena, Colombie\" data-full=\"https:\/\/visitmycolombia.com\/wp-content\/uploads\/2026\/03\/sentier-cano-cristalitos-mirador-la-macarena-colombie-11.jpg\" title=\"sentier-cano-cristalitos-mirador-la-macarena-colombie-11\" crop=\"\" width=\"1149\" height=\"1531\" src=\"https:\/\/visitmycolombia.com\/wp-content\/uploads\/2026\/03\/sentier-cano-cristalitos-mirador-la-macarena-colombie-11.jpg\" data-src=\"https:\/\/visitmycolombia.com\/wp-content\/uploads\/2026\/03\/sentier-cano-cristalitos-mirador-la-macarena-colombie-11.jpg\" data-caption=\"\" srcset=\"https:\/\/visitmycolombia.com\/wp-content\/uploads\/2026\/03\/sentier-cano-cristalitos-mirador-la-macarena-colombie-11.jpg 1149w, https:\/\/visitmycolombia.com\/wp-content\/uploads\/2026\/03\/sentier-cano-cristalitos-mirador-la-macarena-colombie-11-225x300.jpg 225w, https:\/\/visitmycolombia.com\/wp-content\/uploads\/2026\/03\/sentier-cano-cristalitos-mirador-la-macarena-colombie-11-769x1024.jpg 769w, https:\/\/visitmycolombia.com\/wp-content\/uploads\/2026\/03\/sentier-cano-cristalitos-mirador-la-macarena-colombie-11-113x150.jpg 113w, https:\/\/visitmycolombia.com\/wp-content\/uploads\/2026\/03\/sentier-cano-cristalitos-mirador-la-macarena-colombie-11-768x1023.jpg 768w\" sizes=\"auto, (max-width: 1149px) 100vw, 1149px\" \/>\n\t\t<div class=\"figc no-description\">\n\t\t\t<div class=\"figc-inner\">\n\t\t\t\t\t\t\t\t\t\t\t\t\t\t\t<\/div>\n\t\t<\/div>\n\n\t<\/div>\n\n<\/div><div class=\"modula-item effect-pufrobo\" >\n\t<div class=\"modula-item-overlay\"><\/div>\n\n\t<div class=\"modula-item-content\">\n\n\t\t<a data-image-id=\"69773\" role=\"button\" data-elementor-open-lightbox=\"no\" tabindex=\"0\" rel=\"jtg-69829\" data-caption=\"\" aria-label=\"Abrir la imagen en una caja de luz\" class=\"tile-inner modula-item-link\"><\/a><img loading=\"lazy\" decoding=\"async\" class=\"pic wp-image-69773\"  data-valign=\"middle\" data-halign=\"center\" alt=\"Sentier Ca\u00f1o Cristalitos \u2013 Mirador, Parc National Sierra de la Macarena, Colombie\" data-full=\"https:\/\/visitmycolombia.com\/wp-content\/uploads\/2026\/03\/sentier-cano-cristalitos-mirador-la-macarena-colombie-9.jpg\" title=\"sentier-cano-cristalitos-mirador-la-macarena-colombie-9\" crop=\"\" width=\"1149\" height=\"1531\" src=\"https:\/\/visitmycolombia.com\/wp-content\/uploads\/2026\/03\/sentier-cano-cristalitos-mirador-la-macarena-colombie-9.jpg\" data-src=\"https:\/\/visitmycolombia.com\/wp-content\/uploads\/2026\/03\/sentier-cano-cristalitos-mirador-la-macarena-colombie-9.jpg\" data-caption=\"\" srcset=\"https:\/\/visitmycolombia.com\/wp-content\/uploads\/2026\/03\/sentier-cano-cristalitos-mirador-la-macarena-colombie-9.jpg 1149w, https:\/\/visitmycolombia.com\/wp-content\/uploads\/2026\/03\/sentier-cano-cristalitos-mirador-la-macarena-colombie-9-225x300.jpg 225w, https:\/\/visitmycolombia.com\/wp-content\/uploads\/2026\/03\/sentier-cano-cristalitos-mirador-la-macarena-colombie-9-769x1024.jpg 769w, https:\/\/visitmycolombia.com\/wp-content\/uploads\/2026\/03\/sentier-cano-cristalitos-mirador-la-macarena-colombie-9-113x150.jpg 113w, https:\/\/visitmycolombia.com\/wp-content\/uploads\/2026\/03\/sentier-cano-cristalitos-mirador-la-macarena-colombie-9-768x1023.jpg 768w\" sizes=\"auto, (max-width: 1149px) 100vw, 1149px\" \/>\n\t\t<div class=\"figc no-description\">\n\t\t\t<div class=\"figc-inner\">\n\t\t\t\t\t\t\t\t\t\t\t\t\t\t\t<\/div>\n\t\t<\/div>\n\n\t<\/div>\n\n<\/div><div class=\"modula-item effect-pufrobo\" >\n\t<div class=\"modula-item-overlay\"><\/div>\n\n\t<div class=\"modula-item-content\">\n\n\t\t<a data-image-id=\"69737\" role=\"button\" data-elementor-open-lightbox=\"no\" tabindex=\"0\" rel=\"jtg-69829\" data-caption=\"\" aria-label=\"Abrir la imagen en una caja de luz\" class=\"tile-inner modula-item-link\"><\/a><img loading=\"lazy\" decoding=\"async\" class=\"pic wp-image-69737\"  data-valign=\"middle\" data-halign=\"center\" alt=\"Sentier Ca\u00f1o Cristalitos \u2013 Mirador, Parc National Sierra de la Macarena, Colombie\" data-full=\"https:\/\/visitmycolombia.com\/wp-content\/uploads\/2026\/03\/sentier-cano-cristalitos-mirador-la-macarena-colombie-3.jpg\" title=\"sentier-cano-cristalitos-mirador-la-macarena-colombie-3\" crop=\"\" width=\"1680\" height=\"945\" src=\"https:\/\/visitmycolombia.com\/wp-content\/uploads\/2026\/03\/sentier-cano-cristalitos-mirador-la-macarena-colombie-3.jpg\" data-src=\"https:\/\/visitmycolombia.com\/wp-content\/uploads\/2026\/03\/sentier-cano-cristalitos-mirador-la-macarena-colombie-3.jpg\" data-caption=\"\" srcset=\"https:\/\/visitmycolombia.com\/wp-content\/uploads\/2026\/03\/sentier-cano-cristalitos-mirador-la-macarena-colombie-3.jpg 1680w, https:\/\/visitmycolombia.com\/wp-content\/uploads\/2026\/03\/sentier-cano-cristalitos-mirador-la-macarena-colombie-3-300x169.jpg 300w, https:\/\/visitmycolombia.com\/wp-content\/uploads\/2026\/03\/sentier-cano-cristalitos-mirador-la-macarena-colombie-3-1024x576.jpg 1024w, https:\/\/visitmycolombia.com\/wp-content\/uploads\/2026\/03\/sentier-cano-cristalitos-mirador-la-macarena-colombie-3-150x84.jpg 150w, https:\/\/visitmycolombia.com\/wp-content\/uploads\/2026\/03\/sentier-cano-cristalitos-mirador-la-macarena-colombie-3-768x432.jpg 768w, https:\/\/visitmycolombia.com\/wp-content\/uploads\/2026\/03\/sentier-cano-cristalitos-mirador-la-macarena-colombie-3-1536x864.jpg 1536w\" sizes=\"auto, (max-width: 1680px) 100vw, 1680px\" \/>\n\t\t<div class=\"figc no-description\">\n\t\t\t<div class=\"figc-inner\">\n\t\t\t\t\t\t\t\t\t\t\t\t\t\t\t<\/div>\n\t\t<\/div>\n\n\t<\/div>\n\n<\/div>\t\t\n\t<\/div>\n\n\t\n\t\n\t<script type=\"application\/ld+json\">\n\t{\n\t\t\"@context\": \"https:\/\/schema.org\",\n\t\t\"@type\"   : \"ImageGallery\",\n\t\t\"id\"      : \"https:\/\/visitmycolombia.com\/es\/sendero-cano-cristalitos-mirador-la-hermana-pequena-de-cano-cristales\/#modula-gallery-69829\",\n\t\t\"url\"     : \"https:\/\/visitmycolombia.com\/es\/sendero-cano-cristalitos-mirador-la-hermana-pequena-de-cano-cristales\/\"\n\t}\n\n\t<\/script>\n\n\t\n<\/div>\n\n\n\n<div class=\"wp-block-group eplus-wrapper is-layout-constrained wp-block-group-is-layout-constrained\"><hr class=\"is-style-dots wp-block-separator has-text-color has-alpha-channel-opacity has-background eplus-wrapper eplus-styles-uid-a3cde3\" style=\"background-color:#da906b;color:#da906b\">\n\n<h2 class=\" wp-block-heading eplus-wrapper eplus-styles-uid-2511c5\"><strong>D\u00f3nde dormir <strong><strong><strong><strong><strong><strong><strong><strong><strong>La Macarena<\/strong><\/strong><\/strong><\/strong><\/strong><\/strong><\/strong><\/strong><\/strong> ?<\/strong><\/h2>\n\n<hr class=\"is-style-dots wp-block-separator has-text-color has-alpha-channel-opacity has-background eplus-wrapper eplus-styles-uid-9a0b83\" style=\"background-color:#da906b;color:#da906b\"><\/div>\n\n\n\n<p class=\"eplus-wrapper wp-block-paragraph\"><strong>El punto de partida ideal<\/strong> para <strong>recorrer el sendero Ca\u00f1o Cristalitos &#8211; Mirador<\/strong>, o cualquier otra ruta del <strong>Parque Nacional de la Sierra de la Macarena<\/strong>, <strong>es la peque\u00f1a localidad de La Macarena<\/strong>. Situado en el l\u00edmite del parque, acoge a los viajeros que buscan <strong>paseos por la naturaleza<\/strong> y una <strong>experiencia sencilla y aut\u00e9ntica<\/strong>.<\/p>\n\n\n\n<blockquote class=\"wp-block-quote eplus-wrapper is-layout-flow wp-block-quote-is-layout-flow\">\n<p class=\"eplus-wrapper wp-block-paragraph\"><strong>Atenci\u00f3n:<\/strong> la mayor\u00eda de los alojamientos de La Macarena no aparecen en Booking.com ni en ninguna otra plataforma de reservas est\u00e1ndar. Por ello, suele ser necesario acudir a una agencia local que ofrezca escapadas organizadas de varios d\u00edas, o contactar directamente con los hoteles a trav\u00e9s de Instagram o WhatsApp, m\u00e9todos de reserva muy extendidos en la regi\u00f3n.<\/p>\n<\/blockquote>\n\n\n\n<p class=\"eplus-wrapper wp-block-paragraph\">En <strong>La Macarena<\/strong>, la oferta de alojamiento es <strong>sencilla y aut\u00e9ntica<\/strong>, acorde con el encanto de este peque\u00f1o pueblo aislado en plena naturaleza. La mayor\u00eda de los hoteles son <strong>modestos y sin pretensiones<\/strong>, pero m\u00e1s que adecuados para una estancia c\u00f3moda tras un d\u00eda de excursi\u00f3n. En el centro del pueblo, muchos establecimientos ofrecen <strong>habitaciones con aire acondicionado<\/strong>, toda una ventaja en el calor tropical de la regi\u00f3n.<\/p>\n\n\n\n<p class=\"eplus-wrapper wp-block-paragraph\">Para quienes busquen una <strong>experiencia m\u00e1s envolvente<\/strong>, hay disponibles varias <strong>caba\u00f1as y lodges<\/strong> fuera del pueblo, a menudo en plena naturaleza o cerca de r\u00edos. Estos alojamientos ofrecen un <strong>entorno m\u00e1s salvaje y tranquilo<\/strong>, ideal para reconectar con el excepcional entorno de la <strong>Serran\u00eda de la Macarena<\/strong>.<\/p>\n\n\n\n<p class=\"has-luminous-vivid-orange-color has-text-color has-link-color eplus-wrapper wp-elements-1 wp-block-paragraph\"><strong>Atenci\u00f3n:<\/strong> por lo general no hay agua caliente en los hoteles, lo cual no es un problema dado el clima c\u00e1lido y h\u00famedo de la regi\u00f3n.<\/p>\n\n\n<div class=\"wp-block-columns eplus-wrapper is-layout-flex wp-container-core-columns-is-layout-7387b849 wp-block-columns-is-layout-flex eplus-styles-uid-9ed16a\"><div class=\"wp-block-column eplus-wrapper is-layout-flow wp-block-column-is-layout-flow eplus-styles-uid-8e42ae\"><figure class=\" wp-block-image size-full eplus-wrapper eplus-styles-uid-c39bfb\"><img loading=\"lazy\" decoding=\"async\" width=\"800\" height=\"600\" src=\"https:\/\/visitmycolombia.com\/wp-content\/uploads\/2026\/06\/hotel-campestre-el-refugio-la-macarena-colombie.jpg\" alt=\"Hotel Campestre el Refugio, La Macarena, Colombia\" class=\"wp-image-68983\" style=\"aspect-ratio:16\/9;object-fit:cover\" srcset=\"https:\/\/visitmycolombia.com\/wp-content\/uploads\/2026\/06\/hotel-campestre-el-refugio-la-macarena-colombie.jpg 800w, https:\/\/visitmycolombia.com\/wp-content\/uploads\/2026\/06\/hotel-campestre-el-refugio-la-macarena-colombie-300x225.jpg 300w, https:\/\/visitmycolombia.com\/wp-content\/uploads\/2026\/06\/hotel-campestre-el-refugio-la-macarena-colombie-150x113.jpg 150w, https:\/\/visitmycolombia.com\/wp-content\/uploads\/2026\/06\/hotel-campestre-el-refugio-la-macarena-colombie-768x576.jpg 768w\" sizes=\"auto, (max-width: 800px) 100vw, 800px\" \/><\/figure>\n\n<div class=\"wp-block-columns is-not-stacked-on-mobile eplus-wrapper is-layout-flex wp-container-core-columns-is-layout-7387b849 wp-block-columns-is-layout-flex eplus-styles-uid-925818\">\n<div class=\"wp-block-column eplus-wrapper is-layout-flow wp-block-column-is-layout-flow\" style=\"flex-basis:66.66%\"><p class=\"has-text-color has-small-font-size eplus-wrapper eplus-styles-uid-062bbd wp-block-paragraph\" style=\"color:#da906b\">$ &#8211; Presupuesto ahorrativo<\/p><\/div>\n\n\n\n<div class=\"wp-block-column eplus-wrapper is-layout-flow wp-block-column-is-layout-flow\" style=\"flex-basis:33.33%\"><p class=\"has-text-align-right has-text-color has-small-font-size eplus-wrapper eplus-styles-uid-feebc8 wp-block-paragraph\" style=\"color:#da906b\">Cabane<\/p><\/div>\n<\/div>\n\n<h4 class=\" wp-block-heading has-text-align-center eplus-wrapper eplus-styles-uid-ce9610\">Hotel Campestre el Refugio<\/h4>\n\n<p class=\"has-text-align-center eplus-wrapper eplus-styles-uid-9699d7 wp-block-paragraph\" style=\"font-size:15px\">El Hotel Campestre el Refugio ha recibido cr\u00edticas dispares: algunos viajeros aprecian la proximidad a la naturaleza y la amabilidad del personal, destacando el ambiente sencillo y aut\u00e9ntico. Otros se\u00f1alan que las instalaciones pueden estar anticuadas. En definitiva, es una opci\u00f3n funcional y barata, pero no exenta de imperfecciones.<\/p>\n\n\n<p class=\"has-text-align-center has-text-color eplus-wrapper wp-block-paragraph\" style=\"color:#da906b;font-size:16px\"><strong><a href=\"https:\/\/www.facebook.com\/HotelCampestrelRefugio\/\" target=\"_blank\" rel=\"noreferrer noopener\">SABER M\u00c1S<\/a><\/strong><\/p>\n<\/div>\n\n<div class=\"wp-block-column eplus-wrapper is-layout-flow wp-block-column-is-layout-flow eplus-styles-uid-8e42ae\"><figure class=\" wp-block-image size-full eplus-wrapper eplus-styles-uid-c39bfb\"><img loading=\"lazy\" decoding=\"async\" width=\"800\" height=\"600\" src=\"https:\/\/visitmycolombia.com\/wp-content\/uploads\/2026\/06\/hotel-hostal-cano-nevera-la-macarena-colombie.jpg\" alt=\"Hostal Cano Nevera, La Macarena, Colombia\" class=\"wp-image-68995\" style=\"aspect-ratio:16\/9;object-fit:cover\" srcset=\"https:\/\/visitmycolombia.com\/wp-content\/uploads\/2026\/06\/hotel-hostal-cano-nevera-la-macarena-colombie.jpg 800w, https:\/\/visitmycolombia.com\/wp-content\/uploads\/2026\/06\/hotel-hostal-cano-nevera-la-macarena-colombie-300x225.jpg 300w, https:\/\/visitmycolombia.com\/wp-content\/uploads\/2026\/06\/hotel-hostal-cano-nevera-la-macarena-colombie-150x113.jpg 150w, https:\/\/visitmycolombia.com\/wp-content\/uploads\/2026\/06\/hotel-hostal-cano-nevera-la-macarena-colombie-768x576.jpg 768w\" sizes=\"auto, (max-width: 800px) 100vw, 800px\" \/><\/figure>\n\n<div class=\"wp-block-columns is-not-stacked-on-mobile eplus-wrapper is-layout-flex wp-container-core-columns-is-layout-7387b849 wp-block-columns-is-layout-flex eplus-styles-uid-e5f569\">\n<div class=\"wp-block-column eplus-wrapper is-layout-flow wp-block-column-is-layout-flow\" style=\"flex-basis:66.66%\"><p class=\"has-text-color has-small-font-size eplus-wrapper eplus-styles-uid-062bbd wp-block-paragraph\" style=\"color:#da906b\">$ &#8211; Presupuesto ahorrativo<\/p><\/div>\n\n\n\n<div class=\"wp-block-column eplus-wrapper is-layout-flow wp-block-column-is-layout-flow\" style=\"flex-basis:33.33%\"><p class=\"has-text-align-right has-text-color has-small-font-size eplus-wrapper eplus-styles-uid-feebc8 wp-block-paragraph\" style=\"color:#da906b\">Hostal<\/p><\/div>\n<\/div>\n\n<h4 class=\" wp-block-heading has-text-align-center eplus-wrapper eplus-styles-uid-ce9610\">Hostal Cano Nevera<\/h4>\n\n<p class=\"has-text-align-center eplus-wrapper eplus-styles-uid-9699d7 wp-block-paragraph\" style=\"font-size:15px\">El Hostal Ca\u00f1o Nevera es un lugar muy agradable para una estancia sencilla y aut\u00e9ntica. Las habitaciones son b\u00e1sicas pero limpias y c\u00f3modas, a menudo con ventiladores y mosquiteras. El ambiente es familiar y los anfitriones tienen fama de ser muy atentos, ayudando a organizar excursiones. El equipamiento sigue siendo modesto, pero ofrece una muy buena relaci\u00f3n calidad-precio.<\/p>\n\n\n<p class=\"has-text-align-center has-text-color eplus-wrapper wp-block-paragraph\" style=\"color:#da906b;font-size:16px\"><strong><a href=\"https:\/\/www.booking.com\/hotel\/co\/hostal-cano-nevera.fr.html\" target=\"_blank\" rel=\"noreferrer noopener\">SABER M\u00c1S<\/a><\/strong><\/p>\n<\/div>\n\n<div class=\"wp-block-column eplus-wrapper is-layout-flow wp-block-column-is-layout-flow eplus-styles-uid-8e42ae\"><figure class=\" wp-block-image size-full eplus-wrapper eplus-styles-uid-c39bfb\"><img loading=\"lazy\" decoding=\"async\" width=\"800\" height=\"600\" src=\"https:\/\/visitmycolombia.com\/wp-content\/uploads\/2026\/06\/hotel-casa-real-la-macarena-colombie.jpg\" alt=\"Casa Hotel Real, La Macarena, Colombia\" class=\"wp-image-68989\" style=\"aspect-ratio:16\/9;object-fit:cover\" srcset=\"https:\/\/visitmycolombia.com\/wp-content\/uploads\/2026\/06\/hotel-casa-real-la-macarena-colombie.jpg 800w, https:\/\/visitmycolombia.com\/wp-content\/uploads\/2026\/06\/hotel-casa-real-la-macarena-colombie-300x225.jpg 300w, https:\/\/visitmycolombia.com\/wp-content\/uploads\/2026\/06\/hotel-casa-real-la-macarena-colombie-150x113.jpg 150w, https:\/\/visitmycolombia.com\/wp-content\/uploads\/2026\/06\/hotel-casa-real-la-macarena-colombie-768x576.jpg 768w\" sizes=\"auto, (max-width: 800px) 100vw, 800px\" \/><\/figure>\n\n<div class=\"wp-block-columns is-not-stacked-on-mobile eplus-wrapper is-layout-flex wp-container-core-columns-is-layout-7387b849 wp-block-columns-is-layout-flex eplus-styles-uid-df9bac\">\n<div class=\"wp-block-column eplus-wrapper is-layout-flow wp-block-column-is-layout-flow\" style=\"flex-basis:66.66%\"><p class=\"has-text-color has-small-font-size eplus-wrapper eplus-styles-uid-062bbd wp-block-paragraph\" style=\"color:#da906b\">$$ &#8211; Presupuesto medio<\/p><\/div>\n\n\n\n<div class=\"wp-block-column eplus-wrapper is-layout-flow wp-block-column-is-layout-flow\" style=\"flex-basis:33.33%\"><p class=\"has-text-align-right has-text-color has-small-font-size eplus-wrapper eplus-styles-uid-feebc8 wp-block-paragraph\" style=\"color:#da906b\">Hotel<\/p><\/div>\n<\/div>\n\n<h4 class=\" wp-block-heading has-text-align-center eplus-wrapper eplus-styles-uid-ce9610\">Casa Hotel Real<\/h4>\n\n<p class=\"has-text-align-center eplus-wrapper eplus-styles-uid-9699d7 wp-block-paragraph\" style=\"font-size:15px\">La impresi\u00f3n de los viajeros es la de un hotel sencillo y funcional. Las habitaciones son limpias pero bastante peque\u00f1as, y a veces mal ventiladas, por lo que es mejor elegir las que tienen aire acondicionado. Una c\u00e1lida bienvenida. Hay una serie de instalaciones pr\u00e1cticas como Wi-Fi, una piscina y desayuno incluido, aunque todo el paquete sigue siendo bastante b\u00e1sico.<\/p>\n\n\n<p class=\"has-text-align-center has-text-color eplus-wrapper wp-block-paragraph\" style=\"color:#da906b;font-size:16px\"><strong><a href=\"https:\/\/www.facebook.com\/p\/Casa-Hotel-Real-vs-100038893676554\/\" target=\"_blank\" rel=\"noreferrer noopener\">SABER M\u00c1S<\/a><\/strong><\/p>\n<\/div><\/div>\n\n<div class=\"wp-block-columns eplus-wrapper is-layout-flex wp-container-core-columns-is-layout-7387b849 wp-block-columns-is-layout-flex eplus-styles-uid-1dd8b5\"><div class=\"wp-block-column eplus-wrapper is-layout-flow wp-block-column-is-layout-flow eplus-styles-uid-8e42ae\"><figure class=\" wp-block-image size-full eplus-wrapper eplus-styles-uid-c39bfb\"><img loading=\"lazy\" decoding=\"async\" width=\"800\" height=\"600\" src=\"https:\/\/visitmycolombia.com\/wp-content\/uploads\/2026\/06\/hotel-la-fuente-la-macarena-colombie.jpg\" alt=\"Hotel La Fuente, La Macarena, Colombia\" class=\"wp-image-69001\" style=\"aspect-ratio:16\/9;object-fit:cover\" srcset=\"https:\/\/visitmycolombia.com\/wp-content\/uploads\/2026\/06\/hotel-la-fuente-la-macarena-colombie.jpg 800w, https:\/\/visitmycolombia.com\/wp-content\/uploads\/2026\/06\/hotel-la-fuente-la-macarena-colombie-300x225.jpg 300w, https:\/\/visitmycolombia.com\/wp-content\/uploads\/2026\/06\/hotel-la-fuente-la-macarena-colombie-150x113.jpg 150w, https:\/\/visitmycolombia.com\/wp-content\/uploads\/2026\/06\/hotel-la-fuente-la-macarena-colombie-768x576.jpg 768w\" sizes=\"auto, (max-width: 800px) 100vw, 800px\" \/><\/figure>\n\n<div class=\"wp-block-columns is-not-stacked-on-mobile eplus-wrapper is-layout-flex wp-container-core-columns-is-layout-7387b849 wp-block-columns-is-layout-flex eplus-styles-uid-1d7ff1\">\n<div class=\"wp-block-column eplus-wrapper is-layout-flow wp-block-column-is-layout-flow\" style=\"flex-basis:66.66%\"><p class=\"has-text-color has-small-font-size eplus-wrapper eplus-styles-uid-062bbd wp-block-paragraph\" style=\"color:#da906b\">$$ &#8211; Presupuesto medio<\/p><\/div>\n\n\n\n<div class=\"wp-block-column eplus-wrapper is-layout-flow wp-block-column-is-layout-flow\" style=\"flex-basis:33.33%\"><p class=\"has-text-align-right has-text-color has-small-font-size eplus-wrapper eplus-styles-uid-feebc8 wp-block-paragraph\" style=\"color:#da906b\">Hotel<\/p><\/div>\n<\/div>\n\n<h4 class=\" wp-block-heading has-text-align-center eplus-wrapper eplus-styles-uid-ce9610\">Hotel La Fuente<\/h4>\n\n<p class=\"has-text-align-center eplus-wrapper eplus-styles-uid-9699d7 wp-block-paragraph\" style=\"font-size:15px\">Nos alojamos en este hotel. Las habitaciones son sencillas pero c\u00f3modas, con aire acondicionado, lo que se agradece con el calor. Tambi\u00e9n hay una agradable piscina despu\u00e9s de un d\u00eda de excursi\u00f3n, y el restaurante sirve una variedad de cocina local. F\u00e1cilmente accesible a pie desde el aeropuerto, es una buena opci\u00f3n sin buscar el lujo.<\/p>\n\n\n<p class=\"has-text-align-center has-text-color eplus-wrapper wp-block-paragraph\" style=\"color:#da906b;font-size:16px\"><strong><a href=\"https:\/\/www.booking.com\/hotel\/co\/la-fuente-jn-la-macarena.fr.html\" target=\"_blank\" rel=\"noreferrer noopener\">SABER M\u00c1S<\/a><\/strong><\/p>\n<\/div>\n\n<div class=\"wp-block-column eplus-wrapper is-layout-flow wp-block-column-is-layout-flow eplus-styles-uid-8e42ae\"><figure class=\" wp-block-image size-full eplus-wrapper eplus-styles-uid-c39bfb\"><img loading=\"lazy\" decoding=\"async\" width=\"800\" height=\"600\" src=\"https:\/\/visitmycolombia.com\/wp-content\/uploads\/2026\/06\/hotel-la-manigua-lodge-la-macarena-colombie.jpg\" alt=\"La Manigua Lodge, La Macarena, Colombia\" class=\"wp-image-69007\" style=\"aspect-ratio:16\/9;object-fit:cover\" srcset=\"https:\/\/visitmycolombia.com\/wp-content\/uploads\/2026\/06\/hotel-la-manigua-lodge-la-macarena-colombie.jpg 800w, https:\/\/visitmycolombia.com\/wp-content\/uploads\/2026\/06\/hotel-la-manigua-lodge-la-macarena-colombie-300x225.jpg 300w, https:\/\/visitmycolombia.com\/wp-content\/uploads\/2026\/06\/hotel-la-manigua-lodge-la-macarena-colombie-150x113.jpg 150w, https:\/\/visitmycolombia.com\/wp-content\/uploads\/2026\/06\/hotel-la-manigua-lodge-la-macarena-colombie-768x576.jpg 768w\" sizes=\"auto, (max-width: 800px) 100vw, 800px\" \/><\/figure>\n\n<div class=\"wp-block-columns is-not-stacked-on-mobile eplus-wrapper is-layout-flex wp-container-core-columns-is-layout-7387b849 wp-block-columns-is-layout-flex eplus-styles-uid-dcb3fd\">\n<div class=\"wp-block-column eplus-wrapper is-layout-flow wp-block-column-is-layout-flow\" style=\"flex-basis:66.66%\"><p class=\"has-text-color has-small-font-size eplus-wrapper eplus-styles-uid-062bbd wp-block-paragraph\" style=\"color:#da906b\">$$$ &#8211; Presupuesto elevado<\/p><\/div>\n\n\n\n<div class=\"wp-block-column eplus-wrapper is-layout-flow wp-block-column-is-layout-flow\" style=\"flex-basis:33.33%\"><p class=\"has-text-align-right has-text-color has-small-font-size eplus-wrapper eplus-styles-uid-feebc8 wp-block-paragraph\" style=\"color:#da906b\">Hotel<\/p><\/div>\n<\/div>\n\n<h4 class=\" wp-block-heading has-text-align-center eplus-wrapper eplus-styles-uid-ce9610\">Albergue La Manigua<\/h4>\n\n<p class=\"has-text-align-center eplus-wrapper eplus-styles-uid-9699d7 wp-block-paragraph\" style=\"font-size:15px\">La experiencia en La Manigua Lodge es excepcional. Las caba\u00f1as son c\u00f3modas y est\u00e1n bien integradas en la naturaleza, con un aut\u00e9ntico encanto r\u00fastico. El servicio se describe a menudo como muy atento y la organizaci\u00f3n de las actividades est\u00e1 bien pulida. La cocina es muy apreciada, aunque algunas personas han se\u00f1alado peque\u00f1as deficiencias (desayunos repetitivos y, a veces, agua fr\u00eda).<\/p>\n\n\n<p class=\"has-text-align-center has-text-color eplus-wrapper wp-block-paragraph\" style=\"color:#da906b;font-size:16px\"><strong><a href=\"https:\/\/www.booking.com\/hotel\/co\/la-manigua-lodge.fr.html\" target=\"_blank\" rel=\"noreferrer noopener\">SABER M\u00c1S<\/a><\/strong><\/p>\n<\/div>\n\n\n<div class=\"wp-block-column eplus-wrapper is-layout-flow wp-block-column-is-layout-flow\"><\/div>\n<\/div>\n\n\n<div style=\"height:1em\" aria-hidden=\"true\" class=\" wp-block-spacer eplus-wrapper\"><\/div>\n\n\n<div  id=\"jtg-69830\" class=\"modula modula-gallery modula-columns\" data-config=\"{&quot;tabletHeight&quot;:800,&quot;mobileHeight&quot;:800,&quot;desktopHeight&quot;:800,&quot;enableTwitter&quot;:false,&quot;enableWhatsapp&quot;:false,&quot;enableFacebook&quot;:false,&quot;enablePinterest&quot;:false,&quot;enableLinkedin&quot;:false,&quot;enableEmail&quot;:false,&quot;randomFactor&quot;:0,&quot;type&quot;:&quot;grid&quot;,&quot;columns&quot;:12,&quot;gutter&quot;:10,&quot;mobileGutter&quot;:10,&quot;tabletGutter&quot;:10,&quot;desktopGutter&quot;:10,&quot;enableResponsive&quot;:&quot;0&quot;,&quot;tabletColumns&quot;:2,&quot;mobileColumns&quot;:1,&quot;lazyLoad&quot;:0,&quot;lightboxOpts&quot;:{&quot;animated&quot;:true,&quot;Thumbs&quot;:{&quot;type&quot;:&quot;modern&quot;,&quot;showOnStart&quot;:false},&quot;Toolbar&quot;:{&quot;display&quot;:{&quot;right&quot;:[&quot;close&quot;]},&quot;enabled&quot;:true},&quot;Carousel&quot;:{&quot;Panzoom&quot;:{&quot;touch&quot;:true},&quot;infinite&quot;:false},&quot;keyboard&quot;:{&quot;Escape&quot;:&quot;close&quot;,&quot;Delete&quot;:&quot;close&quot;,&quot;Backspace&quot;:&quot;close&quot;,&quot;PageUp&quot;:&quot;next&quot;,&quot;PageDown&quot;:&quot;prev&quot;,&quot;ArrowUp&quot;:&quot;prev&quot;,&quot;ArrowDown&quot;:&quot;next&quot;,&quot;ArrowRight&quot;:&quot;next&quot;,&quot;ArrowLeft&quot;:&quot;prev&quot;},&quot;wheel&quot;:&quot;slide&quot;,&quot;touch&quot;:true,&quot;backdropClick&quot;:&quot;close&quot;,&quot;l10n&quot;:{&quot;CLOSE&quot;:&quot;Cerrar&quot;,&quot;NEXT&quot;:&quot;Siguiente&quot;,&quot;PREV&quot;:&quot;Anterior&quot;,&quot;Error&quot;:&quot;No se ha podido cargar el contenido solicitado. Por favor, int\\u00e9ntalo de nuevo m\\u00e1s tarde.&quot;,&quot;PLAY_START&quot;:&quot;Empezar la presentaci\\u00f3n&quot;,&quot;PLAY_STOP&quot;:&quot;Pausar la presentaci\\u00f3n&quot;,&quot;FULL_SCREEN&quot;:&quot;Pantalla completa&quot;,&quot;THUMBS&quot;:&quot;Miniaturas&quot;,&quot;DOWNLOAD&quot;:&quot;Descargar&quot;,&quot;SHARE&quot;:&quot;Compartir&quot;,&quot;ZOOM&quot;:&quot;Zoom&quot;,&quot;EMAIL&quot;:&quot;Here is the link to the image : %%image_link%% and this is the link to the gallery : %%gallery_link%%&quot;,&quot;MODAL&quot;:&quot;Puedes cerrar este contenido emergente con la tecla ESC&quot;,&quot;ERROR&quot;:&quot;Algo ha ido mal, pro favor, prueba de nuevo m\\u00e1s tarde&quot;,&quot;IMAGE_ERROR&quot;:&quot;Imagen no encontrada&quot;,&quot;ELEMENT_NOT_FOUND&quot;:&quot;No se ha encontrado el elemento HTML&quot;,&quot;AJAX_NOT_FOUND&quot;:&quot;Error al cargar AJAX: No encontrado&quot;,&quot;AJAX_FORBIDDEN&quot;:&quot;Error al cargar AJAX: Prohibido&quot;,&quot;IFRAME_ERROR&quot;:&quot;Error al cargar la p\\u00e1gina&quot;,&quot;TOGGLE_ZOOM&quot;:&quot;Alternar nivel de ampliar\\\/acercar&quot;,&quot;TOGGLE_THUMBS&quot;:&quot;Alternar miniaturas&quot;,&quot;TOGGLE_SLIDESHOW&quot;:&quot;Alternar diapositiva&quot;,&quot;TOGGLE_FULLSCREEN&quot;:&quot;Cambiar al modo de pantalla completa&quot;},&quot;Images&quot;:{&quot;Panzoom&quot;:{&quot;maxScale&quot;:2}},&quot;mainClass&quot;:&quot;modula-fancybox-container modula-lightbox-jtg-69830&quot;,&quot;Html&quot;:{&quot;videoAutoplay&quot;:0,&quot;videoTpl&quot;:&quot;&lt;video class=\\&quot;fancybox__html5video\\&quot; controls muted playsinline controlsList controlsList=\\&quot;nodownload\\&quot; poster=\\&quot;{{poster}}\\&quot; src=\\&quot;{{src}}\\&quot; type=\\&quot;{{format}}\\&quot; &gt;  Sorry, your browser doesn&#039;t support embedded videos, &lt;a href=\\&quot;{{src}}\\&quot;&gt; download &lt;\\\/a&gt; and watch with your favorite video player! &lt;\\\/video&gt;&quot;}},&quot;inView&quot;:false,&quot;email_subject&quot;:&quot;Check out this awesome image !!&quot;,&quot;email_message&quot;:&quot;Here is the link to the image : %%image_link%% and this is the link to the gallery : %%gallery_link%%&quot;,&quot;grid_type&quot;:&quot;automatic&quot;,&quot;rowHeight&quot;:250,&quot;lastRow&quot;:&quot;justify&quot;,&quot;lightbox&quot;:&quot;fancybox&quot;,&quot;lightbox_devices&quot;:&quot;both&quot;}\">\n\n\t\n\t<div  class=\"modula-items grid-gallery\">\n\t\t<div class=\"modula-item effect-pufrobo\" >\n\t<div class=\"modula-item-overlay\"><\/div>\n\n\t<div class=\"modula-item-content\">\n\n\t\t<a data-image-id=\"69767\" role=\"button\" data-elementor-open-lightbox=\"no\" tabindex=\"0\" rel=\"jtg-69830\" data-caption=\"\" aria-label=\"Abrir la imagen en una caja de luz\" class=\"tile-inner modula-item-link\"><\/a><img loading=\"lazy\" decoding=\"async\" class=\"pic wp-image-69767\"  data-valign=\"middle\" data-halign=\"center\" alt=\"Sentier Ca\u00f1o Cristalitos \u2013 Mirador, Parc National Sierra de la Macarena, Colombie\" data-full=\"https:\/\/visitmycolombia.com\/wp-content\/uploads\/2026\/03\/sentier-cano-cristalitos-mirador-la-macarena-colombie-8.jpg\" title=\"sentier-cano-cristalitos-mirador-la-macarena-colombie-8\" crop=\"\" width=\"1680\" height=\"945\" src=\"https:\/\/visitmycolombia.com\/wp-content\/uploads\/2026\/03\/sentier-cano-cristalitos-mirador-la-macarena-colombie-8.jpg\" data-src=\"https:\/\/visitmycolombia.com\/wp-content\/uploads\/2026\/03\/sentier-cano-cristalitos-mirador-la-macarena-colombie-8.jpg\" data-caption=\"\" srcset=\"https:\/\/visitmycolombia.com\/wp-content\/uploads\/2026\/03\/sentier-cano-cristalitos-mirador-la-macarena-colombie-8.jpg 1680w, https:\/\/visitmycolombia.com\/wp-content\/uploads\/2026\/03\/sentier-cano-cristalitos-mirador-la-macarena-colombie-8-300x169.jpg 300w, https:\/\/visitmycolombia.com\/wp-content\/uploads\/2026\/03\/sentier-cano-cristalitos-mirador-la-macarena-colombie-8-1024x576.jpg 1024w, https:\/\/visitmycolombia.com\/wp-content\/uploads\/2026\/03\/sentier-cano-cristalitos-mirador-la-macarena-colombie-8-150x84.jpg 150w, https:\/\/visitmycolombia.com\/wp-content\/uploads\/2026\/03\/sentier-cano-cristalitos-mirador-la-macarena-colombie-8-768x432.jpg 768w, https:\/\/visitmycolombia.com\/wp-content\/uploads\/2026\/03\/sentier-cano-cristalitos-mirador-la-macarena-colombie-8-1536x864.jpg 1536w\" sizes=\"auto, (max-width: 1680px) 100vw, 1680px\" \/>\n\t\t<div class=\"figc no-description\">\n\t\t\t<div class=\"figc-inner\">\n\t\t\t\t\t\t\t\t\t\t\t\t\t\t\t<\/div>\n\t\t<\/div>\n\n\t<\/div>\n\n<\/div><div class=\"modula-item effect-pufrobo\" >\n\t<div class=\"modula-item-overlay\"><\/div>\n\n\t<div class=\"modula-item-content\">\n\n\t\t<a data-image-id=\"69791\" role=\"button\" data-elementor-open-lightbox=\"no\" tabindex=\"0\" rel=\"jtg-69830\" data-caption=\"\" aria-label=\"Abrir la imagen en una caja de luz\" class=\"tile-inner modula-item-link\"><\/a><img loading=\"lazy\" decoding=\"async\" class=\"pic wp-image-69791\"  data-valign=\"middle\" data-halign=\"center\" alt=\"Sentier Ca\u00f1o Cristalitos \u2013 Mirador, Parc National Sierra de la Macarena, Colombie\" data-full=\"https:\/\/visitmycolombia.com\/wp-content\/uploads\/2026\/03\/sentier-cano-cristalitos-mirador-la-macarena-colombie-12.jpg\" title=\"sentier-cano-cristalitos-mirador-la-macarena-colombie-12\" crop=\"\" width=\"1149\" height=\"1531\" src=\"https:\/\/visitmycolombia.com\/wp-content\/uploads\/2026\/03\/sentier-cano-cristalitos-mirador-la-macarena-colombie-12.jpg\" data-src=\"https:\/\/visitmycolombia.com\/wp-content\/uploads\/2026\/03\/sentier-cano-cristalitos-mirador-la-macarena-colombie-12.jpg\" data-caption=\"\" srcset=\"https:\/\/visitmycolombia.com\/wp-content\/uploads\/2026\/03\/sentier-cano-cristalitos-mirador-la-macarena-colombie-12.jpg 1149w, https:\/\/visitmycolombia.com\/wp-content\/uploads\/2026\/03\/sentier-cano-cristalitos-mirador-la-macarena-colombie-12-225x300.jpg 225w, https:\/\/visitmycolombia.com\/wp-content\/uploads\/2026\/03\/sentier-cano-cristalitos-mirador-la-macarena-colombie-12-769x1024.jpg 769w, https:\/\/visitmycolombia.com\/wp-content\/uploads\/2026\/03\/sentier-cano-cristalitos-mirador-la-macarena-colombie-12-113x150.jpg 113w, https:\/\/visitmycolombia.com\/wp-content\/uploads\/2026\/03\/sentier-cano-cristalitos-mirador-la-macarena-colombie-12-768x1023.jpg 768w\" sizes=\"auto, (max-width: 1149px) 100vw, 1149px\" \/>\n\t\t<div class=\"figc no-description\">\n\t\t\t<div class=\"figc-inner\">\n\t\t\t\t\t\t\t\t\t\t\t\t\t\t\t<\/div>\n\t\t<\/div>\n\n\t<\/div>\n\n<\/div><div class=\"modula-item effect-pufrobo\" >\n\t<div class=\"modula-item-overlay\"><\/div>\n\n\t<div class=\"modula-item-content\">\n\n\t\t<a data-image-id=\"69779\" role=\"button\" data-elementor-open-lightbox=\"no\" tabindex=\"0\" rel=\"jtg-69830\" data-caption=\"\" aria-label=\"Abrir la imagen en una caja de luz\" class=\"tile-inner modula-item-link\"><\/a><img loading=\"lazy\" decoding=\"async\" class=\"pic wp-image-69779\"  data-valign=\"middle\" data-halign=\"center\" alt=\"Sentier Ca\u00f1o Cristalitos \u2013 Mirador, Parc National Sierra de la Macarena, Colombie\" data-full=\"https:\/\/visitmycolombia.com\/wp-content\/uploads\/2026\/03\/sentier-cano-cristalitos-mirador-la-macarena-colombie-10.jpg\" title=\"sentier-cano-cristalitos-mirador-la-macarena-colombie-10\" crop=\"\" width=\"1149\" height=\"1531\" src=\"https:\/\/visitmycolombia.com\/wp-content\/uploads\/2026\/03\/sentier-cano-cristalitos-mirador-la-macarena-colombie-10.jpg\" data-src=\"https:\/\/visitmycolombia.com\/wp-content\/uploads\/2026\/03\/sentier-cano-cristalitos-mirador-la-macarena-colombie-10.jpg\" data-caption=\"\" srcset=\"https:\/\/visitmycolombia.com\/wp-content\/uploads\/2026\/03\/sentier-cano-cristalitos-mirador-la-macarena-colombie-10.jpg 1149w, https:\/\/visitmycolombia.com\/wp-content\/uploads\/2026\/03\/sentier-cano-cristalitos-mirador-la-macarena-colombie-10-225x300.jpg 225w, https:\/\/visitmycolombia.com\/wp-content\/uploads\/2026\/03\/sentier-cano-cristalitos-mirador-la-macarena-colombie-10-769x1024.jpg 769w, https:\/\/visitmycolombia.com\/wp-content\/uploads\/2026\/03\/sentier-cano-cristalitos-mirador-la-macarena-colombie-10-113x150.jpg 113w, https:\/\/visitmycolombia.com\/wp-content\/uploads\/2026\/03\/sentier-cano-cristalitos-mirador-la-macarena-colombie-10-768x1023.jpg 768w\" sizes=\"auto, (max-width: 1149px) 100vw, 1149px\" \/>\n\t\t<div class=\"figc no-description\">\n\t\t\t<div class=\"figc-inner\">\n\t\t\t\t\t\t\t\t\t\t\t\t\t\t\t<\/div>\n\t\t<\/div>\n\n\t<\/div>\n\n<\/div><div class=\"modula-item effect-pufrobo\" >\n\t<div class=\"modula-item-overlay\"><\/div>\n\n\t<div class=\"modula-item-content\">\n\n\t\t<a data-image-id=\"69755\" role=\"button\" data-elementor-open-lightbox=\"no\" tabindex=\"0\" rel=\"jtg-69830\" data-caption=\"\" aria-label=\"Abrir la imagen en una caja de luz\" class=\"tile-inner modula-item-link\"><\/a><img loading=\"lazy\" decoding=\"async\" class=\"pic wp-image-69755\"  data-valign=\"middle\" data-halign=\"center\" alt=\"Sentier Ca\u00f1o Cristalitos \u2013 Mirador, Parc National Sierra de la Macarena, Colombie\" data-full=\"https:\/\/visitmycolombia.com\/wp-content\/uploads\/2026\/03\/sentier-cano-cristalitos-mirador-la-macarena-colombie-6.jpg\" title=\"sentier-cano-cristalitos-mirador-la-macarena-colombie-6\" crop=\"\" width=\"1680\" height=\"945\" src=\"https:\/\/visitmycolombia.com\/wp-content\/uploads\/2026\/03\/sentier-cano-cristalitos-mirador-la-macarena-colombie-6.jpg\" data-src=\"https:\/\/visitmycolombia.com\/wp-content\/uploads\/2026\/03\/sentier-cano-cristalitos-mirador-la-macarena-colombie-6.jpg\" data-caption=\"\" srcset=\"https:\/\/visitmycolombia.com\/wp-content\/uploads\/2026\/03\/sentier-cano-cristalitos-mirador-la-macarena-colombie-6.jpg 1680w, https:\/\/visitmycolombia.com\/wp-content\/uploads\/2026\/03\/sentier-cano-cristalitos-mirador-la-macarena-colombie-6-300x169.jpg 300w, https:\/\/visitmycolombia.com\/wp-content\/uploads\/2026\/03\/sentier-cano-cristalitos-mirador-la-macarena-colombie-6-1024x576.jpg 1024w, https:\/\/visitmycolombia.com\/wp-content\/uploads\/2026\/03\/sentier-cano-cristalitos-mirador-la-macarena-colombie-6-150x84.jpg 150w, https:\/\/visitmycolombia.com\/wp-content\/uploads\/2026\/03\/sentier-cano-cristalitos-mirador-la-macarena-colombie-6-768x432.jpg 768w, https:\/\/visitmycolombia.com\/wp-content\/uploads\/2026\/03\/sentier-cano-cristalitos-mirador-la-macarena-colombie-6-1536x864.jpg 1536w\" sizes=\"auto, (max-width: 1680px) 100vw, 1680px\" \/>\n\t\t<div class=\"figc no-description\">\n\t\t\t<div class=\"figc-inner\">\n\t\t\t\t\t\t\t\t\t\t\t\t\t\t\t<\/div>\n\t\t<\/div>\n\n\t<\/div>\n\n<\/div>\t\t\n\t<\/div>\n\n\t\n\t\n\t<script type=\"application\/ld+json\">\n\t{\n\t\t\"@context\": \"https:\/\/schema.org\",\n\t\t\"@type\"   : \"ImageGallery\",\n\t\t\"id\"      : \"https:\/\/visitmycolombia.com\/es\/sendero-cano-cristalitos-mirador-la-hermana-pequena-de-cano-cristales\/#modula-gallery-69830\",\n\t\t\"url\"     : \"https:\/\/visitmycolombia.com\/es\/sendero-cano-cristalitos-mirador-la-hermana-pequena-de-cano-cristales\/\"\n\t}\n\n\t<\/script>\n\n\t\n<\/div>\n\n\n\n<div class=\"wp-block-group eplus-wrapper is-layout-constrained wp-block-group-is-layout-constrained\"><hr class=\"is-style-dots wp-block-separator has-text-color has-alpha-channel-opacity has-background eplus-wrapper eplus-styles-uid-a3cde3\" style=\"background-color:#da906b;color:#da906b\">\n\n<h2 class=\" wp-block-heading eplus-wrapper eplus-styles-uid-2511c5\"><strong>Comentarios y consejos<\/strong><\/h2>\n\n<hr class=\"is-style-dots wp-block-separator has-text-color has-alpha-channel-opacity has-background eplus-wrapper eplus-styles-uid-9a0b83\" style=\"background-color:#da906b;color:#da906b\"><\/div>\n\n\n<div class=\"wp-block-columns eplus-wrapper is-layout-flex wp-container-core-columns-is-layout-7387b849 wp-block-columns-is-layout-flex eplus-styles-uid-a552c8\">\n<div class=\"wp-block-column eplus-wrapper is-layout-flow wp-block-column-is-layout-flow\">\n<div class=\"wp-block-group eplus-wrapper is-layout-constrained wp-block-group-is-layout-constrained\"><p class=\"has-black-color has-text-color has-background eplus-wrapper eplus-styles-uid-1b316e wp-block-paragraph\" style=\"background-color:#e5e5e5\"><strong><strong><strong><strong><strong><strong><strong><strong><strong><strong><strong><strong><strong><strong><strong><strong><strong><strong><strong><strong><strong><strong><strong><strong><strong><strong><strong><strong><strong><strong>Pantalones + mangas largas<\/strong> para senderismo<\/strong><\/strong><\/strong><\/strong><\/strong><\/strong><\/strong><\/strong><\/strong><\/strong><\/strong><\/strong><\/strong><\/strong><\/strong><\/strong><\/strong><\/strong><\/strong><\/strong><\/strong><\/strong><\/strong><\/strong><\/strong><\/strong><\/strong><\/strong><\/strong><\/p>\n\n<p class=\"eplus-wrapper eplus-styles-uid-bac0de wp-block-paragraph\">Para sus paseos por La Macarena, le recomendamos que lleve pantalones y una camiseta o camisa de manga larga. Esta ropa le protege tanto de los insectos como, sobre todo, del sol, ya que muchos de los senderos son al aire libre bajo un cielo abierto.<\/p><\/div>\n<\/div>\n\n\n\n<div class=\"wp-block-column eplus-wrapper is-layout-flow wp-block-column-is-layout-flow\">\n<div class=\"wp-block-group eplus-wrapper is-layout-constrained wp-block-group-is-layout-constrained\"><p class=\"has-black-color has-text-color has-background eplus-wrapper eplus-styles-uid-1b316e wp-block-paragraph\" style=\"background-color:#e5e5e5\"><strong>Lleve repelente de mosquitos<\/strong><\/p>\n\n<p class=\"eplus-wrapper eplus-styles-uid-bac0de wp-block-paragraph\">Aunque la regi\u00f3n no es la m\u00e1s infestada de mosquitos que hemos visto, sigue habiendo unos cuantos. Como medida de precauci\u00f3n, se aconseja aplicar repelente de mosquitos, sobre todo en excursiones largas a campo abierto y humedales.<\/p><\/div>\n<\/div>\n<\/div>\n\n\n<div style=\"height:1em\" aria-hidden=\"true\" class=\" wp-block-spacer eplus-wrapper\"><\/div>\n\n\n<div class=\"wp-block-columns eplus-wrapper is-layout-flex wp-container-core-columns-is-layout-7387b849 wp-block-columns-is-layout-flex eplus-styles-uid-f4e1ff\">\n<div class=\"wp-block-column eplus-wrapper is-layout-flow wp-block-column-is-layout-flow\">\n<div class=\"wp-block-group eplus-wrapper is-layout-constrained wp-block-group-is-layout-constrained\"><p class=\"has-black-color has-text-color has-background eplus-wrapper eplus-styles-uid-1b316e wp-block-paragraph\" style=\"background-color:#e5e5e5\"><strong><strong><strong><strong><strong><strong><strong><strong><strong><strong><strong><strong><strong><strong><strong><strong><strong><strong><strong><strong>Lleve crema solar<\/strong><\/strong><\/strong><\/strong><\/strong><\/strong><\/strong><\/strong><\/strong><\/strong><\/strong><\/strong><\/strong><\/strong><\/strong><\/strong><\/strong><\/strong><\/strong><\/strong><\/p>\n\n<p class=\"eplus-wrapper eplus-styles-uid-bac0de wp-block-paragraph\">Cuando hace sol, el calor puede llegar a ser intenso, sobre todo porque a menudo se camina sin sombra. Por lo tanto, se recomienda encarecidamente utilizar crema solar con un factor de protecci\u00f3n m\u00ednimo de 50 para evitar quemaduras solares y proteger eficazmente la piel.<\/p><\/div>\n<\/div>\n\n\n\n<div class=\"wp-block-column eplus-wrapper is-layout-flow wp-block-column-is-layout-flow\">\n<div class=\"wp-block-group eplus-wrapper is-layout-constrained wp-block-group-is-layout-constrained\"><p class=\"has-black-color has-text-color has-background eplus-wrapper eplus-styles-uid-1b316e wp-block-paragraph\" style=\"background-color:#e5e5e5\"><strong>Traer ba\u00f1ador y toalla<\/strong><\/p>\n\n<p class=\"eplus-wrapper eplus-styles-uid-bac0de wp-block-paragraph\">Si viene a La Macarena, seguro que es para admirar los famosos r\u00edos de colores. Durante las excursiones, hay varios puntos donde podr\u00e1 ba\u00f1arse y refrescarse, as\u00ed que no olvide el ba\u00f1ador y una toalla para aprovechar al m\u00e1ximo estos momentos.<\/p><\/div>\n<\/div>\n<\/div>\n\n\n<div style=\"height:1em\" aria-hidden=\"true\" class=\" wp-block-spacer eplus-wrapper\"><\/div>\n\n\n<div class=\"wp-block-columns eplus-wrapper is-layout-flex wp-container-core-columns-is-layout-7387b849 wp-block-columns-is-layout-flex eplus-styles-uid-b5e953\">\n<div class=\"wp-block-column eplus-wrapper is-layout-flow wp-block-column-is-layout-flow\">\n<div class=\"wp-block-group eplus-wrapper is-layout-constrained wp-block-group-is-layout-constrained\"><p class=\"has-black-color has-text-color has-background eplus-wrapper eplus-styles-uid-1b316e wp-block-paragraph\" style=\"background-color:#e5e5e5\"><strong><strong><strong><strong><strong><strong><strong><strong><strong><strong><strong><strong><strong><strong><strong><strong><strong><strong><strong><strong><strong><strong><strong><strong><strong><strong><strong><strong><strong>Llevar sombrero o gorra<\/strong><\/strong><\/strong><\/strong><\/strong><\/strong><\/strong><\/strong><\/strong><\/strong><\/strong><\/strong><\/strong><\/strong><\/strong><\/strong><\/strong><\/strong><\/strong><\/strong><\/strong><\/strong><\/strong><\/strong><\/strong><\/strong><\/strong><\/strong><\/strong><\/p>\n\n<p class=\"eplus-wrapper eplus-styles-uid-bac0de wp-block-paragraph\">Para hacer frente al calor y al sol, conviene cubrirse la cabeza. Un sombrero o una gorra le proteger\u00e1n en los paseos largos, sobre todo por caminos expuestos, y evitar\u00e1n insolaciones o molestias prolongadas.<\/p><\/div>\n<\/div>\n\n\n\n<div class=\"wp-block-column eplus-wrapper is-layout-flow wp-block-column-is-layout-flow\">\n<div class=\"wp-block-group eplus-wrapper is-layout-constrained wp-block-group-is-layout-constrained\"><p class=\"has-black-color has-text-color has-background eplus-wrapper eplus-styles-uid-1b316e wp-block-paragraph\" style=\"background-color:#e5e5e5\"><strong><strong><strong><strong><strong><strong><strong><strong><strong><strong><strong><strong><strong><strong><strong><strong><strong><strong><strong><strong><strong><strong><strong><strong><strong><strong><strong><strong><strong>Lleva una botella de agua<\/strong><\/strong><\/strong><\/strong><\/strong><\/strong><\/strong><\/strong><\/strong><\/strong><\/strong><\/strong><\/strong><\/strong><\/strong><\/strong><\/strong><\/strong><\/strong><\/strong><\/strong><\/strong><\/strong><\/strong><\/strong><\/strong><\/strong><\/strong><\/strong><\/p>\n\n<p class=\"eplus-wrapper eplus-styles-uid-bac0de wp-block-paragraph\">En el Parque Nacional de la Sierra de la Macarena est\u00e1 prohibido introducir pl\u00e1sticos en el parque, incluidas las botellas de agua, para proteger el fr\u00e1gil entorno. Por eso es importante llevar una botella de agua reutilizable, que podr\u00e1 rellenar en su hotel o en puntos de agua autorizados.<\/p><\/div>\n<\/div>\n<\/div>\n\n\n<div style=\"height:1em\" aria-hidden=\"true\" class=\" wp-block-spacer eplus-wrapper\"><\/div>\n\n\n<div class=\"wp-block-columns eplus-wrapper is-layout-flex wp-container-core-columns-is-layout-7387b849 wp-block-columns-is-layout-flex eplus-styles-uid-6d1004\">\n<div class=\"wp-block-column eplus-wrapper is-layout-flow wp-block-column-is-layout-flow\">\n<div class=\"wp-block-group eplus-wrapper is-layout-constrained wp-block-group-is-layout-constrained\"><p class=\"has-black-color has-text-color has-background eplus-wrapper eplus-styles-uid-1b316e wp-block-paragraph\" style=\"background-color:#e5e5e5\"><strong><strong><strong><strong><strong><strong><strong><strong><strong><strong><strong><strong><strong><strong><strong><strong><strong><strong><strong><strong><strong><strong><strong><strong><strong><strong><strong><strong><strong>Lleva un poncho<\/strong><\/strong><\/strong><\/strong><\/strong><\/strong><\/strong><\/strong><\/strong><\/strong><\/strong><\/strong><\/strong><\/strong><\/strong><\/strong><\/strong><\/strong><\/strong><\/strong><\/strong><\/strong><\/strong><\/strong><\/strong><\/strong><\/strong><\/strong><\/strong><\/p>\n\n<p class=\"eplus-wrapper eplus-styles-uid-bac0de wp-block-paragraph\">Es probable que visite la regi\u00f3n durante la estaci\u00f3n lluviosa, de abril a noviembre. En este caso, un poncho o una chaqueta impermeable pueden ser muy \u00fatiles, ya que puede llover mucho, como ocurri\u00f3 en nuestro viaje, en el que llovi\u00f3 tres de cada cinco d\u00edas.<\/p><\/div>\n<\/div>\n\n\n\n<div class=\"wp-block-column eplus-wrapper is-layout-flow wp-block-column-is-layout-flow\">\n<div class=\"wp-block-group eplus-wrapper is-layout-constrained wp-block-group-is-layout-constrained\"><p class=\"has-black-color has-text-color has-background eplus-wrapper eplus-styles-uid-1b316e wp-block-paragraph\" style=\"background-color:#e5e5e5\"><strong><strong><strong><strong><strong><strong><strong><strong><strong><strong><strong><strong><strong><strong><strong><strong><strong><strong><strong><strong><strong><strong><strong><strong><strong><strong><strong><strong><strong>Llevar calzado para el agua<\/strong><\/strong><\/strong><\/strong><\/strong><\/strong><\/strong><\/strong><\/strong><\/strong><\/strong><\/strong><\/strong><\/strong><\/strong><\/strong><\/strong><\/strong><\/strong><\/strong><\/strong><\/strong><\/strong><\/strong><\/strong><\/strong><\/strong><\/strong><\/strong><\/p>\n\n<p class=\"eplus-wrapper eplus-styles-uid-bac0de wp-block-paragraph\">Por \u00faltimo, cuando llueve, los chubascos pueden ser muy intensos, convirtiendo a veces los caminos en aut\u00e9nticos arroyos. Para evitar empapar las botas de monta\u00f1a, es una buena idea meter un par de zapatillas de agua en la mochila.<\/p><\/div>\n<\/div>\n<\/div>","protected":false},"excerpt":{"rendered":"<p>En pocas palabras En el coraz\u00f3n de Colombia, en el departamento del Meta, la Sierra de la Macarena alberga algunos de los paisajes naturales m\u00e1s espectaculares de Sudam\u00e9rica. Aqu\u00ed desemboca el famoso Ca\u00f1o Cristales, a menudo apodado \u00abel r\u00edo m\u00e1s hermoso del mundo\u00bb. Cada a\u00f1o, sus aguas adquieren colores asombrosos -rojos, verdes, amarillos, azules y [&hellip;]<\/p>\n","protected":false},"author":1,"featured_media":69826,"comment_status":"open","ping_status":"closed","sticky":false,"template":"","format":"standard","meta":{"editor_plus_copied_stylings":"{}","footnotes":""},"categories":[304,288,412],"tags":[523,144,526],"class_list":["post-69704","post","type-post","status-publish","format-standard","has-post-thumbnail","hentry","category-meta-es","category-orinoquia-es","category-regiones","tag-naturaleza","tag-nature","tag-pueblos"],"yoast_head":"<!-- This site is optimized with the Yoast SEO plugin v28.3 - https:\/\/yoast.com\/product\/yoast-seo-wordpress\/ -->\n<title>[2026] Sendero Ca\u00f1o Cristalitos - Mirador: la hermana peque\u00f1a de Ca\u00f1o Cristales | Meta | Visit my Colombia<\/title>\n<meta name=\"description\" content=\"Admire los paisajes salvajes de la Sierra de la Macarena, con sus r\u00edos de colores, su selva y sus miradores panor\u00e1micos, en esta excursi\u00f3n por la naturaleza en Ca\u00f1o Cristalito.\" \/>\n<meta name=\"robots\" content=\"index, follow, max-snippet:-1, max-image-preview:large, max-video-preview:-1\" \/>\n<link rel=\"canonical\" href=\"https:\/\/visitmycolombia.com\/es\/sendero-cano-cristalitos-mirador-la-hermana-pequena-de-cano-cristales\/\" \/>\n<meta property=\"og:locale\" content=\"es_ES\" \/>\n<meta property=\"og:type\" content=\"article\" \/>\n<meta property=\"og:title\" content=\"[2026] Sendero Ca\u00f1o Cristalitos - Mirador: la hermana peque\u00f1a de Ca\u00f1o Cristales | Meta | Visit my Colombia\" \/>\n<meta property=\"og:description\" content=\"Admire los paisajes salvajes de la Sierra de la Macarena, con sus r\u00edos de colores, su selva y sus miradores panor\u00e1micos, en esta excursi\u00f3n por la naturaleza en Ca\u00f1o Cristalito.\" \/>\n<meta property=\"og:url\" content=\"https:\/\/visitmycolombia.com\/es\/sendero-cano-cristalitos-mirador-la-hermana-pequena-de-cano-cristales\/\" \/>\n<meta property=\"og:site_name\" content=\"Visit my Colombia\" \/>\n<meta property=\"article:published_time\" content=\"2026-08-30T07:00:00+00:00\" \/>\n<meta property=\"og:image\" content=\"https:\/\/visitmycolombia.com\/wp-content\/uploads\/2026\/03\/sentier-cano-cristalitos-mirador-la-macarena-colombie.jpg\" \/>\n\t<meta property=\"og:image:width\" content=\"1920\" \/>\n\t<meta property=\"og:image:height\" content=\"1137\" \/>\n\t<meta property=\"og:image:type\" content=\"image\/jpeg\" \/>\n<meta name=\"author\" content=\"Caro &amp; Romain\" \/>\n<meta name=\"twitter:card\" content=\"summary_large_image\" \/>\n<meta name=\"twitter:label1\" content=\"Escrito por\" \/>\n\t<meta name=\"twitter:data1\" content=\"Caro &amp; Romain\" \/>\n\t<meta name=\"twitter:label2\" content=\"Tiempo de lectura\" \/>\n\t<meta name=\"twitter:data2\" content=\"15 minutos\" \/>\n<script type=\"application\/ld+json\" class=\"yoast-schema-graph\">{\"@context\":\"https:\\\/\\\/schema.org\",\"@graph\":[{\"@type\":\"Article\",\"@id\":\"https:\\\/\\\/visitmycolombia.com\\\/es\\\/sendero-cano-cristalitos-mirador-la-hermana-pequena-de-cano-cristales\\\/#article\",\"isPartOf\":{\"@id\":\"https:\\\/\\\/visitmycolombia.com\\\/es\\\/sendero-cano-cristalitos-mirador-la-hermana-pequena-de-cano-cristales\\\/\"},\"author\":{\"name\":\"Caro &amp; Romain\",\"@id\":\"https:\\\/\\\/visitmycolombia.com\\\/es\\\/#\\\/schema\\\/person\\\/8f1d0d7caec28262b4294a64a39648e9\"},\"headline\":\"Sendero Ca\u00f1o Cristalitos &#8211; Mirador: la hermana peque\u00f1a de Ca\u00f1o Cristales\",\"datePublished\":\"2026-08-30T07:00:00+00:00\",\"mainEntityOfPage\":{\"@id\":\"https:\\\/\\\/visitmycolombia.com\\\/es\\\/sendero-cano-cristalitos-mirador-la-hermana-pequena-de-cano-cristales\\\/\"},\"wordCount\":3378,\"commentCount\":0,\"publisher\":{\"@id\":\"https:\\\/\\\/visitmycolombia.com\\\/es\\\/#\\\/schema\\\/person\\\/8f1d0d7caec28262b4294a64a39648e9\"},\"image\":{\"@id\":\"https:\\\/\\\/visitmycolombia.com\\\/es\\\/sendero-cano-cristalitos-mirador-la-hermana-pequena-de-cano-cristales\\\/#primaryimage\"},\"thumbnailUrl\":\"https:\\\/\\\/visitmycolombia.com\\\/wp-content\\\/uploads\\\/2026\\\/03\\\/sentier-cano-cristalitos-mirador-la-macarena-colombie.jpg\",\"keywords\":[\"Naturaleza\",\"Nature\",\"Pueblos\"],\"articleSection\":[\"Meta\",\"Orinoqu\u00eda\",\"Regiones\"],\"inLanguage\":\"es\",\"potentialAction\":[{\"@type\":\"CommentAction\",\"name\":\"Comment\",\"target\":[\"https:\\\/\\\/visitmycolombia.com\\\/es\\\/sendero-cano-cristalitos-mirador-la-hermana-pequena-de-cano-cristales\\\/#respond\"]}]},{\"@type\":\"WebPage\",\"@id\":\"https:\\\/\\\/visitmycolombia.com\\\/es\\\/sendero-cano-cristalitos-mirador-la-hermana-pequena-de-cano-cristales\\\/\",\"url\":\"https:\\\/\\\/visitmycolombia.com\\\/es\\\/sendero-cano-cristalitos-mirador-la-hermana-pequena-de-cano-cristales\\\/\",\"name\":\"[2026] Sendero Ca\u00f1o Cristalitos - Mirador: la hermana peque\u00f1a de Ca\u00f1o Cristales | Meta | Visit my Colombia\",\"isPartOf\":{\"@id\":\"https:\\\/\\\/visitmycolombia.com\\\/es\\\/#website\"},\"primaryImageOfPage\":{\"@id\":\"https:\\\/\\\/visitmycolombia.com\\\/es\\\/sendero-cano-cristalitos-mirador-la-hermana-pequena-de-cano-cristales\\\/#primaryimage\"},\"image\":{\"@id\":\"https:\\\/\\\/visitmycolombia.com\\\/es\\\/sendero-cano-cristalitos-mirador-la-hermana-pequena-de-cano-cristales\\\/#primaryimage\"},\"thumbnailUrl\":\"https:\\\/\\\/visitmycolombia.com\\\/wp-content\\\/uploads\\\/2026\\\/03\\\/sentier-cano-cristalitos-mirador-la-macarena-colombie.jpg\",\"datePublished\":\"2026-08-30T07:00:00+00:00\",\"description\":\"Admire los paisajes salvajes de la Sierra de la Macarena, con sus r\u00edos de colores, su selva y sus miradores panor\u00e1micos, en esta excursi\u00f3n por la naturaleza en Ca\u00f1o Cristalito.\",\"inLanguage\":\"es\",\"potentialAction\":[{\"@type\":\"ReadAction\",\"target\":[\"https:\\\/\\\/visitmycolombia.com\\\/es\\\/sendero-cano-cristalitos-mirador-la-hermana-pequena-de-cano-cristales\\\/\"]}]},{\"@type\":\"ImageObject\",\"inLanguage\":\"es\",\"@id\":\"https:\\\/\\\/visitmycolombia.com\\\/es\\\/sendero-cano-cristalitos-mirador-la-hermana-pequena-de-cano-cristales\\\/#primaryimage\",\"url\":\"https:\\\/\\\/visitmycolombia.com\\\/wp-content\\\/uploads\\\/2026\\\/03\\\/sentier-cano-cristalitos-mirador-la-macarena-colombie.jpg\",\"contentUrl\":\"https:\\\/\\\/visitmycolombia.com\\\/wp-content\\\/uploads\\\/2026\\\/03\\\/sentier-cano-cristalitos-mirador-la-macarena-colombie.jpg\",\"width\":1920,\"height\":1137,\"caption\":\"Sentier\"},{\"@type\":\"WebSite\",\"@id\":\"https:\\\/\\\/visitmycolombia.com\\\/es\\\/#website\",\"url\":\"https:\\\/\\\/visitmycolombia.com\\\/es\\\/\",\"name\":\"Visit my Colombia\",\"description\":\"Blog voyage Colombie : itin\u00e9raires, conseils, culture et plus encore ! | Visit my Colombia\",\"publisher\":{\"@id\":\"https:\\\/\\\/visitmycolombia.com\\\/es\\\/#\\\/schema\\\/person\\\/8f1d0d7caec28262b4294a64a39648e9\"},\"potentialAction\":[{\"@type\":\"SearchAction\",\"target\":{\"@type\":\"EntryPoint\",\"urlTemplate\":\"https:\\\/\\\/visitmycolombia.com\\\/es\\\/?s={search_term_string}\"},\"query-input\":{\"@type\":\"PropertyValueSpecification\",\"valueRequired\":true,\"valueName\":\"search_term_string\"}}],\"inLanguage\":\"es\"},{\"@type\":[\"Person\",\"Organization\"],\"@id\":\"https:\\\/\\\/visitmycolombia.com\\\/es\\\/#\\\/schema\\\/person\\\/8f1d0d7caec28262b4294a64a39648e9\",\"name\":\"Caro &amp; Romain\",\"image\":{\"@type\":\"ImageObject\",\"inLanguage\":\"es\",\"@id\":\"https:\\\/\\\/visitmycolombia.com\\\/wp-content\\\/uploads\\\/2023\\\/10\\\/logo-visit-my-colombia.png\",\"url\":\"https:\\\/\\\/visitmycolombia.com\\\/wp-content\\\/uploads\\\/2023\\\/10\\\/logo-visit-my-colombia.png\",\"contentUrl\":\"https:\\\/\\\/visitmycolombia.com\\\/wp-content\\\/uploads\\\/2023\\\/10\\\/logo-visit-my-colombia.png\",\"width\":1200,\"height\":313,\"caption\":\"Caro &amp; Romain\"},\"logo\":{\"@id\":\"https:\\\/\\\/visitmycolombia.com\\\/wp-content\\\/uploads\\\/2023\\\/10\\\/logo-visit-my-colombia.png\"},\"sameAs\":[\"https:\\\/\\\/visitmycolombia.com\"],\"url\":\"https:\\\/\\\/visitmycolombia.com\\\/es\\\/author\\\/swylean\\\/\"}]}<\/script>\n<!-- \/ Yoast SEO plugin. -->","yoast_head_json":{"title":"[2026] Sendero Ca\u00f1o Cristalitos - Mirador: la hermana peque\u00f1a de Ca\u00f1o Cristales | Meta | Visit my Colombia","description":"Admire los paisajes salvajes de la Sierra de la Macarena, con sus r\u00edos de colores, su selva y sus miradores panor\u00e1micos, en esta excursi\u00f3n por la naturaleza en Ca\u00f1o Cristalito.","robots":{"index":"index","follow":"follow","max-snippet":"max-snippet:-1","max-image-preview":"max-image-preview:large","max-video-preview":"max-video-preview:-1"},"canonical":"https:\/\/visitmycolombia.com\/es\/sendero-cano-cristalitos-mirador-la-hermana-pequena-de-cano-cristales\/","og_locale":"es_ES","og_type":"article","og_title":"[2026] Sendero Ca\u00f1o Cristalitos - Mirador: la hermana peque\u00f1a de Ca\u00f1o Cristales | Meta | Visit my Colombia","og_description":"Admire los paisajes salvajes de la Sierra de la Macarena, con sus r\u00edos de colores, su selva y sus miradores panor\u00e1micos, en esta excursi\u00f3n por la naturaleza en Ca\u00f1o Cristalito.","og_url":"https:\/\/visitmycolombia.com\/es\/sendero-cano-cristalitos-mirador-la-hermana-pequena-de-cano-cristales\/","og_site_name":"Visit my Colombia","article_published_time":"2026-08-30T07:00:00+00:00","og_image":[{"width":1920,"height":1137,"url":"https:\/\/visitmycolombia.com\/wp-content\/uploads\/2026\/03\/sentier-cano-cristalitos-mirador-la-macarena-colombie.jpg","type":"image\/jpeg"}],"author":"Caro &amp; Romain","twitter_card":"summary_large_image","twitter_misc":{"Escrito por":"Caro &amp; Romain","Tiempo de lectura":"15 minutos"},"schema":{"@context":"https:\/\/schema.org","@graph":[{"@type":"Article","@id":"https:\/\/visitmycolombia.com\/es\/sendero-cano-cristalitos-mirador-la-hermana-pequena-de-cano-cristales\/#article","isPartOf":{"@id":"https:\/\/visitmycolombia.com\/es\/sendero-cano-cristalitos-mirador-la-hermana-pequena-de-cano-cristales\/"},"author":{"name":"Caro &amp; Romain","@id":"https:\/\/visitmycolombia.com\/es\/#\/schema\/person\/8f1d0d7caec28262b4294a64a39648e9"},"headline":"Sendero Ca\u00f1o Cristalitos &#8211; Mirador: la hermana peque\u00f1a de Ca\u00f1o Cristales","datePublished":"2026-08-30T07:00:00+00:00","mainEntityOfPage":{"@id":"https:\/\/visitmycolombia.com\/es\/sendero-cano-cristalitos-mirador-la-hermana-pequena-de-cano-cristales\/"},"wordCount":3378,"commentCount":0,"publisher":{"@id":"https:\/\/visitmycolombia.com\/es\/#\/schema\/person\/8f1d0d7caec28262b4294a64a39648e9"},"image":{"@id":"https:\/\/visitmycolombia.com\/es\/sendero-cano-cristalitos-mirador-la-hermana-pequena-de-cano-cristales\/#primaryimage"},"thumbnailUrl":"https:\/\/visitmycolombia.com\/wp-content\/uploads\/2026\/03\/sentier-cano-cristalitos-mirador-la-macarena-colombie.jpg","keywords":["Naturaleza","Nature","Pueblos"],"articleSection":["Meta","Orinoqu\u00eda","Regiones"],"inLanguage":"es","potentialAction":[{"@type":"CommentAction","name":"Comment","target":["https:\/\/visitmycolombia.com\/es\/sendero-cano-cristalitos-mirador-la-hermana-pequena-de-cano-cristales\/#respond"]}]},{"@type":"WebPage","@id":"https:\/\/visitmycolombia.com\/es\/sendero-cano-cristalitos-mirador-la-hermana-pequena-de-cano-cristales\/","url":"https:\/\/visitmycolombia.com\/es\/sendero-cano-cristalitos-mirador-la-hermana-pequena-de-cano-cristales\/","name":"[2026] Sendero Ca\u00f1o Cristalitos - Mirador: la hermana peque\u00f1a de Ca\u00f1o Cristales | Meta | Visit my Colombia","isPartOf":{"@id":"https:\/\/visitmycolombia.com\/es\/#website"},"primaryImageOfPage":{"@id":"https:\/\/visitmycolombia.com\/es\/sendero-cano-cristalitos-mirador-la-hermana-pequena-de-cano-cristales\/#primaryimage"},"image":{"@id":"https:\/\/visitmycolombia.com\/es\/sendero-cano-cristalitos-mirador-la-hermana-pequena-de-cano-cristales\/#primaryimage"},"thumbnailUrl":"https:\/\/visitmycolombia.com\/wp-content\/uploads\/2026\/03\/sentier-cano-cristalitos-mirador-la-macarena-colombie.jpg","datePublished":"2026-08-30T07:00:00+00:00","description":"Admire los paisajes salvajes de la Sierra de la Macarena, con sus r\u00edos de colores, su selva y sus miradores panor\u00e1micos, en esta excursi\u00f3n por la naturaleza en Ca\u00f1o Cristalito.","inLanguage":"es","potentialAction":[{"@type":"ReadAction","target":["https:\/\/visitmycolombia.com\/es\/sendero-cano-cristalitos-mirador-la-hermana-pequena-de-cano-cristales\/"]}]},{"@type":"ImageObject","inLanguage":"es","@id":"https:\/\/visitmycolombia.com\/es\/sendero-cano-cristalitos-mirador-la-hermana-pequena-de-cano-cristales\/#primaryimage","url":"https:\/\/visitmycolombia.com\/wp-content\/uploads\/2026\/03\/sentier-cano-cristalitos-mirador-la-macarena-colombie.jpg","contentUrl":"https:\/\/visitmycolombia.com\/wp-content\/uploads\/2026\/03\/sentier-cano-cristalitos-mirador-la-macarena-colombie.jpg","width":1920,"height":1137,"caption":"Sentier"},{"@type":"WebSite","@id":"https:\/\/visitmycolombia.com\/es\/#website","url":"https:\/\/visitmycolombia.com\/es\/","name":"Visit my Colombia","description":"Blog voyage Colombie : itin\u00e9raires, conseils, culture et plus encore ! | Visit my Colombia","publisher":{"@id":"https:\/\/visitmycolombia.com\/es\/#\/schema\/person\/8f1d0d7caec28262b4294a64a39648e9"},"potentialAction":[{"@type":"SearchAction","target":{"@type":"EntryPoint","urlTemplate":"https:\/\/visitmycolombia.com\/es\/?s={search_term_string}"},"query-input":{"@type":"PropertyValueSpecification","valueRequired":true,"valueName":"search_term_string"}}],"inLanguage":"es"},{"@type":["Person","Organization"],"@id":"https:\/\/visitmycolombia.com\/es\/#\/schema\/person\/8f1d0d7caec28262b4294a64a39648e9","name":"Caro &amp; Romain","image":{"@type":"ImageObject","inLanguage":"es","@id":"https:\/\/visitmycolombia.com\/wp-content\/uploads\/2023\/10\/logo-visit-my-colombia.png","url":"https:\/\/visitmycolombia.com\/wp-content\/uploads\/2023\/10\/logo-visit-my-colombia.png","contentUrl":"https:\/\/visitmycolombia.com\/wp-content\/uploads\/2023\/10\/logo-visit-my-colombia.png","width":1200,"height":313,"caption":"Caro &amp; Romain"},"logo":{"@id":"https:\/\/visitmycolombia.com\/wp-content\/uploads\/2023\/10\/logo-visit-my-colombia.png"},"sameAs":["https:\/\/visitmycolombia.com"],"url":"https:\/\/visitmycolombia.com\/es\/author\/swylean\/"}]}},"_links":{"self":[{"href":"https:\/\/visitmycolombia.com\/es\/wp-json\/wp\/v2\/posts\/69704","targetHints":{"allow":["GET"]}}],"collection":[{"href":"https:\/\/visitmycolombia.com\/es\/wp-json\/wp\/v2\/posts"}],"about":[{"href":"https:\/\/visitmycolombia.com\/es\/wp-json\/wp\/v2\/types\/post"}],"author":[{"embeddable":true,"href":"https:\/\/visitmycolombia.com\/es\/wp-json\/wp\/v2\/users\/1"}],"replies":[{"embeddable":true,"href":"https:\/\/visitmycolombia.com\/es\/wp-json\/wp\/v2\/comments?post=69704"}],"version-history":[{"count":1,"href":"https:\/\/visitmycolombia.com\/es\/wp-json\/wp\/v2\/posts\/69704\/revisions"}],"predecessor-version":[{"id":72241,"href":"https:\/\/visitmycolombia.com\/es\/wp-json\/wp\/v2\/posts\/69704\/revisions\/72241"}],"wp:featuredmedia":[{"embeddable":true,"href":"https:\/\/visitmycolombia.com\/es\/wp-json\/wp\/v2\/media\/69826"}],"wp:attachment":[{"href":"https:\/\/visitmycolombia.com\/es\/wp-json\/wp\/v2\/media?parent=69704"}],"wp:term":[{"taxonomy":"category","embeddable":true,"href":"https:\/\/visitmycolombia.com\/es\/wp-json\/wp\/v2\/categories?post=69704"},{"taxonomy":"post_tag","embeddable":true,"href":"https:\/\/visitmycolombia.com\/es\/wp-json\/wp\/v2\/tags?post=69704"}],"curies":[{"name":"wp","href":"https:\/\/api.w.org\/{rel}","templated":true}]}}