{"id":69705,"date":"2026-08-30T09:00:00","date_gmt":"2026-08-30T07:00:00","guid":{"rendered":"https:\/\/visitmycolombia.com\/?p=69705"},"modified":"2026-03-15T16:34:50","modified_gmt":"2026-03-15T15:34:50","slug":"sentiero-cano-cristalitos-mirador-escursione-alla-sorella-minore-nascosta-del-cano-cristales","status":"publish","type":"post","link":"https:\/\/visitmycolombia.com\/it\/sentiero-cano-cristalitos-mirador-escursione-alla-sorella-minore-nascosta-del-cano-cristales\/","title":{"rendered":"Sentiero Ca\u00f1o Cristalitos &#8211; Mirador: escursione alla sorella minore nascosta del Ca\u00f1o Cristales"},"content":{"rendered":"\n<div class=\"wp-block-group eplus-wrapper is-layout-constrained wp-block-group-is-layout-constrained\"><hr class=\"is-style-dots wp-block-separator has-text-color has-alpha-channel-opacity has-background eplus-wrapper eplus-styles-uid-a3cde3\" style=\"background-color:#da906b;color:#da906b\">\n\n<h2 class=\" wp-block-heading eplus-wrapper eplus-styles-uid-2511c5\"><strong>In breve<\/strong><\/h2>\n\n<hr class=\"is-style-dots wp-block-separator has-text-color has-alpha-channel-opacity has-background eplus-wrapper eplus-styles-uid-9a0b83\" style=\"background-color:#da906b;color:#da906b\"><\/div>\n\n\n<div  id=\"jtg-69671\" class=\"modula modula-gallery modula-columns\" data-config=\"{&quot;tabletHeight&quot;:800,&quot;mobileHeight&quot;:800,&quot;desktopHeight&quot;:800,&quot;enableTwitter&quot;:false,&quot;enableWhatsapp&quot;:false,&quot;enableFacebook&quot;:false,&quot;enablePinterest&quot;:false,&quot;enableLinkedin&quot;:false,&quot;enableEmail&quot;:false,&quot;randomFactor&quot;:0,&quot;type&quot;:&quot;grid&quot;,&quot;columns&quot;:12,&quot;gutter&quot;:10,&quot;mobileGutter&quot;:10,&quot;tabletGutter&quot;:10,&quot;desktopGutter&quot;:10,&quot;enableResponsive&quot;:&quot;0&quot;,&quot;tabletColumns&quot;:2,&quot;mobileColumns&quot;:1,&quot;lazyLoad&quot;:0,&quot;lightboxOpts&quot;:{&quot;animated&quot;:true,&quot;Thumbs&quot;:{&quot;type&quot;:&quot;modern&quot;,&quot;showOnStart&quot;:false},&quot;Toolbar&quot;:{&quot;display&quot;:{&quot;right&quot;:[&quot;close&quot;]},&quot;enabled&quot;:true},&quot;Carousel&quot;:{&quot;Panzoom&quot;:{&quot;touch&quot;:true},&quot;infinite&quot;:false},&quot;keyboard&quot;:{&quot;Escape&quot;:&quot;close&quot;,&quot;Delete&quot;:&quot;close&quot;,&quot;Backspace&quot;:&quot;close&quot;,&quot;PageUp&quot;:&quot;next&quot;,&quot;PageDown&quot;:&quot;prev&quot;,&quot;ArrowUp&quot;:&quot;prev&quot;,&quot;ArrowDown&quot;:&quot;next&quot;,&quot;ArrowRight&quot;:&quot;next&quot;,&quot;ArrowLeft&quot;:&quot;prev&quot;},&quot;wheel&quot;:&quot;slide&quot;,&quot;touch&quot;:true,&quot;backdropClick&quot;:&quot;close&quot;,&quot;l10n&quot;:{&quot;CLOSE&quot;:&quot;Close&quot;,&quot;NEXT&quot;:&quot;Next&quot;,&quot;PREV&quot;:&quot;Previous&quot;,&quot;Error&quot;:&quot;The requested content cannot be loaded. Please try again later.&quot;,&quot;PLAY_START&quot;:&quot;Start slideshow&quot;,&quot;PLAY_STOP&quot;:&quot;Pause slideshow&quot;,&quot;FULL_SCREEN&quot;:&quot;Full screen&quot;,&quot;THUMBS&quot;:&quot;Thumbnails&quot;,&quot;DOWNLOAD&quot;:&quot;Download&quot;,&quot;SHARE&quot;:&quot;Share&quot;,&quot;ZOOM&quot;:&quot;Zoom&quot;,&quot;EMAIL&quot;:&quot;Here is the link to the image : %%image_link%% and this is the link to the gallery : %%gallery_link%%&quot;,&quot;MODAL&quot;:&quot;You can close this modal content with the ESC key&quot;,&quot;ERROR&quot;:&quot;Something Went Wrong, Please Try Again Later&quot;,&quot;IMAGE_ERROR&quot;:&quot;Image Not Found&quot;,&quot;ELEMENT_NOT_FOUND&quot;:&quot;HTML Element Not Found&quot;,&quot;AJAX_NOT_FOUND&quot;:&quot;Error Loading AJAX : Not Found&quot;,&quot;AJAX_FORBIDDEN&quot;:&quot;Error Loading AJAX : Forbidden&quot;,&quot;IFRAME_ERROR&quot;:&quot;Error Loading Page&quot;,&quot;TOGGLE_ZOOM&quot;:&quot;Toggle zoom level&quot;,&quot;TOGGLE_THUMBS&quot;:&quot;Toggle thumbnails&quot;,&quot;TOGGLE_SLIDESHOW&quot;:&quot;Toggle slideshow&quot;,&quot;TOGGLE_FULLSCREEN&quot;:&quot;Toggle full-screen mode&quot;},&quot;Images&quot;:{&quot;Panzoom&quot;:{&quot;maxScale&quot;:2}},&quot;mainClass&quot;:&quot;modula-fancybox-container modula-lightbox-jtg-69671&quot;,&quot;Html&quot;:{&quot;videoAutoplay&quot;:0,&quot;videoTpl&quot;:&quot;&lt;video class=\\&quot;fancybox__html5video\\&quot; controls muted playsinline controlsList controlsList=\\&quot;nodownload\\&quot; poster=\\&quot;{{poster}}\\&quot; src=\\&quot;{{src}}\\&quot; type=\\&quot;{{format}}\\&quot; &gt;  Sorry, your browser doesn&#039;t support embedded videos, &lt;a href=\\&quot;{{src}}\\&quot;&gt; download &lt;\\\/a&gt; and watch with your favorite video player! &lt;\\\/video&gt;&quot;}},&quot;inView&quot;:false,&quot;email_subject&quot;:&quot;Check out this awesome image !!&quot;,&quot;email_message&quot;:&quot;Here is the link to the image : %%image_link%% and this is the link to the gallery : %%gallery_link%%&quot;,&quot;grid_type&quot;:&quot;automatic&quot;,&quot;rowHeight&quot;:250,&quot;lastRow&quot;:&quot;justify&quot;,&quot;lightbox&quot;:&quot;fancybox&quot;,&quot;lightbox_devices&quot;:&quot;both&quot;}\">\n\n\t\n\t<div  class=\"modula-items grid-gallery\">\n\t\t<div class=\"modula-item effect-pufrobo\" >\n\t<div class=\"modula-item-overlay\"><\/div>\n\n\t<div class=\"modula-item-content\">\n\n\t\t<a data-image-id=\"69513\" role=\"button\" data-elementor-open-lightbox=\"no\" tabindex=\"0\" rel=\"jtg-69671\" data-caption=\"\" aria-label=\"Open image in lightbox\" class=\"tile-inner modula-item-link\"><\/a><img loading=\"lazy\" decoding=\"async\" class=\"pic wp-image-69513\"  data-valign=\"middle\" data-halign=\"center\" alt=\"Sentier Ca\u00f1o Cristalito - Mirador, Parc National Sierra de la Macarena (Meta), Colombie\" data-full=\"https:\/\/visitmycolombia.com\/wp-content\/uploads\/2026\/03\/cano-cristales-sentier-cano-cristalitos-mirador-la-macarena-colombie-2.jpg\" title=\"cano-cristales-sentier-cano-cristalitos-mirador-la-macarena-colombie-2\" crop=\"\" width=\"1680\" height=\"945\" src=\"https:\/\/visitmycolombia.com\/wp-content\/uploads\/2026\/03\/cano-cristales-sentier-cano-cristalitos-mirador-la-macarena-colombie-2.jpg\" data-src=\"https:\/\/visitmycolombia.com\/wp-content\/uploads\/2026\/03\/cano-cristales-sentier-cano-cristalitos-mirador-la-macarena-colombie-2.jpg\" data-caption=\"\" srcset=\"https:\/\/visitmycolombia.com\/wp-content\/uploads\/2026\/03\/cano-cristales-sentier-cano-cristalitos-mirador-la-macarena-colombie-2.jpg 1680w, https:\/\/visitmycolombia.com\/wp-content\/uploads\/2026\/03\/cano-cristales-sentier-cano-cristalitos-mirador-la-macarena-colombie-2-300x169.jpg 300w, https:\/\/visitmycolombia.com\/wp-content\/uploads\/2026\/03\/cano-cristales-sentier-cano-cristalitos-mirador-la-macarena-colombie-2-1024x576.jpg 1024w, https:\/\/visitmycolombia.com\/wp-content\/uploads\/2026\/03\/cano-cristales-sentier-cano-cristalitos-mirador-la-macarena-colombie-2-150x84.jpg 150w, https:\/\/visitmycolombia.com\/wp-content\/uploads\/2026\/03\/cano-cristales-sentier-cano-cristalitos-mirador-la-macarena-colombie-2-768x432.jpg 768w, https:\/\/visitmycolombia.com\/wp-content\/uploads\/2026\/03\/cano-cristales-sentier-cano-cristalitos-mirador-la-macarena-colombie-2-1536x864.jpg 1536w\" sizes=\"auto, (max-width: 1680px) 100vw, 1680px\" \/>\n\t\t<div class=\"figc no-description\">\n\t\t\t<div class=\"figc-inner\">\n\t\t\t\t\t\t\t\t\t\t\t\t\t\t\t<\/div>\n\t\t<\/div>\n\n\t<\/div>\n\n<\/div><div class=\"modula-item effect-pufrobo\" >\n\t<div class=\"modula-item-overlay\"><\/div>\n\n\t<div class=\"modula-item-content\">\n\n\t\t<a data-image-id=\"69507\" role=\"button\" data-elementor-open-lightbox=\"no\" tabindex=\"0\" rel=\"jtg-69671\" data-caption=\"\" aria-label=\"Open image in lightbox\" class=\"tile-inner modula-item-link\"><\/a><img loading=\"lazy\" decoding=\"async\" class=\"pic wp-image-69507\"  data-valign=\"middle\" data-halign=\"center\" alt=\"Sentier Ca\u00f1o Cristalito - Mirador, Parc National Sierra de la Macarena (Meta), Colombie\" data-full=\"https:\/\/visitmycolombia.com\/wp-content\/uploads\/2026\/03\/cano-cristales-sentier-cano-cristalitos-mirador-la-macarena-colombie-1.jpg\" title=\"cano-cristales-sentier-cano-cristalitos-mirador-la-macarena-colombie-1\" crop=\"\" width=\"1680\" height=\"945\" src=\"https:\/\/visitmycolombia.com\/wp-content\/uploads\/2026\/03\/cano-cristales-sentier-cano-cristalitos-mirador-la-macarena-colombie-1.jpg\" data-src=\"https:\/\/visitmycolombia.com\/wp-content\/uploads\/2026\/03\/cano-cristales-sentier-cano-cristalitos-mirador-la-macarena-colombie-1.jpg\" data-caption=\"\" srcset=\"https:\/\/visitmycolombia.com\/wp-content\/uploads\/2026\/03\/cano-cristales-sentier-cano-cristalitos-mirador-la-macarena-colombie-1.jpg 1680w, https:\/\/visitmycolombia.com\/wp-content\/uploads\/2026\/03\/cano-cristales-sentier-cano-cristalitos-mirador-la-macarena-colombie-1-300x169.jpg 300w, https:\/\/visitmycolombia.com\/wp-content\/uploads\/2026\/03\/cano-cristales-sentier-cano-cristalitos-mirador-la-macarena-colombie-1-1024x576.jpg 1024w, https:\/\/visitmycolombia.com\/wp-content\/uploads\/2026\/03\/cano-cristales-sentier-cano-cristalitos-mirador-la-macarena-colombie-1-150x84.jpg 150w, https:\/\/visitmycolombia.com\/wp-content\/uploads\/2026\/03\/cano-cristales-sentier-cano-cristalitos-mirador-la-macarena-colombie-1-768x432.jpg 768w, https:\/\/visitmycolombia.com\/wp-content\/uploads\/2026\/03\/cano-cristales-sentier-cano-cristalitos-mirador-la-macarena-colombie-1-1536x864.jpg 1536w\" sizes=\"auto, (max-width: 1680px) 100vw, 1680px\" \/>\n\t\t<div class=\"figc no-description\">\n\t\t\t<div class=\"figc-inner\">\n\t\t\t\t\t\t\t\t\t\t\t\t\t\t\t<\/div>\n\t\t<\/div>\n\n\t<\/div>\n\n<\/div><div class=\"modula-item effect-pufrobo\" >\n\t<div class=\"modula-item-overlay\"><\/div>\n\n\t<div class=\"modula-item-content\">\n\n\t\t<a data-image-id=\"69531\" role=\"button\" data-elementor-open-lightbox=\"no\" tabindex=\"0\" rel=\"jtg-69671\" data-caption=\"\" aria-label=\"Open image in lightbox\" class=\"tile-inner modula-item-link\"><\/a><img loading=\"lazy\" decoding=\"async\" class=\"pic wp-image-69531\"  data-valign=\"middle\" data-halign=\"center\" alt=\"Sentier Ca\u00f1o Cristalito - Mirador, Parc National Sierra de la Macarena (Meta), Colombie\" data-full=\"https:\/\/visitmycolombia.com\/wp-content\/uploads\/2026\/03\/cano-cristales-sentier-cano-cristalitos-mirador-la-macarena-colombie-5.jpg\" title=\"cano-cristales-sentier-cano-cristalitos-mirador-la-macarena-colombie-5\" crop=\"\" width=\"1149\" height=\"1531\" src=\"https:\/\/visitmycolombia.com\/wp-content\/uploads\/2026\/03\/cano-cristales-sentier-cano-cristalitos-mirador-la-macarena-colombie-5.jpg\" data-src=\"https:\/\/visitmycolombia.com\/wp-content\/uploads\/2026\/03\/cano-cristales-sentier-cano-cristalitos-mirador-la-macarena-colombie-5.jpg\" data-caption=\"\" srcset=\"https:\/\/visitmycolombia.com\/wp-content\/uploads\/2026\/03\/cano-cristales-sentier-cano-cristalitos-mirador-la-macarena-colombie-5.jpg 1149w, https:\/\/visitmycolombia.com\/wp-content\/uploads\/2026\/03\/cano-cristales-sentier-cano-cristalitos-mirador-la-macarena-colombie-5-225x300.jpg 225w, https:\/\/visitmycolombia.com\/wp-content\/uploads\/2026\/03\/cano-cristales-sentier-cano-cristalitos-mirador-la-macarena-colombie-5-769x1024.jpg 769w, https:\/\/visitmycolombia.com\/wp-content\/uploads\/2026\/03\/cano-cristales-sentier-cano-cristalitos-mirador-la-macarena-colombie-5-113x150.jpg 113w, https:\/\/visitmycolombia.com\/wp-content\/uploads\/2026\/03\/cano-cristales-sentier-cano-cristalitos-mirador-la-macarena-colombie-5-768x1023.jpg 768w\" sizes=\"auto, (max-width: 1149px) 100vw, 1149px\" \/>\n\t\t<div class=\"figc no-description\">\n\t\t\t<div class=\"figc-inner\">\n\t\t\t\t\t\t\t\t\t\t\t\t\t\t\t<\/div>\n\t\t<\/div>\n\n\t<\/div>\n\n<\/div><div class=\"modula-item effect-pufrobo\" >\n\t<div class=\"modula-item-overlay\"><\/div>\n\n\t<div class=\"modula-item-content\">\n\n\t\t<a data-image-id=\"69525\" role=\"button\" data-elementor-open-lightbox=\"no\" tabindex=\"0\" rel=\"jtg-69671\" data-caption=\"\" aria-label=\"Open image in lightbox\" class=\"tile-inner modula-item-link\"><\/a><img loading=\"lazy\" decoding=\"async\" class=\"pic wp-image-69525\"  data-valign=\"middle\" data-halign=\"center\" alt=\"Macarenia Clavigera, Parc National Sierra de la Macarena, Colombie\" data-full=\"https:\/\/visitmycolombia.com\/wp-content\/uploads\/2026\/03\/cano-cristales-sentier-cano-cristalitos-mirador-la-macarena-colombie-4.jpg\" title=\"cano-cristales-sentier-cano-cristalitos-mirador-la-macarena-colombie-4\" crop=\"\" width=\"1149\" height=\"1531\" src=\"https:\/\/visitmycolombia.com\/wp-content\/uploads\/2026\/03\/cano-cristales-sentier-cano-cristalitos-mirador-la-macarena-colombie-4.jpg\" data-src=\"https:\/\/visitmycolombia.com\/wp-content\/uploads\/2026\/03\/cano-cristales-sentier-cano-cristalitos-mirador-la-macarena-colombie-4.jpg\" data-caption=\"\" srcset=\"https:\/\/visitmycolombia.com\/wp-content\/uploads\/2026\/03\/cano-cristales-sentier-cano-cristalitos-mirador-la-macarena-colombie-4.jpg 1149w, https:\/\/visitmycolombia.com\/wp-content\/uploads\/2026\/03\/cano-cristales-sentier-cano-cristalitos-mirador-la-macarena-colombie-4-225x300.jpg 225w, https:\/\/visitmycolombia.com\/wp-content\/uploads\/2026\/03\/cano-cristales-sentier-cano-cristalitos-mirador-la-macarena-colombie-4-769x1024.jpg 769w, https:\/\/visitmycolombia.com\/wp-content\/uploads\/2026\/03\/cano-cristales-sentier-cano-cristalitos-mirador-la-macarena-colombie-4-113x150.jpg 113w, https:\/\/visitmycolombia.com\/wp-content\/uploads\/2026\/03\/cano-cristales-sentier-cano-cristalitos-mirador-la-macarena-colombie-4-768x1023.jpg 768w\" sizes=\"auto, (max-width: 1149px) 100vw, 1149px\" \/>\n\t\t<div class=\"figc no-description\">\n\t\t\t<div class=\"figc-inner\">\n\t\t\t\t\t\t\t\t\t\t\t\t\t\t\t<\/div>\n\t\t<\/div>\n\n\t<\/div>\n\n<\/div><div class=\"modula-item effect-pufrobo\" >\n\t<div class=\"modula-item-overlay\"><\/div>\n\n\t<div class=\"modula-item-content\">\n\n\t\t<a data-image-id=\"69519\" role=\"button\" data-elementor-open-lightbox=\"no\" tabindex=\"0\" rel=\"jtg-69671\" data-caption=\"\" aria-label=\"Open image in lightbox\" class=\"tile-inner modula-item-link\"><\/a><img loading=\"lazy\" decoding=\"async\" class=\"pic wp-image-69519\"  data-valign=\"middle\" data-halign=\"center\" alt=\"Sentier Ca\u00f1o Cristalito - Mirador, Parc National Sierra de la Macarena (Meta), Colombie\" data-full=\"https:\/\/visitmycolombia.com\/wp-content\/uploads\/2026\/03\/cano-cristales-sentier-cano-cristalitos-mirador-la-macarena-colombie-3.jpg\" title=\"cano-cristales-sentier-cano-cristalitos-mirador-la-macarena-colombie-3\" crop=\"\" width=\"1149\" height=\"1531\" src=\"https:\/\/visitmycolombia.com\/wp-content\/uploads\/2026\/03\/cano-cristales-sentier-cano-cristalitos-mirador-la-macarena-colombie-3.jpg\" data-src=\"https:\/\/visitmycolombia.com\/wp-content\/uploads\/2026\/03\/cano-cristales-sentier-cano-cristalitos-mirador-la-macarena-colombie-3.jpg\" data-caption=\"\" srcset=\"https:\/\/visitmycolombia.com\/wp-content\/uploads\/2026\/03\/cano-cristales-sentier-cano-cristalitos-mirador-la-macarena-colombie-3.jpg 1149w, https:\/\/visitmycolombia.com\/wp-content\/uploads\/2026\/03\/cano-cristales-sentier-cano-cristalitos-mirador-la-macarena-colombie-3-225x300.jpg 225w, https:\/\/visitmycolombia.com\/wp-content\/uploads\/2026\/03\/cano-cristales-sentier-cano-cristalitos-mirador-la-macarena-colombie-3-769x1024.jpg 769w, https:\/\/visitmycolombia.com\/wp-content\/uploads\/2026\/03\/cano-cristales-sentier-cano-cristalitos-mirador-la-macarena-colombie-3-113x150.jpg 113w, https:\/\/visitmycolombia.com\/wp-content\/uploads\/2026\/03\/cano-cristales-sentier-cano-cristalitos-mirador-la-macarena-colombie-3-768x1023.jpg 768w\" sizes=\"auto, (max-width: 1149px) 100vw, 1149px\" \/>\n\t\t<div class=\"figc no-description\">\n\t\t\t<div class=\"figc-inner\">\n\t\t\t\t\t\t\t\t\t\t\t\t\t\t\t<\/div>\n\t\t<\/div>\n\n\t<\/div>\n\n<\/div>\t\t\n\t<\/div>\n\n\t\n\t\n\t<script type=\"application\/ld+json\">\n\t{\n\t\t\"@context\": \"https:\/\/schema.org\",\n\t\t\"@type\"   : \"ImageGallery\",\n\t\t\"id\"      : \"https:\/\/visitmycolombia.com\/it\/sentiero-cano-cristalitos-mirador-escursione-alla-sorella-minore-nascosta-del-cano-cristales\/#modula-gallery-69671\",\n\t\t\"url\"     : \"https:\/\/visitmycolombia.com\/it\/sentiero-cano-cristalitos-mirador-escursione-alla-sorella-minore-nascosta-del-cano-cristales\/\"\n\t}\n\n\t<\/script>\n\n\t\n<\/div>\n\n\n\n<div style=\"height:3em\" aria-hidden=\"true\" class=\" wp-block-spacer eplus-wrapper\"><\/div>\n\n\n\n<p class=\"eplus-wrapper wp-block-paragraph\">Nel cuore della <strong>Colombia<\/strong>, nel dipartimento di <strong>Meta<\/strong>, la <strong>Sierra de la Macarena<\/strong> ospita alcuni dei paesaggi naturali pi\u00f9 spettacolari del Sud America. Qui scorre il famoso <strong>Ca\u00f1o Cristales<\/strong>, spesso definito <strong>&#8220;il fiume pi\u00f9 bello del mondo&#8221;.<\/strong> Ogni anno le sue acque assumono <strong>colori sorprendenti &#8211; <strong>rossi, verdi, gialli, blu e neri<\/strong> &#8211;<\/strong> grazie a una <strong>pianta acquatica unica<\/strong>, la <em>Macarenia Clavigera<\/em>, che trasforma il fiume in un vero e proprio <strong>arcobaleno naturale<\/strong>.<\/p>\n\n\n\n<p class=\"eplus-wrapper wp-block-paragraph\">Ma oltre a questo sito iconico, la regione nasconde altri <strong>tesori pi\u00f9 discreti<\/strong>, a volte <strong>meno frequentati<\/strong>&#8230; e altrettanto affascinanti. Tra questi, il <strong>sentiero Ca\u00f1o Cristalitos &#8211; Mirador<\/strong> offre un&#8217;<strong>escursione coinvolgente<\/strong> attraverso i <strong>paesaggi selvaggi di La Macarena<\/strong>. Il sentiero attraversa una <strong>fitta vegetazione tropicale<\/strong>, costeggia antiche <strong>formazioni rocciose<\/strong> e conduce a un <strong>belvedere naturale<\/strong> che offre una <strong>vista spettacolare sul Rio Guayabero<\/strong> e sulle <strong>vaste pianure dei Llanos orientali<\/strong>.<\/p>\n\n\n\n<p class=\"eplus-wrapper wp-block-paragraph\">Alla fine del sentiero, la ricompensa vi aspetta: Il <strong>Ca\u00f1o Cristalitos<\/strong>, un <strong>piccolo torrente cristallino<\/strong> spesso considerato la <strong>sorella minore del Ca\u00f1o Cristales<\/strong>. Qui, le <strong>rocce scolpite<\/strong>, le <strong>piscine naturali<\/strong> e gli <strong>spruzzi di colore<\/strong> creati dalla vegetazione acquatica offrono uno <strong>scorcio del famoso fiume arcobaleno<\/strong> in un <strong>ambiente pi\u00f9 intimo e selvaggio<\/strong>.<\/p>\n\n\n\n<p class=\"eplus-wrapper wp-block-paragraph\">In questo articolo vi proponiamo <strong>un&#8217;escursione per stuzzicare l&#8217;appetito prima di esplorare il sentiero Ca\u00f1o Cristales<\/strong>.<\/p>\n\n\n<div class=\"wp-block-columns eplus-wrapper is-layout-flex wp-container-core-columns-is-layout-7387b849 wp-block-columns-is-layout-flex eplus-styles-uid-67c626\"><div class=\"wp-block-column eplus-wrapper is-layout-flow wp-block-column-is-layout-flow eplus-styles-uid-5e7490\" style=\"flex-basis:33.33%\">\n<p class=\"eplus-wrapper wp-block-paragraph\"><strong>Sentiero del Ca\u00f1o Cristalitos &#8211; Mirador<\/strong><\/p>\n\n\n<ul class=\" wp-block-list eplus-wrapper eplus-styles-uid-f37bd9\">\n<li class=\" eplus-wrapper\">Contea: Meta (Llanos)<\/li>\n\n\n\n<li class=\" eplus-wrapper\">Area naturale: Parco Nazionale della Sierra de la Macarena<\/li>\n\n\n\n<li class=\" eplus-wrapper\">Distanza: 5 km<\/li>\n\n\n\n<li class=\" eplus-wrapper\">Dislivello: 120 m<\/li>\n\n\n\n<li class=\" eplus-wrapper\">Difficolt\u00e0: moderata<\/li>\n\n\n\n<li class=\" eplus-wrapper\">Durata: 4 ore<\/li>\n\n\n\n<li class=\" eplus-wrapper\">Accesso: da La Macarena<\/li>\n<\/ul><\/div>\n\n<div class=\"wp-block-column eplus-wrapper is-layout-flow wp-block-column-is-layout-flow eplus-styles-uid-5e7490\" style=\"flex-basis:66.66%\">\n<p class=\"eplus-wrapper wp-block-paragraph\"><strong>Il nostro verdetto: l&#8217;escursione da fare per prima in un viaggio a La Macarena \u2605\u2605<\/strong><\/p>\n\n\n\n<p class=\"eplus-wrapper wp-block-paragraph\">A nostro avviso, questo percorso \u00e8 il modo perfetto per iniziare un soggiorno nella regione. In primo luogo, perch\u00e9 \u00e8 una delle passeggiate pi\u00f9 brevi e pu\u00f2 essere fatta facilmente lo stesso giorno del vostro arrivo a La Macarena, ideale per sfruttare al massimo la mattinata senza perdere tempo. Offre poi un assaggio delle meraviglie del Parco Nazionale della Sierra de la Macarena, con una graduale preparazione alle escursioni imperdibili come il sentiero Los Pianos. Questa escursione combina i migliori panorami della Sierra de la Macarena con un fiume dai colori sorprendenti, tutto in una sola passeggiata! Un vero vantaggio, soprattutto in una regione in cui le torri di guardia sono rare. Ma attenzione, il tempo pu\u00f2 giocare brutti scherzi: a noi la pioggia ha bloccato completamente la vista dal mirador. Ma questo \u00e8 solo uno dei rischi delle escursioni all&#8217;aria aperta!<\/p>\n<\/div><\/div>\n\n\n<div style=\"height:1em\" aria-hidden=\"true\" class=\" wp-block-spacer eplus-wrapper\"><\/div>\n\n\n<div class=\"wp-block-columns eplus-wrapper is-layout-flex wp-container-core-columns-is-layout-7387b849 wp-block-columns-is-layout-flex eplus-styles-uid-c9d319\"><div class=\"wp-block-column eplus-wrapper is-layout-flow wp-block-column-is-layout-flow eplus-styles-uid-5e7490\">\n<p class=\"eplus-wrapper wp-block-paragraph\"><strong>Numeri turistici sul sentiero Ca\u00f1o Cristalitos &#8211; Mirador: <\/strong>ogni anno la regione di La Macarena attira viaggiatori da tutto il mondo, soprattutto per ammirare il Ca\u00f1o Cristales, considerato uno dei fiumi pi\u00f9 spettacolari del pianeta. Il sito principale del parco ha ricevuto migliaia di visitatori nelle ultime stagioni, a testimonianza del crescente interesse per il turismo naturalistico in questa zona della Sierra de la Macarena. Mentre la maggior parte dei visitatori viene per il Ca\u00f1o Cristales stesso, i sentieri secondari come il Mirador &#8211; Ca\u00f1o Cristalitos beneficiano di questo afflusso rimanendo molto meno frequentati del famoso sentiero Los Pianos, offrendo un&#8217;esperienza pi\u00f9 tranquilla e coinvolgente.<\/p>\n\n\n\n<p class=\"eplus-wrapper wp-block-paragraph\"><strong>Clima della regione (Meta): <\/strong>il clima \u00e8 tipicamente tropicale, con temperature gradevoli tutto l&#8217;anno, che oscillano generalmente tra i 22 e i 32\u00b0C. La regione ha due stagioni principali: la stagione delle piogge, da aprile a novembre, e la stagione secca, da dicembre a marzo. \u00c8 durante la stagione delle piogge che fiumi come il Ca\u00f1o Cristalito e il Ca\u00f1o Cristales assumono i colori pi\u00f9 intensi, grazie alla crescita della pianta acquatica Macarenia clavigera. Anche nella stagione delle piogge, i rovesci sono spesso intensi ma brevi e localizzati, lasciando ampi periodi di sole per praticare attivit\u00e0 all&#8217;aperto. Per una buona riuscita dell&#8217;escursione, mettete in valigia abiti leggeri e traspiranti, un buon repellente per le zanzare e un k-way o un poncho impermeabile per affrontare gli acquazzoni improvvisi.<\/p>\n<\/div><\/div>\n\n\n<div style=\"height:3em\" aria-hidden=\"true\" class=\" wp-block-spacer eplus-wrapper\"><\/div>\n\n\n<div class=\"wp-block-columns eplus-wrapper is-layout-flex wp-container-core-columns-is-layout-7387b849 wp-block-columns-is-layout-flex eplus-styles-uid-9d713f\">\n<div class=\"wp-block-column eplus-wrapper is-layout-flow wp-block-column-is-layout-flow\"><iframe loading=\"lazy\" src=\"https:\/\/www.google.com\/maps\/d\/u\/2\/embed?mid=1MuL8A_oQx4coi4x8FatkGV4NzvMxR_I&amp;ehbc=2E312F&amp;noprof=1\" width=\"640\" height=\"480\" class=\" eplus-styles-uid-dfcfe5\"><\/iframe><\/div>\n<\/div>\n\n<hr class=\"is-style-dots wp-block-separator has-text-color has-alpha-channel-opacity has-background eplus-wrapper eplus-styles-uid-a3cde3\" style=\"background-color:#da906b;color:#da906b\">\n\n<h2 class=\" wp-block-heading eplus-wrapper eplus-styles-uid-2511c5\"><strong><strong>La nostra esperienza<\/strong><\/strong><\/h2>\n\n<hr class=\"is-style-dots wp-block-separator has-text-color has-alpha-channel-opacity has-background eplus-wrapper eplus-styles-uid-9a0b83\" style=\"background-color:#da906b;color:#da906b\">\n\n\n<p class=\"eplus-wrapper wp-block-paragraph\">\u00c8 una <strong>domenica di met\u00e0 settembre<\/strong>. Dopo qualche giorno a <strong>Bogot\u00e0<\/strong>, stiamo aspettando il famoso giorno per prendere il nostro volo Satena per <strong>La Macarena<\/strong>. Primo passo importante: dire al nostro taxi o Uber di lasciarci <strong>al terminal dei voli nazionali<\/strong> &#8211; Satena o ClicAir, a seconda del vostro biglietto &#8211; per evitare ogni confusione. Questo terminal \u00e8 piccolo, quasi vuoto rispetto a quello principale, ma ogni dettaglio conta. I voli partono generalmente al mattino, a giorni alterni in alta stagione, da giugno a novembre.<\/p>\n\n\n\n<p class=\"eplus-wrapper wp-block-paragraph\">Dopo tutte le formalit\u00e0, ci sistemiamo nel nostro aereo a elica.  <strong>Vrrr!<\/strong>  I motori si accendono e decollano. In circa un&#8217;ora, le <strong>montagne delle Ande lasciano il posto ai vasti Llanos<\/strong>, punteggiati da fiumi e foreste, con pochissime tracce umane. L&#8217;aereo inizia la sua discesa e finalmente atterriamo sulla pista del <strong>piccolo aeroporto di La Macarena<\/strong>, in leggero ritardo rispetto alla tabella di marcia.<\/p>\n\n\n\n<p class=\"eplus-wrapper wp-block-paragraph\">Appena usciti, il caldo ci ha investito, in netto contrasto con il clima fresco di Bogot\u00e0. Dopo aver ritirato i bagagli, incontriamo <strong>Javier<\/strong>, la nostra guida per l&#8217;intero viaggio. Ma non c&#8217;\u00e8 tempo da perdere: recatevi all&#8217;<strong>ufficio di Cormacarena<\/strong>, a tre minuti di distanza in tuktuk, per una sessione obbligatoria con i rappresentanti dei parchi nazionali. Ci fanno conoscere l&#8217;area, ci sensibilizzano sulla bellezza e la fragilit\u00e0 dell&#8217;ecosistema e ci spiegano le regole da seguire, come il divieto di usare la plastica, comprese le bottiglie d&#8217;acqua. A seconda del percorso scelto, riceverete <strong>braccialetti colorati<\/strong> per tutta la durata del soggiorno.<\/p>\n\n\n\n<p class=\"eplus-wrapper wp-block-paragraph\">Torniamo in <strong>albergo<\/strong>, facciamo un rapido check-in e ci dirigiamo verso il <strong>pranzo<\/strong> vicino al parco principale: un <strong>fiambre<\/strong>, un misto di riso, carne, patate, piantaggine e verdure, accompagnato da una piantaggine cotta nella sua foglia. Abbiamo formato un gruppo di quattro viaggiatori, pronti a iniziare la nostra avventura.<\/p>\n\n\n\n<p class=\"eplus-wrapper wp-block-paragraph\">Dirigetevi verso il <strong>muelle fluvial<\/strong> per imbarcarvi e navigate per circa venti minuti sul <strong>Rio Guayabero<\/strong> fino al Parco Nazionale della Sierra de la Macarena. Il viaggio \u00e8 gi\u00e0 magico: si vedono uccelli e scimmie in lontananza. Nel bel mezzo del nulla, siamo sbarcati su un pontile sotto un sole splendente e abbiamo iniziato la nostra passeggiata. Raggiungiamo presto una <strong>finca impegnata nella conservazione delle tartarughe<\/strong>: uno stagno ospita centinaia di piccole tartarughe, pronte per essere liberate da adulte.<\/p>\n\n\n\n<p class=\"eplus-wrapper wp-block-paragraph\">Ma ora <strong>inizia<\/strong> la <strong>vera escursione<\/strong>. Usciamo dalla propriet\u00e0 e camminiamo tra palme e altri alberi, iniziando la salita pi\u00f9 grande del viaggio: circa 150-200 metri di dislivello. Javier si ferma a raccontarci del parco, delle piante e della regione. Man mano che procedevamo, la vegetazione si \u00e8 diradata, gli alberi hanno lasciato il posto agli arbusti e ci siamo trovati in <strong>balia del sole<\/strong>, senza ombra.<\/p>\n\n\n\n<p class=\"eplus-wrapper wp-block-paragraph\">Presto arriviamo a <strong>Ca\u00f1o Cristalitos<\/strong>, finalmente! Ammiriamo la <strong>Macarenia Clavigera<\/strong>, una pianta acquatica che colora il letto del fiume. Dopo aver sognato per tanti anni questo momento, siamo affascinati: la natura ha creato queste meraviglie solo qui, e Ca\u00f1o Cristalitos, una versione in miniatura di Ca\u00f1o Cristales, \u00e8 perfetto per un assaggio prima del grande fiume. Nelle vicinanze, una <strong>piscina naturale<\/strong> invita a rinfrescarsi, cosa che alcuni di noi fanno.<\/p>\n\n\n\n<p class=\"eplus-wrapper wp-block-paragraph\">Ma il tempo sta cambiando rapidamente e le nuvole si stanno addensando. Dopo una pausa di 30 minuti, siamo ripartiti alla volta <strong>del mirador<\/strong>, che dovrebbe offrire una vista spettacolare del Rio Guayabero e delle pianure circostanti al tramonto. Inizia a cadere qualche goccia, poi ci sorprende un <strong>vero e proprio acquazzone<\/strong>. Indossati i poncho, inzuppate le borse, proseguiamo coraggiosamente. Arrivo al mirador&#8230; <strong>la vista \u00e8 bloccata dalla pioggia<\/strong>. Deludente! Non abbiamo indugiato e abbiamo iniziato la discesa, attenti alle rocce e ai sassi scivolosi e all&#8217;oscurit\u00e0 che calava rapidamente, perch\u00e9 la zona di notte pullula di serpenti pericolosi.<\/p>\n\n\n\n<p class=\"eplus-wrapper wp-block-paragraph\">Quando si \u00e8 fatto buio, abbiamo terminato la passeggiata alla <strong>luce dei nostri cellulari<\/strong>, fino alla barca, dove la pioggia si \u00e8 finalmente attenuata. Tornati a La Macarena, raggiungiamo l&#8217;hotel intorno alle 18.30-19.00. Dopo una <strong>prima cena locale<\/strong> per tirarci su di morale dopo un primo giorno impressionante.<\/p>\n\n\n<div  id=\"jtg-69827\" class=\"modula modula-gallery modula-columns\" data-config=\"{&quot;tabletHeight&quot;:800,&quot;mobileHeight&quot;:800,&quot;desktopHeight&quot;:800,&quot;enableTwitter&quot;:false,&quot;enableWhatsapp&quot;:false,&quot;enableFacebook&quot;:false,&quot;enablePinterest&quot;:false,&quot;enableLinkedin&quot;:false,&quot;enableEmail&quot;:false,&quot;randomFactor&quot;:0,&quot;type&quot;:&quot;grid&quot;,&quot;columns&quot;:12,&quot;gutter&quot;:10,&quot;mobileGutter&quot;:10,&quot;tabletGutter&quot;:10,&quot;desktopGutter&quot;:10,&quot;enableResponsive&quot;:&quot;0&quot;,&quot;tabletColumns&quot;:2,&quot;mobileColumns&quot;:1,&quot;lazyLoad&quot;:0,&quot;lightboxOpts&quot;:{&quot;animated&quot;:true,&quot;Thumbs&quot;:{&quot;type&quot;:&quot;modern&quot;,&quot;showOnStart&quot;:false},&quot;Toolbar&quot;:{&quot;display&quot;:{&quot;right&quot;:[&quot;close&quot;]},&quot;enabled&quot;:true},&quot;Carousel&quot;:{&quot;Panzoom&quot;:{&quot;touch&quot;:true},&quot;infinite&quot;:false},&quot;keyboard&quot;:{&quot;Escape&quot;:&quot;close&quot;,&quot;Delete&quot;:&quot;close&quot;,&quot;Backspace&quot;:&quot;close&quot;,&quot;PageUp&quot;:&quot;next&quot;,&quot;PageDown&quot;:&quot;prev&quot;,&quot;ArrowUp&quot;:&quot;prev&quot;,&quot;ArrowDown&quot;:&quot;next&quot;,&quot;ArrowRight&quot;:&quot;next&quot;,&quot;ArrowLeft&quot;:&quot;prev&quot;},&quot;wheel&quot;:&quot;slide&quot;,&quot;touch&quot;:true,&quot;backdropClick&quot;:&quot;close&quot;,&quot;l10n&quot;:{&quot;CLOSE&quot;:&quot;Close&quot;,&quot;NEXT&quot;:&quot;Next&quot;,&quot;PREV&quot;:&quot;Previous&quot;,&quot;Error&quot;:&quot;The requested content cannot be loaded. Please try again later.&quot;,&quot;PLAY_START&quot;:&quot;Start slideshow&quot;,&quot;PLAY_STOP&quot;:&quot;Pause slideshow&quot;,&quot;FULL_SCREEN&quot;:&quot;Full screen&quot;,&quot;THUMBS&quot;:&quot;Thumbnails&quot;,&quot;DOWNLOAD&quot;:&quot;Download&quot;,&quot;SHARE&quot;:&quot;Share&quot;,&quot;ZOOM&quot;:&quot;Zoom&quot;,&quot;EMAIL&quot;:&quot;Here is the link to the image : %%image_link%% and this is the link to the gallery : %%gallery_link%%&quot;,&quot;MODAL&quot;:&quot;You can close this modal content with the ESC key&quot;,&quot;ERROR&quot;:&quot;Something Went Wrong, Please Try Again Later&quot;,&quot;IMAGE_ERROR&quot;:&quot;Image Not Found&quot;,&quot;ELEMENT_NOT_FOUND&quot;:&quot;HTML Element Not Found&quot;,&quot;AJAX_NOT_FOUND&quot;:&quot;Error Loading AJAX : Not Found&quot;,&quot;AJAX_FORBIDDEN&quot;:&quot;Error Loading AJAX : Forbidden&quot;,&quot;IFRAME_ERROR&quot;:&quot;Error Loading Page&quot;,&quot;TOGGLE_ZOOM&quot;:&quot;Toggle zoom level&quot;,&quot;TOGGLE_THUMBS&quot;:&quot;Toggle thumbnails&quot;,&quot;TOGGLE_SLIDESHOW&quot;:&quot;Toggle slideshow&quot;,&quot;TOGGLE_FULLSCREEN&quot;:&quot;Toggle full-screen mode&quot;},&quot;Images&quot;:{&quot;Panzoom&quot;:{&quot;maxScale&quot;:2}},&quot;mainClass&quot;:&quot;modula-fancybox-container modula-lightbox-jtg-69827&quot;,&quot;Html&quot;:{&quot;videoAutoplay&quot;:0,&quot;videoTpl&quot;:&quot;&lt;video class=\\&quot;fancybox__html5video\\&quot; controls muted playsinline controlsList controlsList=\\&quot;nodownload\\&quot; poster=\\&quot;{{poster}}\\&quot; src=\\&quot;{{src}}\\&quot; type=\\&quot;{{format}}\\&quot; &gt;  Sorry, your browser doesn&#039;t support embedded videos, &lt;a href=\\&quot;{{src}}\\&quot;&gt; download &lt;\\\/a&gt; and watch with your favorite video player! &lt;\\\/video&gt;&quot;}},&quot;inView&quot;:false,&quot;email_subject&quot;:&quot;Check out this awesome image !!&quot;,&quot;email_message&quot;:&quot;Here is the link to the image : %%image_link%% and this is the link to the gallery : %%gallery_link%%&quot;,&quot;grid_type&quot;:&quot;automatic&quot;,&quot;rowHeight&quot;:250,&quot;lastRow&quot;:&quot;justify&quot;,&quot;lightbox&quot;:&quot;fancybox&quot;,&quot;lightbox_devices&quot;:&quot;both&quot;}\">\n\n\t\n\t<div  class=\"modula-items grid-gallery\">\n\t\t<div class=\"modula-item effect-pufrobo\" >\n\t<div class=\"modula-item-overlay\"><\/div>\n\n\t<div class=\"modula-item-content\">\n\n\t\t<a data-image-id=\"69725\" role=\"button\" data-elementor-open-lightbox=\"no\" tabindex=\"0\" rel=\"jtg-69827\" data-caption=\"\" aria-label=\"Open image in lightbox\" class=\"tile-inner modula-item-link\"><\/a><img loading=\"lazy\" decoding=\"async\" class=\"pic wp-image-69725\"  data-valign=\"middle\" data-halign=\"center\" alt=\"Sentier Ca\u00f1o Cristalitos \u2013 Mirador, Parc National Sierra de la Macarena, Colombie\" data-full=\"https:\/\/visitmycolombia.com\/wp-content\/uploads\/2026\/03\/sentier-cano-cristalitos-mirador-la-macarena-colombie-1.jpg\" title=\"sentier-cano-cristalitos-mirador-la-macarena-colombie-1\" crop=\"\" width=\"1680\" height=\"945\" src=\"https:\/\/visitmycolombia.com\/wp-content\/uploads\/2026\/03\/sentier-cano-cristalitos-mirador-la-macarena-colombie-1.jpg\" data-src=\"https:\/\/visitmycolombia.com\/wp-content\/uploads\/2026\/03\/sentier-cano-cristalitos-mirador-la-macarena-colombie-1.jpg\" data-caption=\"\" srcset=\"https:\/\/visitmycolombia.com\/wp-content\/uploads\/2026\/03\/sentier-cano-cristalitos-mirador-la-macarena-colombie-1.jpg 1680w, https:\/\/visitmycolombia.com\/wp-content\/uploads\/2026\/03\/sentier-cano-cristalitos-mirador-la-macarena-colombie-1-300x169.jpg 300w, https:\/\/visitmycolombia.com\/wp-content\/uploads\/2026\/03\/sentier-cano-cristalitos-mirador-la-macarena-colombie-1-1024x576.jpg 1024w, https:\/\/visitmycolombia.com\/wp-content\/uploads\/2026\/03\/sentier-cano-cristalitos-mirador-la-macarena-colombie-1-150x84.jpg 150w, https:\/\/visitmycolombia.com\/wp-content\/uploads\/2026\/03\/sentier-cano-cristalitos-mirador-la-macarena-colombie-1-768x432.jpg 768w, https:\/\/visitmycolombia.com\/wp-content\/uploads\/2026\/03\/sentier-cano-cristalitos-mirador-la-macarena-colombie-1-1536x864.jpg 1536w\" sizes=\"auto, (max-width: 1680px) 100vw, 1680px\" \/>\n\t\t<div class=\"figc no-description\">\n\t\t\t<div class=\"figc-inner\">\n\t\t\t\t\t\t\t\t\t\t\t\t\t\t\t<\/div>\n\t\t<\/div>\n\n\t<\/div>\n\n<\/div><div class=\"modula-item effect-pufrobo\" >\n\t<div class=\"modula-item-overlay\"><\/div>\n\n\t<div class=\"modula-item-content\">\n\n\t\t<a data-image-id=\"69815\" role=\"button\" data-elementor-open-lightbox=\"no\" tabindex=\"0\" rel=\"jtg-69827\" data-caption=\"\" aria-label=\"Open image in lightbox\" class=\"tile-inner modula-item-link\"><\/a><img loading=\"lazy\" decoding=\"async\" class=\"pic wp-image-69815\"  data-valign=\"middle\" data-halign=\"center\" alt=\"Sentier Ca\u00f1o Cristalitos \u2013 Mirador, Parc National Sierra de la Macarena, Colombie\" data-full=\"https:\/\/visitmycolombia.com\/wp-content\/uploads\/2026\/03\/sentier-cano-cristalitos-mirador-la-macarena-colombie-16.jpg\" title=\"sentier-cano-cristalitos-mirador-la-macarena-colombie-16\" crop=\"\" width=\"1149\" height=\"1531\" src=\"https:\/\/visitmycolombia.com\/wp-content\/uploads\/2026\/03\/sentier-cano-cristalitos-mirador-la-macarena-colombie-16.jpg\" data-src=\"https:\/\/visitmycolombia.com\/wp-content\/uploads\/2026\/03\/sentier-cano-cristalitos-mirador-la-macarena-colombie-16.jpg\" data-caption=\"\" srcset=\"https:\/\/visitmycolombia.com\/wp-content\/uploads\/2026\/03\/sentier-cano-cristalitos-mirador-la-macarena-colombie-16.jpg 1149w, https:\/\/visitmycolombia.com\/wp-content\/uploads\/2026\/03\/sentier-cano-cristalitos-mirador-la-macarena-colombie-16-225x300.jpg 225w, https:\/\/visitmycolombia.com\/wp-content\/uploads\/2026\/03\/sentier-cano-cristalitos-mirador-la-macarena-colombie-16-769x1024.jpg 769w, https:\/\/visitmycolombia.com\/wp-content\/uploads\/2026\/03\/sentier-cano-cristalitos-mirador-la-macarena-colombie-16-113x150.jpg 113w, https:\/\/visitmycolombia.com\/wp-content\/uploads\/2026\/03\/sentier-cano-cristalitos-mirador-la-macarena-colombie-16-768x1023.jpg 768w\" sizes=\"auto, (max-width: 1149px) 100vw, 1149px\" \/>\n\t\t<div class=\"figc no-description\">\n\t\t\t<div class=\"figc-inner\">\n\t\t\t\t\t\t\t\t\t\t\t\t\t\t\t<\/div>\n\t\t<\/div>\n\n\t<\/div>\n\n<\/div><div class=\"modula-item effect-pufrobo\" >\n\t<div class=\"modula-item-overlay\"><\/div>\n\n\t<div class=\"modula-item-content\">\n\n\t\t<a data-image-id=\"69803\" role=\"button\" data-elementor-open-lightbox=\"no\" tabindex=\"0\" rel=\"jtg-69827\" data-caption=\"\" aria-label=\"Open image in lightbox\" class=\"tile-inner modula-item-link\"><\/a><img loading=\"lazy\" decoding=\"async\" class=\"pic wp-image-69803\"  data-valign=\"middle\" data-halign=\"center\" alt=\"Sentier Ca\u00f1o Cristalitos \u2013 Mirador, Parc National Sierra de la Macarena, Colombie\" data-full=\"https:\/\/visitmycolombia.com\/wp-content\/uploads\/2026\/03\/sentier-cano-cristalitos-mirador-la-macarena-colombie-14.jpg\" title=\"sentier-cano-cristalitos-mirador-la-macarena-colombie-14\" crop=\"\" width=\"1149\" height=\"1531\" src=\"https:\/\/visitmycolombia.com\/wp-content\/uploads\/2026\/03\/sentier-cano-cristalitos-mirador-la-macarena-colombie-14.jpg\" data-src=\"https:\/\/visitmycolombia.com\/wp-content\/uploads\/2026\/03\/sentier-cano-cristalitos-mirador-la-macarena-colombie-14.jpg\" data-caption=\"\" srcset=\"https:\/\/visitmycolombia.com\/wp-content\/uploads\/2026\/03\/sentier-cano-cristalitos-mirador-la-macarena-colombie-14.jpg 1149w, https:\/\/visitmycolombia.com\/wp-content\/uploads\/2026\/03\/sentier-cano-cristalitos-mirador-la-macarena-colombie-14-225x300.jpg 225w, https:\/\/visitmycolombia.com\/wp-content\/uploads\/2026\/03\/sentier-cano-cristalitos-mirador-la-macarena-colombie-14-769x1024.jpg 769w, https:\/\/visitmycolombia.com\/wp-content\/uploads\/2026\/03\/sentier-cano-cristalitos-mirador-la-macarena-colombie-14-113x150.jpg 113w, https:\/\/visitmycolombia.com\/wp-content\/uploads\/2026\/03\/sentier-cano-cristalitos-mirador-la-macarena-colombie-14-768x1023.jpg 768w\" sizes=\"auto, (max-width: 1149px) 100vw, 1149px\" \/>\n\t\t<div class=\"figc no-description\">\n\t\t\t<div class=\"figc-inner\">\n\t\t\t\t\t\t\t\t\t\t\t\t\t\t\t<\/div>\n\t\t<\/div>\n\n\t<\/div>\n\n<\/div><div class=\"modula-item effect-pufrobo\" >\n\t<div class=\"modula-item-overlay\"><\/div>\n\n\t<div class=\"modula-item-content\">\n\n\t\t<a data-image-id=\"69731\" role=\"button\" data-elementor-open-lightbox=\"no\" tabindex=\"0\" rel=\"jtg-69827\" data-caption=\"\" aria-label=\"Open image in lightbox\" class=\"tile-inner modula-item-link\"><\/a><img loading=\"lazy\" decoding=\"async\" class=\"pic wp-image-69731\"  data-valign=\"middle\" data-halign=\"center\" alt=\"Sentier Ca\u00f1o Cristalitos \u2013 Mirador, Parc National Sierra de la Macarena, Colombie\" data-full=\"https:\/\/visitmycolombia.com\/wp-content\/uploads\/2026\/03\/sentier-cano-cristalitos-mirador-la-macarena-colombie-2.jpg\" title=\"sentier-cano-cristalitos-mirador-la-macarena-colombie-2\" crop=\"\" width=\"1680\" height=\"945\" src=\"https:\/\/visitmycolombia.com\/wp-content\/uploads\/2026\/03\/sentier-cano-cristalitos-mirador-la-macarena-colombie-2.jpg\" data-src=\"https:\/\/visitmycolombia.com\/wp-content\/uploads\/2026\/03\/sentier-cano-cristalitos-mirador-la-macarena-colombie-2.jpg\" data-caption=\"\" srcset=\"https:\/\/visitmycolombia.com\/wp-content\/uploads\/2026\/03\/sentier-cano-cristalitos-mirador-la-macarena-colombie-2.jpg 1680w, https:\/\/visitmycolombia.com\/wp-content\/uploads\/2026\/03\/sentier-cano-cristalitos-mirador-la-macarena-colombie-2-300x169.jpg 300w, https:\/\/visitmycolombia.com\/wp-content\/uploads\/2026\/03\/sentier-cano-cristalitos-mirador-la-macarena-colombie-2-1024x576.jpg 1024w, https:\/\/visitmycolombia.com\/wp-content\/uploads\/2026\/03\/sentier-cano-cristalitos-mirador-la-macarena-colombie-2-150x84.jpg 150w, https:\/\/visitmycolombia.com\/wp-content\/uploads\/2026\/03\/sentier-cano-cristalitos-mirador-la-macarena-colombie-2-768x432.jpg 768w, https:\/\/visitmycolombia.com\/wp-content\/uploads\/2026\/03\/sentier-cano-cristalitos-mirador-la-macarena-colombie-2-1536x864.jpg 1536w\" sizes=\"auto, (max-width: 1680px) 100vw, 1680px\" \/>\n\t\t<div class=\"figc no-description\">\n\t\t\t<div class=\"figc-inner\">\n\t\t\t\t\t\t\t\t\t\t\t\t\t\t\t<\/div>\n\t\t<\/div>\n\n\t<\/div>\n\n<\/div>\t\t\n\t<\/div>\n\n\t\n\t\n\t<script type=\"application\/ld+json\">\n\t{\n\t\t\"@context\": \"https:\/\/schema.org\",\n\t\t\"@type\"   : \"ImageGallery\",\n\t\t\"id\"      : \"https:\/\/visitmycolombia.com\/it\/sentiero-cano-cristalitos-mirador-escursione-alla-sorella-minore-nascosta-del-cano-cristales\/#modula-gallery-69827\",\n\t\t\"url\"     : \"https:\/\/visitmycolombia.com\/it\/sentiero-cano-cristalitos-mirador-escursione-alla-sorella-minore-nascosta-del-cano-cristales\/\"\n\t}\n\n\t<\/script>\n\n\t\n<\/div>\n\n\n\n<div class=\"wp-block-group eplus-wrapper is-layout-constrained wp-block-group-is-layout-constrained\"><hr class=\"is-style-dots wp-block-separator has-text-color has-alpha-channel-opacity has-background eplus-wrapper eplus-styles-uid-a3cde3\" style=\"background-color:#da906b;color:#da906b\">\n\n<h2 class=\" wp-block-heading eplus-wrapper eplus-styles-uid-2511c5\"><strong>Tariffe e agenzie a La Macarena<\/strong><\/h2>\n\n<hr class=\"is-style-dots wp-block-separator has-text-color has-alpha-channel-opacity has-background eplus-wrapper eplus-styles-uid-9a0b83\" style=\"background-color:#da906b;color:#da906b\"><\/div>\n\n\n\n<div style=\"height:2em\" aria-hidden=\"true\" class=\" wp-block-spacer eplus-wrapper\"><\/div>\n\n\n\n<p class=\"eplus-wrapper wp-block-paragraph\"><strong>Tutte le escursioni nel Parco Nazionale della Sierra de la Macarena devono essere accompagnate da una guida ufficiale<\/strong>. Questa sezione vi offre una <strong>panoramica delle tariffe medie<\/strong> e delle <strong>agenzie locali affidabili<\/strong>, in modo che possiate organizzare le vostre visite in tutta sicurezza e sfruttare al meglio le bellezze della regione.<\/p>\n\n\n\n<blockquote class=\"wp-block-quote eplus-wrapper is-layout-flow wp-block-quote-is-layout-flow\">\n<p class=\"eplus-wrapper wp-block-paragraph\"><strong>Nota: <\/strong>per chi vuole ammirare il famoso fiume dai cinque colori, Ca\u00f1o Cristales, vicino a La Macarena, non \u00e8 una meta molto economica. Un&#8217;alternativa pi\u00f9 economica si trova nella regione di San Jos\u00e9 del Guaviare, meno turistica, dove si possono ammirare fiumi dai colori superbi.<\/p>\n<\/blockquote>\n\n\n\n<div style=\"height:1em\" aria-hidden=\"true\" class=\" wp-block-spacer eplus-wrapper\"><\/div>\n\n\n\n<h3 class=\" wp-block-heading eplus-wrapper\">Agenzie<\/h3>\n\n\n<p class=\"has-background eplus-wrapper eplus-styles-uid-70f882 wp-block-paragraph\" style=\"background-color:#e2fadc\">Ecco i dettagli dell&#8217;agenzia che abbiamo utilizzato per organizzare il nostro soggiorno. Tutto \u00e8 andato alla perfezione, dalla comunicazione iniziale e dal preventivo, al pagamento e ai servizi in loco. Durante il soggiorno, Caro ha subito un piccolo infortunio al piede che ha richiesto una visita in clinica. La compagnia assicurativa dell&#8217;agenzia si \u00e8 occupata immediatamente della situazione e il direttore ci ha persino accompagnato sul posto, un gesto che abbiamo apprezzato molto.<br><br><strong>Agenzia Aventura Tours SAS<\/strong><br>Registro Nazionale del Turismo 22085<br>Sito web: https: <a href=\"https:\/\/www.cano-cristales.com\" target=\"_blank\" rel=\"noreferrer noopener\">\/\/www.cano-cristales.com<\/a><br>Whatsapp: +57 (300) 693 9988<br>Email : info@cano-cristales.com<\/p>\n\n\n<h4 class=\" wp-block-heading eplus-wrapper\">Escursioni obbligatorie con supervisione<\/h4>\n\n\n\n<p class=\"eplus-wrapper wp-block-paragraph\">A differenza di molte altre destinazioni naturalistiche, \u00e8 <strong>impossibile visitare Ca\u00f1o Cristales o i sentieri del parco da soli<\/strong>. Il regolamento prevede la <strong>presenza di una guida ufficiale<\/strong> e i gruppi vengono suddivisi lungo i diversi sentieri per <strong>limitare l&#8217;impatto del turismo<\/strong>.<\/p>\n\n\n\n<p class=\"eplus-wrapper wp-block-paragraph\">Il <strong>numero di visitatori \u00e8 limitato ogni giorno<\/strong>, quindi <strong>\u00e8<\/strong> necessaria <strong>la registrazione preventiva presso le autorit\u00e0 del parco<\/strong>. La maggior parte delle agenzie locali si occuper\u00e0 di <strong>tutte queste formalit\u00e0<\/strong>, compresi i permessi d&#8217;ingresso, la registrazione presso le autorit\u00e0 ambientali e l&#8217;organizzazione delle guide, in modo che il vostro soggiorno si svolga nel modo pi\u00f9 tranquillo possibile.<\/p>\n\n\n\n<h4 class=\" wp-block-heading eplus-wrapper\">Il ruolo delle agenzie locali<\/h4>\n\n\n\n<p class=\"eplus-wrapper wp-block-paragraph\">La maggior parte dei viaggiatori <strong>preferisce utilizzare un&#8217;agenzia locale<\/strong> per organizzare il proprio soggiorno. Queste agenzie offrono generalmente <strong>pacchetti di pi\u00f9 giorni<\/strong> che comprendono alloggio, pasti, <strong>trasferimenti in barca sul Rio Guayabero<\/strong>, escursioni in 4\u00d74 e <strong>passeggiate guidate nel parco<\/strong>.<\/p>\n\n\n\n<p class=\"eplus-wrapper wp-block-paragraph\">Anche quando agenzie nazionali o internazionali commercializzano questi tour, le escursioni sono <strong>quasi sempre condotte da guide locali<\/strong> esperte dei sentieri, della fauna e delle <strong>regole ambientali<\/strong> del parco, garantendo un&#8217;esperienza sicura e rispettosa dell&#8217;ecosistema.<\/p>\n\n\n\n<h4 class=\" wp-block-heading eplus-wrapper\">Siete in grado di organizzare la vostra vacanza?<\/h4>\n\n\n\n<p class=\"eplus-wrapper wp-block-paragraph\"><strong>In teoria, \u00e8 possibile arrivare a La Macarena senza prenotare in anticipo<\/strong> e trovare un&#8217;agenzia o una guida sul posto. Tuttavia, molti viaggiatori sottolineano che <strong>la logistica pu\u00f2 diventare rapidamente complicata<\/strong>, con la gestione dei permessi, delle tasse, dei trasporti e della disponibilit\u00e0 dei sentieri.<\/p>\n\n\n\n<p class=\"eplus-wrapper wp-block-paragraph\">Per questo motivo <strong>la maggior parte dei visitatori sceglie di prenotare un pacchetto completo<\/strong>, che semplifica notevolmente l&#8217;organizzazione e permette di sfruttare appieno le <strong>escursioni, le cascate e le piscine naturali<\/strong> della regione.<\/p>\n\n\n\n<h4 class=\" wp-block-heading eplus-wrapper\">Un&#8217;esperienza supervisionata ma coinvolgente<\/h4>\n\n\n\n<p class=\"eplus-wrapper wp-block-paragraph\">Una volta sul posto, le giornate seguono generalmente un <strong>ritmo simile<\/strong>: una gita in barca sul <strong>Rio Guayabero<\/strong>, il trasferimento in auto fino ai sentieri, quindi <strong>un&#8217;escursione guidata nel parco<\/strong> per esplorare le diverse aree del fiume e ammirare i paesaggi della <strong>Serran\u00eda de la Macarena<\/strong>.<\/p>\n\n\n\n<p class=\"eplus-wrapper wp-block-paragraph\">Sebbene possa sembrare un sistema strettamente controllato, il suo scopo principale \u00e8 quello di <strong>preservare l&#8217;ecosistema unico di Ca\u00f1o Cristales<\/strong>, offrendo ai viaggiatori un&#8217;<strong>esperienza completa e approfondita della<\/strong> natura e della biodiversit\u00e0 locale.<\/p>\n\n\n\n<div style=\"height:1em\" aria-hidden=\"true\" class=\" wp-block-spacer eplus-wrapper\"><\/div>\n\n\n\n<h3 class=\" wp-block-heading eplus-wrapper\">Tariffe<\/h3>\n\n\n\n<p class=\"eplus-wrapper wp-block-paragraph\">Ecco una stima del costo del nostro viaggio nel 2025.<\/p>\n\n\n\n<figure class=\"is-style-stripes wp-block-table eplus-wrapper\"><table class=\"has-fixed-layout\"><tbody><tr><td>Prezzo (per 2 persone)<\/td><td>5.614.410 COP<\/td><\/tr><tr><td>Durata<\/td><td>6 giorni &#8211; 5 notti<\/td><\/tr><tr><td>Incluso<\/td><td>Alloggio Hotel La Fuente<br>Pensione completa (colazione &#8211; pranzo &#8211; cena)<br>Attivit\u00e0 guidate<br>Trasporto locale (barca e 4*4)<\/td><\/tr><tr><td>Non incluso<\/td><td>Biglietti aerei<br>Trasporto in moto verso la Laguna del Silencio<br>Tasse<br>Noleggio di stivali (COP 8.000 &#8211; 10.000 al giorno)<\/td><\/tr><\/tbody><\/table><\/figure>\n\n\n\n<div style=\"height:3em\" aria-hidden=\"true\" class=\" wp-block-spacer eplus-wrapper\"><\/div>\n\n\n<div  id=\"jtg-69828\" class=\"modula modula-gallery modula-columns\" data-config=\"{&quot;tabletHeight&quot;:800,&quot;mobileHeight&quot;:800,&quot;desktopHeight&quot;:800,&quot;enableTwitter&quot;:false,&quot;enableWhatsapp&quot;:false,&quot;enableFacebook&quot;:false,&quot;enablePinterest&quot;:false,&quot;enableLinkedin&quot;:false,&quot;enableEmail&quot;:false,&quot;randomFactor&quot;:0,&quot;type&quot;:&quot;grid&quot;,&quot;columns&quot;:12,&quot;gutter&quot;:10,&quot;mobileGutter&quot;:10,&quot;tabletGutter&quot;:10,&quot;desktopGutter&quot;:10,&quot;enableResponsive&quot;:&quot;0&quot;,&quot;tabletColumns&quot;:2,&quot;mobileColumns&quot;:1,&quot;lazyLoad&quot;:0,&quot;lightboxOpts&quot;:{&quot;animated&quot;:true,&quot;Thumbs&quot;:{&quot;type&quot;:&quot;modern&quot;,&quot;showOnStart&quot;:false},&quot;Toolbar&quot;:{&quot;display&quot;:{&quot;right&quot;:[&quot;close&quot;]},&quot;enabled&quot;:true},&quot;Carousel&quot;:{&quot;Panzoom&quot;:{&quot;touch&quot;:true},&quot;infinite&quot;:false},&quot;keyboard&quot;:{&quot;Escape&quot;:&quot;close&quot;,&quot;Delete&quot;:&quot;close&quot;,&quot;Backspace&quot;:&quot;close&quot;,&quot;PageUp&quot;:&quot;next&quot;,&quot;PageDown&quot;:&quot;prev&quot;,&quot;ArrowUp&quot;:&quot;prev&quot;,&quot;ArrowDown&quot;:&quot;next&quot;,&quot;ArrowRight&quot;:&quot;next&quot;,&quot;ArrowLeft&quot;:&quot;prev&quot;},&quot;wheel&quot;:&quot;slide&quot;,&quot;touch&quot;:true,&quot;backdropClick&quot;:&quot;close&quot;,&quot;l10n&quot;:{&quot;CLOSE&quot;:&quot;Close&quot;,&quot;NEXT&quot;:&quot;Next&quot;,&quot;PREV&quot;:&quot;Previous&quot;,&quot;Error&quot;:&quot;The requested content cannot be loaded. Please try again later.&quot;,&quot;PLAY_START&quot;:&quot;Start slideshow&quot;,&quot;PLAY_STOP&quot;:&quot;Pause slideshow&quot;,&quot;FULL_SCREEN&quot;:&quot;Full screen&quot;,&quot;THUMBS&quot;:&quot;Thumbnails&quot;,&quot;DOWNLOAD&quot;:&quot;Download&quot;,&quot;SHARE&quot;:&quot;Share&quot;,&quot;ZOOM&quot;:&quot;Zoom&quot;,&quot;EMAIL&quot;:&quot;Here is the link to the image : %%image_link%% and this is the link to the gallery : %%gallery_link%%&quot;,&quot;MODAL&quot;:&quot;You can close this modal content with the ESC key&quot;,&quot;ERROR&quot;:&quot;Something Went Wrong, Please Try Again Later&quot;,&quot;IMAGE_ERROR&quot;:&quot;Image Not Found&quot;,&quot;ELEMENT_NOT_FOUND&quot;:&quot;HTML Element Not Found&quot;,&quot;AJAX_NOT_FOUND&quot;:&quot;Error Loading AJAX : Not Found&quot;,&quot;AJAX_FORBIDDEN&quot;:&quot;Error Loading AJAX : Forbidden&quot;,&quot;IFRAME_ERROR&quot;:&quot;Error Loading Page&quot;,&quot;TOGGLE_ZOOM&quot;:&quot;Toggle zoom level&quot;,&quot;TOGGLE_THUMBS&quot;:&quot;Toggle thumbnails&quot;,&quot;TOGGLE_SLIDESHOW&quot;:&quot;Toggle slideshow&quot;,&quot;TOGGLE_FULLSCREEN&quot;:&quot;Toggle full-screen mode&quot;},&quot;Images&quot;:{&quot;Panzoom&quot;:{&quot;maxScale&quot;:2}},&quot;mainClass&quot;:&quot;modula-fancybox-container modula-lightbox-jtg-69828&quot;,&quot;Html&quot;:{&quot;videoAutoplay&quot;:0,&quot;videoTpl&quot;:&quot;&lt;video class=\\&quot;fancybox__html5video\\&quot; controls muted playsinline controlsList controlsList=\\&quot;nodownload\\&quot; poster=\\&quot;{{poster}}\\&quot; src=\\&quot;{{src}}\\&quot; type=\\&quot;{{format}}\\&quot; &gt;  Sorry, your browser doesn&#039;t support embedded videos, &lt;a href=\\&quot;{{src}}\\&quot;&gt; download &lt;\\\/a&gt; and watch with your favorite video player! &lt;\\\/video&gt;&quot;}},&quot;inView&quot;:false,&quot;email_subject&quot;:&quot;Check out this awesome image !!&quot;,&quot;email_message&quot;:&quot;Here is the link to the image : %%image_link%% and this is the link to the gallery : %%gallery_link%%&quot;,&quot;grid_type&quot;:&quot;automatic&quot;,&quot;rowHeight&quot;:250,&quot;lastRow&quot;:&quot;justify&quot;,&quot;lightbox&quot;:&quot;fancybox&quot;,&quot;lightbox_devices&quot;:&quot;both&quot;}\">\n\n\t\n\t<div  class=\"modula-items grid-gallery\">\n\t\t<div class=\"modula-item effect-pufrobo\" >\n\t<div class=\"modula-item-overlay\"><\/div>\n\n\t<div class=\"modula-item-content\">\n\n\t\t<a data-image-id=\"69743\" role=\"button\" data-elementor-open-lightbox=\"no\" tabindex=\"0\" rel=\"jtg-69828\" data-caption=\"\" aria-label=\"Open image in lightbox\" class=\"tile-inner modula-item-link\"><\/a><img loading=\"lazy\" decoding=\"async\" class=\"pic wp-image-69743\"  data-valign=\"middle\" data-halign=\"center\" alt=\"Sentier Ca\u00f1o Cristalitos \u2013 Mirador, Parc National Sierra de la Macarena, Colombie\" data-full=\"https:\/\/visitmycolombia.com\/wp-content\/uploads\/2026\/03\/sentier-cano-cristalitos-mirador-la-macarena-colombie-4.jpg\" title=\"sentier-cano-cristalitos-mirador-la-macarena-colombie-4\" crop=\"\" width=\"1680\" height=\"945\" src=\"https:\/\/visitmycolombia.com\/wp-content\/uploads\/2026\/03\/sentier-cano-cristalitos-mirador-la-macarena-colombie-4.jpg\" data-src=\"https:\/\/visitmycolombia.com\/wp-content\/uploads\/2026\/03\/sentier-cano-cristalitos-mirador-la-macarena-colombie-4.jpg\" data-caption=\"\" srcset=\"https:\/\/visitmycolombia.com\/wp-content\/uploads\/2026\/03\/sentier-cano-cristalitos-mirador-la-macarena-colombie-4.jpg 1680w, https:\/\/visitmycolombia.com\/wp-content\/uploads\/2026\/03\/sentier-cano-cristalitos-mirador-la-macarena-colombie-4-300x169.jpg 300w, https:\/\/visitmycolombia.com\/wp-content\/uploads\/2026\/03\/sentier-cano-cristalitos-mirador-la-macarena-colombie-4-1024x576.jpg 1024w, https:\/\/visitmycolombia.com\/wp-content\/uploads\/2026\/03\/sentier-cano-cristalitos-mirador-la-macarena-colombie-4-150x84.jpg 150w, https:\/\/visitmycolombia.com\/wp-content\/uploads\/2026\/03\/sentier-cano-cristalitos-mirador-la-macarena-colombie-4-768x432.jpg 768w, https:\/\/visitmycolombia.com\/wp-content\/uploads\/2026\/03\/sentier-cano-cristalitos-mirador-la-macarena-colombie-4-1536x864.jpg 1536w\" sizes=\"auto, (max-width: 1680px) 100vw, 1680px\" \/>\n\t\t<div class=\"figc no-description\">\n\t\t\t<div class=\"figc-inner\">\n\t\t\t\t\t\t\t\t\t\t\t\t\t\t\t<\/div>\n\t\t<\/div>\n\n\t<\/div>\n\n<\/div><div class=\"modula-item effect-pufrobo\" >\n\t<div class=\"modula-item-overlay\"><\/div>\n\n\t<div class=\"modula-item-content\">\n\n\t\t<a data-image-id=\"69809\" role=\"button\" data-elementor-open-lightbox=\"no\" tabindex=\"0\" rel=\"jtg-69828\" data-caption=\"\" aria-label=\"Open image in lightbox\" class=\"tile-inner modula-item-link\"><\/a><img loading=\"lazy\" decoding=\"async\" class=\"pic wp-image-69809\"  data-valign=\"middle\" data-halign=\"center\" alt=\"Sentier Ca\u00f1o Cristalitos \u2013 Mirador, Parc National Sierra de la Macarena, Colombie\" data-full=\"https:\/\/visitmycolombia.com\/wp-content\/uploads\/2026\/03\/sentier-cano-cristalitos-mirador-la-macarena-colombie-15.jpg\" title=\"sentier-cano-cristalitos-mirador-la-macarena-colombie-15\" crop=\"\" width=\"1149\" height=\"1531\" src=\"https:\/\/visitmycolombia.com\/wp-content\/uploads\/2026\/03\/sentier-cano-cristalitos-mirador-la-macarena-colombie-15.jpg\" data-src=\"https:\/\/visitmycolombia.com\/wp-content\/uploads\/2026\/03\/sentier-cano-cristalitos-mirador-la-macarena-colombie-15.jpg\" data-caption=\"\" srcset=\"https:\/\/visitmycolombia.com\/wp-content\/uploads\/2026\/03\/sentier-cano-cristalitos-mirador-la-macarena-colombie-15.jpg 1149w, https:\/\/visitmycolombia.com\/wp-content\/uploads\/2026\/03\/sentier-cano-cristalitos-mirador-la-macarena-colombie-15-225x300.jpg 225w, https:\/\/visitmycolombia.com\/wp-content\/uploads\/2026\/03\/sentier-cano-cristalitos-mirador-la-macarena-colombie-15-769x1024.jpg 769w, https:\/\/visitmycolombia.com\/wp-content\/uploads\/2026\/03\/sentier-cano-cristalitos-mirador-la-macarena-colombie-15-113x150.jpg 113w, https:\/\/visitmycolombia.com\/wp-content\/uploads\/2026\/03\/sentier-cano-cristalitos-mirador-la-macarena-colombie-15-768x1023.jpg 768w\" sizes=\"auto, (max-width: 1149px) 100vw, 1149px\" \/>\n\t\t<div class=\"figc no-description\">\n\t\t\t<div class=\"figc-inner\">\n\t\t\t\t\t\t\t\t\t\t\t\t\t\t\t<\/div>\n\t\t<\/div>\n\n\t<\/div>\n\n<\/div><div class=\"modula-item effect-pufrobo\" >\n\t<div class=\"modula-item-overlay\"><\/div>\n\n\t<div class=\"modula-item-content\">\n\n\t\t<a data-image-id=\"69797\" role=\"button\" data-elementor-open-lightbox=\"no\" tabindex=\"0\" rel=\"jtg-69828\" data-caption=\"\" aria-label=\"Open image in lightbox\" class=\"tile-inner modula-item-link\"><\/a><img loading=\"lazy\" decoding=\"async\" class=\"pic wp-image-69797\"  data-valign=\"middle\" data-halign=\"center\" alt=\"Sentier Ca\u00f1o Cristalitos \u2013 Mirador, Parc National Sierra de la Macarena, Colombie\" data-full=\"https:\/\/visitmycolombia.com\/wp-content\/uploads\/2026\/03\/sentier-cano-cristalitos-mirador-la-macarena-colombie-13.jpg\" title=\"sentier-cano-cristalitos-mirador-la-macarena-colombie-13\" crop=\"\" width=\"1149\" height=\"1531\" src=\"https:\/\/visitmycolombia.com\/wp-content\/uploads\/2026\/03\/sentier-cano-cristalitos-mirador-la-macarena-colombie-13.jpg\" data-src=\"https:\/\/visitmycolombia.com\/wp-content\/uploads\/2026\/03\/sentier-cano-cristalitos-mirador-la-macarena-colombie-13.jpg\" data-caption=\"\" srcset=\"https:\/\/visitmycolombia.com\/wp-content\/uploads\/2026\/03\/sentier-cano-cristalitos-mirador-la-macarena-colombie-13.jpg 1149w, https:\/\/visitmycolombia.com\/wp-content\/uploads\/2026\/03\/sentier-cano-cristalitos-mirador-la-macarena-colombie-13-225x300.jpg 225w, https:\/\/visitmycolombia.com\/wp-content\/uploads\/2026\/03\/sentier-cano-cristalitos-mirador-la-macarena-colombie-13-769x1024.jpg 769w, https:\/\/visitmycolombia.com\/wp-content\/uploads\/2026\/03\/sentier-cano-cristalitos-mirador-la-macarena-colombie-13-113x150.jpg 113w, https:\/\/visitmycolombia.com\/wp-content\/uploads\/2026\/03\/sentier-cano-cristalitos-mirador-la-macarena-colombie-13-768x1023.jpg 768w\" sizes=\"auto, (max-width: 1149px) 100vw, 1149px\" \/>\n\t\t<div class=\"figc no-description\">\n\t\t\t<div class=\"figc-inner\">\n\t\t\t\t\t\t\t\t\t\t\t\t\t\t\t<\/div>\n\t\t<\/div>\n\n\t<\/div>\n\n<\/div><div class=\"modula-item effect-pufrobo\" >\n\t<div class=\"modula-item-overlay\"><\/div>\n\n\t<div class=\"modula-item-content\">\n\n\t\t<a data-image-id=\"69749\" role=\"button\" data-elementor-open-lightbox=\"no\" tabindex=\"0\" rel=\"jtg-69828\" data-caption=\"\" aria-label=\"Open image in lightbox\" class=\"tile-inner modula-item-link\"><\/a><img loading=\"lazy\" decoding=\"async\" class=\"pic wp-image-69749\"  data-valign=\"middle\" data-halign=\"center\" alt=\"Sentier Ca\u00f1o Cristalitos \u2013 Mirador, Parc National Sierra de la Macarena, Colombie\" data-full=\"https:\/\/visitmycolombia.com\/wp-content\/uploads\/2026\/03\/sentier-cano-cristalitos-mirador-la-macarena-colombie-5.jpg\" title=\"sentier-cano-cristalitos-mirador-la-macarena-colombie-5\" crop=\"\" width=\"1680\" height=\"945\" src=\"https:\/\/visitmycolombia.com\/wp-content\/uploads\/2026\/03\/sentier-cano-cristalitos-mirador-la-macarena-colombie-5.jpg\" data-src=\"https:\/\/visitmycolombia.com\/wp-content\/uploads\/2026\/03\/sentier-cano-cristalitos-mirador-la-macarena-colombie-5.jpg\" data-caption=\"\" srcset=\"https:\/\/visitmycolombia.com\/wp-content\/uploads\/2026\/03\/sentier-cano-cristalitos-mirador-la-macarena-colombie-5.jpg 1680w, https:\/\/visitmycolombia.com\/wp-content\/uploads\/2026\/03\/sentier-cano-cristalitos-mirador-la-macarena-colombie-5-300x169.jpg 300w, https:\/\/visitmycolombia.com\/wp-content\/uploads\/2026\/03\/sentier-cano-cristalitos-mirador-la-macarena-colombie-5-1024x576.jpg 1024w, https:\/\/visitmycolombia.com\/wp-content\/uploads\/2026\/03\/sentier-cano-cristalitos-mirador-la-macarena-colombie-5-150x84.jpg 150w, https:\/\/visitmycolombia.com\/wp-content\/uploads\/2026\/03\/sentier-cano-cristalitos-mirador-la-macarena-colombie-5-768x432.jpg 768w, https:\/\/visitmycolombia.com\/wp-content\/uploads\/2026\/03\/sentier-cano-cristalitos-mirador-la-macarena-colombie-5-1536x864.jpg 1536w\" sizes=\"auto, (max-width: 1680px) 100vw, 1680px\" \/>\n\t\t<div class=\"figc no-description\">\n\t\t\t<div class=\"figc-inner\">\n\t\t\t\t\t\t\t\t\t\t\t\t\t\t\t<\/div>\n\t\t<\/div>\n\n\t<\/div>\n\n<\/div>\t\t\n\t<\/div>\n\n\t\n\t\n\t<script type=\"application\/ld+json\">\n\t{\n\t\t\"@context\": \"https:\/\/schema.org\",\n\t\t\"@type\"   : \"ImageGallery\",\n\t\t\"id\"      : \"https:\/\/visitmycolombia.com\/it\/sentiero-cano-cristalitos-mirador-escursione-alla-sorella-minore-nascosta-del-cano-cristales\/#modula-gallery-69828\",\n\t\t\"url\"     : \"https:\/\/visitmycolombia.com\/it\/sentiero-cano-cristalitos-mirador-escursione-alla-sorella-minore-nascosta-del-cano-cristales\/\"\n\t}\n\n\t<\/script>\n\n\t\n<\/div>\n\n\n\n<div style=\"height:3em\" aria-hidden=\"true\" class=\" wp-block-spacer eplus-wrapper\"><\/div>\n\n\n<div class=\"wp-block-group eplus-wrapper is-layout-constrained wp-block-group-is-layout-constrained eplus-styles-uid-87c690\"><hr class=\"is-style-dots wp-block-separator has-text-color has-alpha-channel-opacity has-background eplus-wrapper eplus-styles-uid-a3cde3\" style=\"background-color:#da906b;color:#da906b\">\n\n<h2 class=\" wp-block-heading eplus-wrapper eplus-styles-uid-2511c5\"><strong>Come si raggiunge il sentiero Ca\u00f1o Cristalitos &#8211; Mirador?<\/strong><\/h2>\n\n<hr class=\"is-style-dots wp-block-separator has-text-color has-alpha-channel-opacity has-background eplus-wrapper eplus-styles-uid-9a0b83\" style=\"background-color:#da906b;color:#da906b\"><\/div>\n\n\n<p class=\"eplus-wrapper wp-block-paragraph\">Il <strong>sentiero Ca\u00f1o Cristalitos &#8211; Mirador<\/strong> si trova nel <strong>Parco Nazionale della Sierra de la Macarena<\/strong>, dove l&#8217;ingresso \u00e8 strettamente controllato e regolamentato. Come gi\u00e0 detto, <strong>la presenza di una guida \u00e8 obbligatoria<\/strong> per garantire la sicurezza e il rispetto delle regole del parco.<\/p>\n\n\n\n<p class=\"eplus-wrapper wp-block-paragraph\">Il <strong>trasporto al punto di partenza dell&#8217;escursione<\/strong> non \u00e8 un problema, poich\u00e9 se ne occuper\u00e0 la guida. Dal villaggio di La Macarena, di solito si deve <strong>salire su una lancha<\/strong> e navigare lungo il <strong>Rio Guayabero<\/strong> per circa <strong>20-25 minuti<\/strong> per raggiungere l&#8217;inizio del sentiero.<\/p>\n\n\n\n<p class=\"eplus-wrapper wp-block-paragraph\">Per questo motivo <strong>la maggior parte dei viaggiatori sceglie pacchetti tramite agenzie locali<\/strong>: \u00e8 praticamente impossibile organizzare l&#8217;escursione da soli, data la logistica dei trasporti, i regolamenti del parco e la necessit\u00e0 di una guida.<\/p>\n\n\n<div  id=\"jtg-69829\" class=\"modula modula-gallery modula-columns\" data-config=\"{&quot;tabletHeight&quot;:800,&quot;mobileHeight&quot;:800,&quot;desktopHeight&quot;:800,&quot;enableTwitter&quot;:false,&quot;enableWhatsapp&quot;:false,&quot;enableFacebook&quot;:false,&quot;enablePinterest&quot;:false,&quot;enableLinkedin&quot;:false,&quot;enableEmail&quot;:false,&quot;randomFactor&quot;:0,&quot;type&quot;:&quot;grid&quot;,&quot;columns&quot;:12,&quot;gutter&quot;:10,&quot;mobileGutter&quot;:10,&quot;tabletGutter&quot;:10,&quot;desktopGutter&quot;:10,&quot;enableResponsive&quot;:&quot;0&quot;,&quot;tabletColumns&quot;:2,&quot;mobileColumns&quot;:1,&quot;lazyLoad&quot;:0,&quot;lightboxOpts&quot;:{&quot;animated&quot;:true,&quot;Thumbs&quot;:{&quot;type&quot;:&quot;modern&quot;,&quot;showOnStart&quot;:false},&quot;Toolbar&quot;:{&quot;display&quot;:{&quot;right&quot;:[&quot;close&quot;]},&quot;enabled&quot;:true},&quot;Carousel&quot;:{&quot;Panzoom&quot;:{&quot;touch&quot;:true},&quot;infinite&quot;:false},&quot;keyboard&quot;:{&quot;Escape&quot;:&quot;close&quot;,&quot;Delete&quot;:&quot;close&quot;,&quot;Backspace&quot;:&quot;close&quot;,&quot;PageUp&quot;:&quot;next&quot;,&quot;PageDown&quot;:&quot;prev&quot;,&quot;ArrowUp&quot;:&quot;prev&quot;,&quot;ArrowDown&quot;:&quot;next&quot;,&quot;ArrowRight&quot;:&quot;next&quot;,&quot;ArrowLeft&quot;:&quot;prev&quot;},&quot;wheel&quot;:&quot;slide&quot;,&quot;touch&quot;:true,&quot;backdropClick&quot;:&quot;close&quot;,&quot;l10n&quot;:{&quot;CLOSE&quot;:&quot;Close&quot;,&quot;NEXT&quot;:&quot;Next&quot;,&quot;PREV&quot;:&quot;Previous&quot;,&quot;Error&quot;:&quot;The requested content cannot be loaded. Please try again later.&quot;,&quot;PLAY_START&quot;:&quot;Start slideshow&quot;,&quot;PLAY_STOP&quot;:&quot;Pause slideshow&quot;,&quot;FULL_SCREEN&quot;:&quot;Full screen&quot;,&quot;THUMBS&quot;:&quot;Thumbnails&quot;,&quot;DOWNLOAD&quot;:&quot;Download&quot;,&quot;SHARE&quot;:&quot;Share&quot;,&quot;ZOOM&quot;:&quot;Zoom&quot;,&quot;EMAIL&quot;:&quot;Here is the link to the image : %%image_link%% and this is the link to the gallery : %%gallery_link%%&quot;,&quot;MODAL&quot;:&quot;You can close this modal content with the ESC key&quot;,&quot;ERROR&quot;:&quot;Something Went Wrong, Please Try Again Later&quot;,&quot;IMAGE_ERROR&quot;:&quot;Image Not Found&quot;,&quot;ELEMENT_NOT_FOUND&quot;:&quot;HTML Element Not Found&quot;,&quot;AJAX_NOT_FOUND&quot;:&quot;Error Loading AJAX : Not Found&quot;,&quot;AJAX_FORBIDDEN&quot;:&quot;Error Loading AJAX : Forbidden&quot;,&quot;IFRAME_ERROR&quot;:&quot;Error Loading Page&quot;,&quot;TOGGLE_ZOOM&quot;:&quot;Toggle zoom level&quot;,&quot;TOGGLE_THUMBS&quot;:&quot;Toggle thumbnails&quot;,&quot;TOGGLE_SLIDESHOW&quot;:&quot;Toggle slideshow&quot;,&quot;TOGGLE_FULLSCREEN&quot;:&quot;Toggle full-screen mode&quot;},&quot;Images&quot;:{&quot;Panzoom&quot;:{&quot;maxScale&quot;:2}},&quot;mainClass&quot;:&quot;modula-fancybox-container modula-lightbox-jtg-69829&quot;,&quot;Html&quot;:{&quot;videoAutoplay&quot;:0,&quot;videoTpl&quot;:&quot;&lt;video class=\\&quot;fancybox__html5video\\&quot; controls muted playsinline controlsList controlsList=\\&quot;nodownload\\&quot; poster=\\&quot;{{poster}}\\&quot; src=\\&quot;{{src}}\\&quot; type=\\&quot;{{format}}\\&quot; &gt;  Sorry, your browser doesn&#039;t support embedded videos, &lt;a href=\\&quot;{{src}}\\&quot;&gt; download &lt;\\\/a&gt; and watch with your favorite video player! &lt;\\\/video&gt;&quot;}},&quot;inView&quot;:false,&quot;email_subject&quot;:&quot;Check out this awesome image !!&quot;,&quot;email_message&quot;:&quot;Here is the link to the image : %%image_link%% and this is the link to the gallery : %%gallery_link%%&quot;,&quot;grid_type&quot;:&quot;automatic&quot;,&quot;rowHeight&quot;:250,&quot;lastRow&quot;:&quot;justify&quot;,&quot;lightbox&quot;:&quot;fancybox&quot;,&quot;lightbox_devices&quot;:&quot;both&quot;}\">\n\n\t\n\t<div  class=\"modula-items grid-gallery\">\n\t\t<div class=\"modula-item effect-pufrobo\" >\n\t<div class=\"modula-item-overlay\"><\/div>\n\n\t<div class=\"modula-item-content\">\n\n\t\t<a data-image-id=\"69761\" role=\"button\" data-elementor-open-lightbox=\"no\" tabindex=\"0\" rel=\"jtg-69829\" data-caption=\"\" aria-label=\"Open image in lightbox\" class=\"tile-inner modula-item-link\"><\/a><img loading=\"lazy\" decoding=\"async\" class=\"pic wp-image-69761\"  data-valign=\"middle\" data-halign=\"center\" alt=\"Sentier Ca\u00f1o Cristalitos \u2013 Mirador, Parc National Sierra de la Macarena, Colombie\" data-full=\"https:\/\/visitmycolombia.com\/wp-content\/uploads\/2026\/03\/sentier-cano-cristalitos-mirador-la-macarena-colombie-7.jpg\" title=\"sentier-cano-cristalitos-mirador-la-macarena-colombie-7\" crop=\"\" width=\"1680\" height=\"945\" src=\"https:\/\/visitmycolombia.com\/wp-content\/uploads\/2026\/03\/sentier-cano-cristalitos-mirador-la-macarena-colombie-7.jpg\" data-src=\"https:\/\/visitmycolombia.com\/wp-content\/uploads\/2026\/03\/sentier-cano-cristalitos-mirador-la-macarena-colombie-7.jpg\" data-caption=\"\" srcset=\"https:\/\/visitmycolombia.com\/wp-content\/uploads\/2026\/03\/sentier-cano-cristalitos-mirador-la-macarena-colombie-7.jpg 1680w, https:\/\/visitmycolombia.com\/wp-content\/uploads\/2026\/03\/sentier-cano-cristalitos-mirador-la-macarena-colombie-7-300x169.jpg 300w, https:\/\/visitmycolombia.com\/wp-content\/uploads\/2026\/03\/sentier-cano-cristalitos-mirador-la-macarena-colombie-7-1024x576.jpg 1024w, https:\/\/visitmycolombia.com\/wp-content\/uploads\/2026\/03\/sentier-cano-cristalitos-mirador-la-macarena-colombie-7-150x84.jpg 150w, https:\/\/visitmycolombia.com\/wp-content\/uploads\/2026\/03\/sentier-cano-cristalitos-mirador-la-macarena-colombie-7-768x432.jpg 768w, https:\/\/visitmycolombia.com\/wp-content\/uploads\/2026\/03\/sentier-cano-cristalitos-mirador-la-macarena-colombie-7-1536x864.jpg 1536w\" sizes=\"auto, (max-width: 1680px) 100vw, 1680px\" \/>\n\t\t<div class=\"figc no-description\">\n\t\t\t<div class=\"figc-inner\">\n\t\t\t\t\t\t\t\t\t\t\t\t\t\t\t<\/div>\n\t\t<\/div>\n\n\t<\/div>\n\n<\/div><div class=\"modula-item effect-pufrobo\" >\n\t<div class=\"modula-item-overlay\"><\/div>\n\n\t<div class=\"modula-item-content\">\n\n\t\t<a data-image-id=\"69785\" role=\"button\" data-elementor-open-lightbox=\"no\" tabindex=\"0\" rel=\"jtg-69829\" data-caption=\"\" aria-label=\"Open image in lightbox\" class=\"tile-inner modula-item-link\"><\/a><img loading=\"lazy\" decoding=\"async\" class=\"pic wp-image-69785\"  data-valign=\"middle\" data-halign=\"center\" alt=\"Sentier Ca\u00f1o Cristalitos \u2013 Mirador, Parc National Sierra de la Macarena, Colombie\" data-full=\"https:\/\/visitmycolombia.com\/wp-content\/uploads\/2026\/03\/sentier-cano-cristalitos-mirador-la-macarena-colombie-11.jpg\" title=\"sentier-cano-cristalitos-mirador-la-macarena-colombie-11\" crop=\"\" width=\"1149\" height=\"1531\" src=\"https:\/\/visitmycolombia.com\/wp-content\/uploads\/2026\/03\/sentier-cano-cristalitos-mirador-la-macarena-colombie-11.jpg\" data-src=\"https:\/\/visitmycolombia.com\/wp-content\/uploads\/2026\/03\/sentier-cano-cristalitos-mirador-la-macarena-colombie-11.jpg\" data-caption=\"\" srcset=\"https:\/\/visitmycolombia.com\/wp-content\/uploads\/2026\/03\/sentier-cano-cristalitos-mirador-la-macarena-colombie-11.jpg 1149w, https:\/\/visitmycolombia.com\/wp-content\/uploads\/2026\/03\/sentier-cano-cristalitos-mirador-la-macarena-colombie-11-225x300.jpg 225w, https:\/\/visitmycolombia.com\/wp-content\/uploads\/2026\/03\/sentier-cano-cristalitos-mirador-la-macarena-colombie-11-769x1024.jpg 769w, https:\/\/visitmycolombia.com\/wp-content\/uploads\/2026\/03\/sentier-cano-cristalitos-mirador-la-macarena-colombie-11-113x150.jpg 113w, https:\/\/visitmycolombia.com\/wp-content\/uploads\/2026\/03\/sentier-cano-cristalitos-mirador-la-macarena-colombie-11-768x1023.jpg 768w\" sizes=\"auto, (max-width: 1149px) 100vw, 1149px\" \/>\n\t\t<div class=\"figc no-description\">\n\t\t\t<div class=\"figc-inner\">\n\t\t\t\t\t\t\t\t\t\t\t\t\t\t\t<\/div>\n\t\t<\/div>\n\n\t<\/div>\n\n<\/div><div class=\"modula-item effect-pufrobo\" >\n\t<div class=\"modula-item-overlay\"><\/div>\n\n\t<div class=\"modula-item-content\">\n\n\t\t<a data-image-id=\"69773\" role=\"button\" data-elementor-open-lightbox=\"no\" tabindex=\"0\" rel=\"jtg-69829\" data-caption=\"\" aria-label=\"Open image in lightbox\" class=\"tile-inner modula-item-link\"><\/a><img loading=\"lazy\" decoding=\"async\" class=\"pic wp-image-69773\"  data-valign=\"middle\" data-halign=\"center\" alt=\"Sentier Ca\u00f1o Cristalitos \u2013 Mirador, Parc National Sierra de la Macarena, Colombie\" data-full=\"https:\/\/visitmycolombia.com\/wp-content\/uploads\/2026\/03\/sentier-cano-cristalitos-mirador-la-macarena-colombie-9.jpg\" title=\"sentier-cano-cristalitos-mirador-la-macarena-colombie-9\" crop=\"\" width=\"1149\" height=\"1531\" src=\"https:\/\/visitmycolombia.com\/wp-content\/uploads\/2026\/03\/sentier-cano-cristalitos-mirador-la-macarena-colombie-9.jpg\" data-src=\"https:\/\/visitmycolombia.com\/wp-content\/uploads\/2026\/03\/sentier-cano-cristalitos-mirador-la-macarena-colombie-9.jpg\" data-caption=\"\" srcset=\"https:\/\/visitmycolombia.com\/wp-content\/uploads\/2026\/03\/sentier-cano-cristalitos-mirador-la-macarena-colombie-9.jpg 1149w, https:\/\/visitmycolombia.com\/wp-content\/uploads\/2026\/03\/sentier-cano-cristalitos-mirador-la-macarena-colombie-9-225x300.jpg 225w, https:\/\/visitmycolombia.com\/wp-content\/uploads\/2026\/03\/sentier-cano-cristalitos-mirador-la-macarena-colombie-9-769x1024.jpg 769w, https:\/\/visitmycolombia.com\/wp-content\/uploads\/2026\/03\/sentier-cano-cristalitos-mirador-la-macarena-colombie-9-113x150.jpg 113w, https:\/\/visitmycolombia.com\/wp-content\/uploads\/2026\/03\/sentier-cano-cristalitos-mirador-la-macarena-colombie-9-768x1023.jpg 768w\" sizes=\"auto, (max-width: 1149px) 100vw, 1149px\" \/>\n\t\t<div class=\"figc no-description\">\n\t\t\t<div class=\"figc-inner\">\n\t\t\t\t\t\t\t\t\t\t\t\t\t\t\t<\/div>\n\t\t<\/div>\n\n\t<\/div>\n\n<\/div><div class=\"modula-item effect-pufrobo\" >\n\t<div class=\"modula-item-overlay\"><\/div>\n\n\t<div class=\"modula-item-content\">\n\n\t\t<a data-image-id=\"69737\" role=\"button\" data-elementor-open-lightbox=\"no\" tabindex=\"0\" rel=\"jtg-69829\" data-caption=\"\" aria-label=\"Open image in lightbox\" class=\"tile-inner modula-item-link\"><\/a><img loading=\"lazy\" decoding=\"async\" class=\"pic wp-image-69737\"  data-valign=\"middle\" data-halign=\"center\" alt=\"Sentier Ca\u00f1o Cristalitos \u2013 Mirador, Parc National Sierra de la Macarena, Colombie\" data-full=\"https:\/\/visitmycolombia.com\/wp-content\/uploads\/2026\/03\/sentier-cano-cristalitos-mirador-la-macarena-colombie-3.jpg\" title=\"sentier-cano-cristalitos-mirador-la-macarena-colombie-3\" crop=\"\" width=\"1680\" height=\"945\" src=\"https:\/\/visitmycolombia.com\/wp-content\/uploads\/2026\/03\/sentier-cano-cristalitos-mirador-la-macarena-colombie-3.jpg\" data-src=\"https:\/\/visitmycolombia.com\/wp-content\/uploads\/2026\/03\/sentier-cano-cristalitos-mirador-la-macarena-colombie-3.jpg\" data-caption=\"\" srcset=\"https:\/\/visitmycolombia.com\/wp-content\/uploads\/2026\/03\/sentier-cano-cristalitos-mirador-la-macarena-colombie-3.jpg 1680w, https:\/\/visitmycolombia.com\/wp-content\/uploads\/2026\/03\/sentier-cano-cristalitos-mirador-la-macarena-colombie-3-300x169.jpg 300w, https:\/\/visitmycolombia.com\/wp-content\/uploads\/2026\/03\/sentier-cano-cristalitos-mirador-la-macarena-colombie-3-1024x576.jpg 1024w, https:\/\/visitmycolombia.com\/wp-content\/uploads\/2026\/03\/sentier-cano-cristalitos-mirador-la-macarena-colombie-3-150x84.jpg 150w, https:\/\/visitmycolombia.com\/wp-content\/uploads\/2026\/03\/sentier-cano-cristalitos-mirador-la-macarena-colombie-3-768x432.jpg 768w, https:\/\/visitmycolombia.com\/wp-content\/uploads\/2026\/03\/sentier-cano-cristalitos-mirador-la-macarena-colombie-3-1536x864.jpg 1536w\" sizes=\"auto, (max-width: 1680px) 100vw, 1680px\" \/>\n\t\t<div class=\"figc no-description\">\n\t\t\t<div class=\"figc-inner\">\n\t\t\t\t\t\t\t\t\t\t\t\t\t\t\t<\/div>\n\t\t<\/div>\n\n\t<\/div>\n\n<\/div>\t\t\n\t<\/div>\n\n\t\n\t\n\t<script type=\"application\/ld+json\">\n\t{\n\t\t\"@context\": \"https:\/\/schema.org\",\n\t\t\"@type\"   : \"ImageGallery\",\n\t\t\"id\"      : \"https:\/\/visitmycolombia.com\/it\/sentiero-cano-cristalitos-mirador-escursione-alla-sorella-minore-nascosta-del-cano-cristales\/#modula-gallery-69829\",\n\t\t\"url\"     : \"https:\/\/visitmycolombia.com\/it\/sentiero-cano-cristalitos-mirador-escursione-alla-sorella-minore-nascosta-del-cano-cristales\/\"\n\t}\n\n\t<\/script>\n\n\t\n<\/div>\n\n\n\n<div class=\"wp-block-group eplus-wrapper is-layout-constrained wp-block-group-is-layout-constrained\"><hr class=\"is-style-dots wp-block-separator has-text-color has-alpha-channel-opacity has-background eplus-wrapper eplus-styles-uid-a3cde3\" style=\"background-color:#da906b;color:#da906b\">\n\n<h2 class=\" wp-block-heading eplus-wrapper eplus-styles-uid-2511c5\"><strong>Dove dormire <strong><strong><strong><strong><strong><strong><strong><strong><strong>La Macarena<\/strong><\/strong><\/strong><\/strong><\/strong><\/strong><\/strong><\/strong><\/strong> ?<\/strong><\/h2>\n\n<hr class=\"is-style-dots wp-block-separator has-text-color has-alpha-channel-opacity has-background eplus-wrapper eplus-styles-uid-9a0b83\" style=\"background-color:#da906b;color:#da906b\"><\/div>\n\n\n\n<p class=\"eplus-wrapper wp-block-paragraph\">Il <strong>punto di partenza ideale<\/strong> per <strong>esplorare il sentiero Ca\u00f1o Cristalitos &#8211; Mirador<\/strong>, o qualsiasi altro percorso nel <strong>Parco Nazionale della Sierra de la Macarena<\/strong>, <strong>\u00e8 la piccola citt\u00e0 di La Macarena<\/strong>. Situato ai margini del parco, accoglie i viaggiatori in cerca di <strong>passeggiate immersive nella natura<\/strong> e di un&#8217;<strong>esperienza semplice e autentica<\/strong>.<\/p>\n\n\n\n<blockquote class=\"wp-block-quote eplus-wrapper is-layout-flow wp-block-quote-is-layout-flow\">\n<p class=\"eplus-wrapper wp-block-paragraph\"><strong>Nota bene:<\/strong> la maggior parte degli alloggi a La Macarena non \u00e8 presente su Booking.com o su altre piattaforme di prenotazione standard. \u00c8 quindi generalmente necessario rivolgersi a un&#8217;agenzia locale che offra soggiorni organizzati di pi\u00f9 giorni, oppure contattare direttamente gli hotel tramite Instagram o WhatsApp, metodi di prenotazione molto diffusi nella regione.<\/p>\n<\/blockquote>\n\n\n\n<p class=\"eplus-wrapper wp-block-paragraph\">A <strong>La Macarena<\/strong>, l&#8217;offerta di alloggi \u00e8 <strong>semplice e autentica<\/strong>, in linea con il fascino di questo piccolo villaggio isolato nel cuore della natura. La maggior parte degli hotel sono <strong>modesti e senza pretese<\/strong>, ma pi\u00f9 che sufficienti per un soggiorno confortevole dopo una giornata di escursioni. Nel centro del villaggio, molte strutture offrono <strong>camere con aria condizionata<\/strong>, un vero vantaggio nel caldo tropicale della regione.<\/p>\n\n\n\n<p class=\"eplus-wrapper wp-block-paragraph\">Per chi cerca un&#8217;<strong>esperienza pi\u00f9 coinvolgente<\/strong>, sono disponibili diverse <strong>cabine e lodge<\/strong> fuori dal villaggio, spesso nel cuore della natura o vicino ai fiumi. Questi alloggi offrono un <strong>ambiente pi\u00f9 selvaggio e tranquillo<\/strong>, ideale per riconnettersi con l&#8217;ambiente eccezionale della <strong>Serran\u00eda de la Macarena<\/strong>.<\/p>\n\n\n\n<p class=\"has-luminous-vivid-orange-color has-text-color has-link-color eplus-wrapper wp-elements-1 wp-block-paragraph\"><strong>Attenzione:<\/strong> in genere gli hotel non dispongono di acqua calda, il che non \u00e8 un problema dato il clima caldo e umido della regione.<\/p>\n\n\n<div class=\"wp-block-columns eplus-wrapper is-layout-flex wp-container-core-columns-is-layout-7387b849 wp-block-columns-is-layout-flex eplus-styles-uid-3235aa\"><div class=\"wp-block-column eplus-wrapper is-layout-flow wp-block-column-is-layout-flow eplus-styles-uid-8e42ae\"><figure class=\" wp-block-image size-full eplus-wrapper eplus-styles-uid-c39bfb\"><img loading=\"lazy\" decoding=\"async\" width=\"800\" height=\"600\" src=\"https:\/\/visitmycolombia.com\/wp-content\/uploads\/2026\/06\/hotel-campestre-el-refugio-la-macarena-colombie.jpg\" alt=\"Hotel Campestre el Refugio, La Macarena, Colombia\" class=\"wp-image-68983\" style=\"aspect-ratio:16\/9;object-fit:cover\" srcset=\"https:\/\/visitmycolombia.com\/wp-content\/uploads\/2026\/06\/hotel-campestre-el-refugio-la-macarena-colombie.jpg 800w, https:\/\/visitmycolombia.com\/wp-content\/uploads\/2026\/06\/hotel-campestre-el-refugio-la-macarena-colombie-300x225.jpg 300w, https:\/\/visitmycolombia.com\/wp-content\/uploads\/2026\/06\/hotel-campestre-el-refugio-la-macarena-colombie-150x113.jpg 150w, https:\/\/visitmycolombia.com\/wp-content\/uploads\/2026\/06\/hotel-campestre-el-refugio-la-macarena-colombie-768x576.jpg 768w\" sizes=\"auto, (max-width: 800px) 100vw, 800px\" \/><\/figure>\n\n<div class=\"wp-block-columns is-not-stacked-on-mobile eplus-wrapper is-layout-flex wp-container-core-columns-is-layout-7387b849 wp-block-columns-is-layout-flex eplus-styles-uid-afb0f8\">\n<div class=\"wp-block-column eplus-wrapper is-layout-flow wp-block-column-is-layout-flow\" style=\"flex-basis:66.66%\"><p class=\"has-text-color has-small-font-size eplus-wrapper eplus-styles-uid-062bbd wp-block-paragraph\" style=\"color:#da906b\">$ &#8211; Bilancio parsimonioso<\/p><\/div>\n\n\n\n<div class=\"wp-block-column eplus-wrapper is-layout-flow wp-block-column-is-layout-flow\" style=\"flex-basis:33.33%\"><p class=\"has-text-align-right has-text-color has-small-font-size eplus-wrapper eplus-styles-uid-feebc8 wp-block-paragraph\" style=\"color:#da906b\">Cabane<\/p><\/div>\n<\/div>\n\n<h4 class=\" wp-block-heading has-text-align-center eplus-wrapper eplus-styles-uid-ce9610\">Albergo Campestre el Refugio<\/h4>\n\n<p class=\"has-text-align-center eplus-wrapper eplus-styles-uid-9699d7 wp-block-paragraph\" style=\"font-size:15px\">L&#8217;Hotel Campestre el Refugio ha ricevuto recensioni contrastanti: alcuni viaggiatori apprezzano la vicinanza alla natura e la cordialit\u00e0 del personale, sottolineando l&#8217;atmosfera semplice e autentica. Altri notano che le installazioni possono essere datate. Nel complesso, si tratta di un&#8217;opzione funzionale ed economica, ma non priva di imperfezioni.<\/p>\n\n\n<p class=\"has-text-align-center has-text-color eplus-wrapper wp-block-paragraph\" style=\"color:#da906b;font-size:16px\"><strong><a href=\"https:\/\/www.facebook.com\/HotelCampestrelRefugio\/\" target=\"_blank\" rel=\"noreferrer noopener\">SAPERNE DI PI\u00d9<\/a><\/strong><\/p>\n<\/div>\n\n<div class=\"wp-block-column eplus-wrapper is-layout-flow wp-block-column-is-layout-flow eplus-styles-uid-8e42ae\"><figure class=\" wp-block-image size-full eplus-wrapper eplus-styles-uid-c39bfb\"><img loading=\"lazy\" decoding=\"async\" width=\"800\" height=\"600\" src=\"https:\/\/visitmycolombia.com\/wp-content\/uploads\/2026\/06\/hotel-hostal-cano-nevera-la-macarena-colombie.jpg\" alt=\"Hostal Cano Nevera, La Macarena, Colombia\" class=\"wp-image-68995\" style=\"aspect-ratio:16\/9;object-fit:cover\" srcset=\"https:\/\/visitmycolombia.com\/wp-content\/uploads\/2026\/06\/hotel-hostal-cano-nevera-la-macarena-colombie.jpg 800w, https:\/\/visitmycolombia.com\/wp-content\/uploads\/2026\/06\/hotel-hostal-cano-nevera-la-macarena-colombie-300x225.jpg 300w, https:\/\/visitmycolombia.com\/wp-content\/uploads\/2026\/06\/hotel-hostal-cano-nevera-la-macarena-colombie-150x113.jpg 150w, https:\/\/visitmycolombia.com\/wp-content\/uploads\/2026\/06\/hotel-hostal-cano-nevera-la-macarena-colombie-768x576.jpg 768w\" sizes=\"auto, (max-width: 800px) 100vw, 800px\" \/><\/figure>\n\n<div class=\"wp-block-columns is-not-stacked-on-mobile eplus-wrapper is-layout-flex wp-container-core-columns-is-layout-7387b849 wp-block-columns-is-layout-flex eplus-styles-uid-6674a2\">\n<div class=\"wp-block-column eplus-wrapper is-layout-flow wp-block-column-is-layout-flow\" style=\"flex-basis:66.66%\"><p class=\"has-text-color has-small-font-size eplus-wrapper eplus-styles-uid-062bbd wp-block-paragraph\" style=\"color:#da906b\">$ &#8211; Bilancio parsimonioso<\/p><\/div>\n\n\n\n<div class=\"wp-block-column eplus-wrapper is-layout-flow wp-block-column-is-layout-flow\" style=\"flex-basis:33.33%\"><p class=\"has-text-align-right has-text-color has-small-font-size eplus-wrapper eplus-styles-uid-feebc8 wp-block-paragraph\" style=\"color:#da906b\">Hostal<\/p><\/div>\n<\/div>\n\n<h4 class=\" wp-block-heading has-text-align-center eplus-wrapper eplus-styles-uid-ce9610\">Hostal Cano Nevera<\/h4>\n\n<p class=\"has-text-align-center eplus-wrapper eplus-styles-uid-9699d7 wp-block-paragraph\" style=\"font-size:15px\">L&#8217;Hostal Ca\u00f1o Nevera \u00e8 un luogo molto piacevole per un soggiorno semplice e autentico. Le camere sono essenziali ma pulite e confortevoli, spesso dotate di ventilatori e zanzariere. L&#8217;atmosfera \u00e8 familiare e i padroni di casa sono rinomati per essere molto attenti, aiutando a organizzare le escursioni. L&#8217;attrezzatura rimane modesta, ma offre un ottimo rapporto qualit\u00e0-prezzo.<\/p>\n\n\n<p class=\"has-text-align-center has-text-color eplus-wrapper wp-block-paragraph\" style=\"color:#da906b;font-size:16px\"><strong><a href=\"https:\/\/www.booking.com\/hotel\/co\/hostal-cano-nevera.fr.html\" target=\"_blank\" rel=\"noreferrer noopener\">SAPERNE DI PI\u00d9<\/a><\/strong><\/p>\n<\/div>\n\n<div class=\"wp-block-column eplus-wrapper is-layout-flow wp-block-column-is-layout-flow eplus-styles-uid-8e42ae\"><figure class=\" wp-block-image size-full eplus-wrapper eplus-styles-uid-c39bfb\"><img loading=\"lazy\" decoding=\"async\" width=\"800\" height=\"600\" src=\"https:\/\/visitmycolombia.com\/wp-content\/uploads\/2026\/06\/hotel-casa-real-la-macarena-colombie.jpg\" alt=\"Casa Hotel Real, La Macarena, Colombia\" class=\"wp-image-68989\" style=\"aspect-ratio:16\/9;object-fit:cover\" srcset=\"https:\/\/visitmycolombia.com\/wp-content\/uploads\/2026\/06\/hotel-casa-real-la-macarena-colombie.jpg 800w, https:\/\/visitmycolombia.com\/wp-content\/uploads\/2026\/06\/hotel-casa-real-la-macarena-colombie-300x225.jpg 300w, https:\/\/visitmycolombia.com\/wp-content\/uploads\/2026\/06\/hotel-casa-real-la-macarena-colombie-150x113.jpg 150w, https:\/\/visitmycolombia.com\/wp-content\/uploads\/2026\/06\/hotel-casa-real-la-macarena-colombie-768x576.jpg 768w\" sizes=\"auto, (max-width: 800px) 100vw, 800px\" \/><\/figure>\n\n<div class=\"wp-block-columns is-not-stacked-on-mobile eplus-wrapper is-layout-flex wp-container-core-columns-is-layout-7387b849 wp-block-columns-is-layout-flex eplus-styles-uid-244ff9\">\n<div class=\"wp-block-column eplus-wrapper is-layout-flow wp-block-column-is-layout-flow\" style=\"flex-basis:66.66%\"><p class=\"has-text-color has-small-font-size eplus-wrapper eplus-styles-uid-062bbd wp-block-paragraph\" style=\"color:#da906b\">$$ &#8211; Budget medio<\/p><\/div>\n\n\n\n<div class=\"wp-block-column eplus-wrapper is-layout-flow wp-block-column-is-layout-flow\" style=\"flex-basis:33.33%\"><p class=\"has-text-align-right has-text-color has-small-font-size eplus-wrapper eplus-styles-uid-feebc8 wp-block-paragraph\" style=\"color:#da906b\">Albergo<\/p><\/div>\n<\/div>\n\n<h4 class=\" wp-block-heading has-text-align-center eplus-wrapper eplus-styles-uid-ce9610\">Casa Hotel Real<\/h4>\n\n<p class=\"has-text-align-center eplus-wrapper eplus-styles-uid-9699d7 wp-block-paragraph\" style=\"font-size:15px\">L&#8217;impressione dei viaggiatori \u00e8 quella di un hotel semplice e funzionale. Le camere sono pulite ma piuttosto piccole e talvolta poco ventilate, quindi \u00e8 meglio scegliere quelle con aria condizionata. Un caloroso benvenuto. Ci sono una serie di servizi pratici come la connessione Wi-Fi, la piscina e la colazione inclusa, anche se l&#8217;intero pacchetto rimane piuttosto elementare.<\/p>\n\n\n<p class=\"has-text-align-center has-text-color eplus-wrapper wp-block-paragraph\" style=\"color:#da906b;font-size:16px\"><strong><a href=\"https:\/\/www.facebook.com\/p\/Casa-Hotel-Real-vs-100038893676554\/\" target=\"_blank\" rel=\"noreferrer noopener\">SAPERNE DI PI\u00d9<\/a><\/strong><\/p>\n<\/div><\/div>\n\n<div class=\"wp-block-columns eplus-wrapper is-layout-flex wp-container-core-columns-is-layout-7387b849 wp-block-columns-is-layout-flex eplus-styles-uid-fcd646\"><div class=\"wp-block-column eplus-wrapper is-layout-flow wp-block-column-is-layout-flow eplus-styles-uid-8e42ae\"><figure class=\" wp-block-image size-full eplus-wrapper eplus-styles-uid-c39bfb\"><img loading=\"lazy\" decoding=\"async\" width=\"800\" height=\"600\" src=\"https:\/\/visitmycolombia.com\/wp-content\/uploads\/2026\/06\/hotel-la-fuente-la-macarena-colombie.jpg\" alt=\"Hotel La Fuente, La Macarena, Colombia\" class=\"wp-image-69001\" style=\"aspect-ratio:16\/9;object-fit:cover\" srcset=\"https:\/\/visitmycolombia.com\/wp-content\/uploads\/2026\/06\/hotel-la-fuente-la-macarena-colombie.jpg 800w, https:\/\/visitmycolombia.com\/wp-content\/uploads\/2026\/06\/hotel-la-fuente-la-macarena-colombie-300x225.jpg 300w, https:\/\/visitmycolombia.com\/wp-content\/uploads\/2026\/06\/hotel-la-fuente-la-macarena-colombie-150x113.jpg 150w, https:\/\/visitmycolombia.com\/wp-content\/uploads\/2026\/06\/hotel-la-fuente-la-macarena-colombie-768x576.jpg 768w\" sizes=\"auto, (max-width: 800px) 100vw, 800px\" \/><\/figure>\n\n<div class=\"wp-block-columns is-not-stacked-on-mobile eplus-wrapper is-layout-flex wp-container-core-columns-is-layout-7387b849 wp-block-columns-is-layout-flex eplus-styles-uid-8d9cee\">\n<div class=\"wp-block-column eplus-wrapper is-layout-flow wp-block-column-is-layout-flow\" style=\"flex-basis:66.66%\"><p class=\"has-text-color has-small-font-size eplus-wrapper eplus-styles-uid-062bbd wp-block-paragraph\" style=\"color:#da906b\">$$ &#8211; Budget medio<\/p><\/div>\n\n\n\n<div class=\"wp-block-column eplus-wrapper is-layout-flow wp-block-column-is-layout-flow\" style=\"flex-basis:33.33%\"><p class=\"has-text-align-right has-text-color has-small-font-size eplus-wrapper eplus-styles-uid-feebc8 wp-block-paragraph\" style=\"color:#da906b\">Albergo<\/p><\/div>\n<\/div>\n\n<h4 class=\" wp-block-heading has-text-align-center eplus-wrapper eplus-styles-uid-ce9610\">Albergo La Fuente<\/h4>\n\n<p class=\"has-text-align-center eplus-wrapper eplus-styles-uid-9699d7 wp-block-paragraph\" style=\"font-size:15px\">Abbiamo soggiornato in questo hotel. Le camere sono semplici ma confortevoli, con aria condizionata, apprezzata con il caldo. Il ristorante propone una variet\u00e0 di piatti della cucina locale e una piacevole piscina dopo una giornata di escursioni. Facilmente raggiungibile a piedi dall&#8217;aeroporto, \u00e8 una buona opzione se non si cerca il lusso.<\/p>\n\n\n<p class=\"has-text-align-center has-text-color eplus-wrapper wp-block-paragraph\" style=\"color:#da906b;font-size:16px\"><strong><a href=\"https:\/\/www.booking.com\/hotel\/co\/la-fuente-jn-la-macarena.fr.html\" target=\"_blank\" rel=\"noreferrer noopener\">SAPERNE DI PI\u00d9<\/a><\/strong><\/p>\n<\/div>\n\n<div class=\"wp-block-column eplus-wrapper is-layout-flow wp-block-column-is-layout-flow eplus-styles-uid-8e42ae\"><figure class=\" wp-block-image size-full eplus-wrapper eplus-styles-uid-c39bfb\"><img loading=\"lazy\" decoding=\"async\" width=\"800\" height=\"600\" src=\"https:\/\/visitmycolombia.com\/wp-content\/uploads\/2026\/06\/hotel-la-manigua-lodge-la-macarena-colombie.jpg\" alt=\"Lodge La Manigua, La Macarena, Colombia\" class=\"wp-image-69007\" style=\"aspect-ratio:16\/9;object-fit:cover\" srcset=\"https:\/\/visitmycolombia.com\/wp-content\/uploads\/2026\/06\/hotel-la-manigua-lodge-la-macarena-colombie.jpg 800w, https:\/\/visitmycolombia.com\/wp-content\/uploads\/2026\/06\/hotel-la-manigua-lodge-la-macarena-colombie-300x225.jpg 300w, https:\/\/visitmycolombia.com\/wp-content\/uploads\/2026\/06\/hotel-la-manigua-lodge-la-macarena-colombie-150x113.jpg 150w, https:\/\/visitmycolombia.com\/wp-content\/uploads\/2026\/06\/hotel-la-manigua-lodge-la-macarena-colombie-768x576.jpg 768w\" sizes=\"auto, (max-width: 800px) 100vw, 800px\" \/><\/figure>\n\n<div class=\"wp-block-columns is-not-stacked-on-mobile eplus-wrapper is-layout-flex wp-container-core-columns-is-layout-7387b849 wp-block-columns-is-layout-flex eplus-styles-uid-3eee39\">\n<div class=\"wp-block-column eplus-wrapper is-layout-flow wp-block-column-is-layout-flow\" style=\"flex-basis:66.66%\"><p class=\"has-text-color has-small-font-size eplus-wrapper eplus-styles-uid-062bbd wp-block-paragraph\" style=\"color:#da906b\">$$$ &#8211; Budget elevato<\/p><\/div>\n\n\n\n<div class=\"wp-block-column eplus-wrapper is-layout-flow wp-block-column-is-layout-flow\" style=\"flex-basis:33.33%\"><p class=\"has-text-align-right has-text-color has-small-font-size eplus-wrapper eplus-styles-uid-feebc8 wp-block-paragraph\" style=\"color:#da906b\">Albergo<\/p><\/div>\n<\/div>\n\n<h4 class=\" wp-block-heading has-text-align-center eplus-wrapper eplus-styles-uid-ce9610\">Rifugio La Manigua<\/h4>\n\n<p class=\"has-text-align-center eplus-wrapper eplus-styles-uid-9699d7 wp-block-paragraph\" style=\"font-size:15px\">L&#8217;esperienza al La Manigua Lodge \u00e8 eccezionale. Le cabine sono confortevoli e ben integrate nella natura, con un vero fascino rustico. Il servizio \u00e8 spesso descritto come molto attento e l&#8217;organizzazione delle attivit\u00e0 \u00e8 ben curata. La cucina \u00e8 molto apprezzata, anche se alcuni hanno evidenziato piccole carenze (colazioni ripetitive e acqua a volte fredda).<\/p>\n\n\n<p class=\"has-text-align-center has-text-color eplus-wrapper wp-block-paragraph\" style=\"color:#da906b;font-size:16px\"><strong><a href=\"https:\/\/www.booking.com\/hotel\/co\/la-manigua-lodge.fr.html\" target=\"_blank\" rel=\"noreferrer noopener\">SAPERNE DI PI\u00d9<\/a><\/strong><\/p>\n<\/div>\n\n\n<div class=\"wp-block-column eplus-wrapper is-layout-flow wp-block-column-is-layout-flow\"><\/div>\n<\/div>\n\n\n<div style=\"height:1em\" aria-hidden=\"true\" class=\" wp-block-spacer eplus-wrapper\"><\/div>\n\n\n<div  id=\"jtg-69830\" class=\"modula modula-gallery modula-columns\" data-config=\"{&quot;tabletHeight&quot;:800,&quot;mobileHeight&quot;:800,&quot;desktopHeight&quot;:800,&quot;enableTwitter&quot;:false,&quot;enableWhatsapp&quot;:false,&quot;enableFacebook&quot;:false,&quot;enablePinterest&quot;:false,&quot;enableLinkedin&quot;:false,&quot;enableEmail&quot;:false,&quot;randomFactor&quot;:0,&quot;type&quot;:&quot;grid&quot;,&quot;columns&quot;:12,&quot;gutter&quot;:10,&quot;mobileGutter&quot;:10,&quot;tabletGutter&quot;:10,&quot;desktopGutter&quot;:10,&quot;enableResponsive&quot;:&quot;0&quot;,&quot;tabletColumns&quot;:2,&quot;mobileColumns&quot;:1,&quot;lazyLoad&quot;:0,&quot;lightboxOpts&quot;:{&quot;animated&quot;:true,&quot;Thumbs&quot;:{&quot;type&quot;:&quot;modern&quot;,&quot;showOnStart&quot;:false},&quot;Toolbar&quot;:{&quot;display&quot;:{&quot;right&quot;:[&quot;close&quot;]},&quot;enabled&quot;:true},&quot;Carousel&quot;:{&quot;Panzoom&quot;:{&quot;touch&quot;:true},&quot;infinite&quot;:false},&quot;keyboard&quot;:{&quot;Escape&quot;:&quot;close&quot;,&quot;Delete&quot;:&quot;close&quot;,&quot;Backspace&quot;:&quot;close&quot;,&quot;PageUp&quot;:&quot;next&quot;,&quot;PageDown&quot;:&quot;prev&quot;,&quot;ArrowUp&quot;:&quot;prev&quot;,&quot;ArrowDown&quot;:&quot;next&quot;,&quot;ArrowRight&quot;:&quot;next&quot;,&quot;ArrowLeft&quot;:&quot;prev&quot;},&quot;wheel&quot;:&quot;slide&quot;,&quot;touch&quot;:true,&quot;backdropClick&quot;:&quot;close&quot;,&quot;l10n&quot;:{&quot;CLOSE&quot;:&quot;Close&quot;,&quot;NEXT&quot;:&quot;Next&quot;,&quot;PREV&quot;:&quot;Previous&quot;,&quot;Error&quot;:&quot;The requested content cannot be loaded. Please try again later.&quot;,&quot;PLAY_START&quot;:&quot;Start slideshow&quot;,&quot;PLAY_STOP&quot;:&quot;Pause slideshow&quot;,&quot;FULL_SCREEN&quot;:&quot;Full screen&quot;,&quot;THUMBS&quot;:&quot;Thumbnails&quot;,&quot;DOWNLOAD&quot;:&quot;Download&quot;,&quot;SHARE&quot;:&quot;Share&quot;,&quot;ZOOM&quot;:&quot;Zoom&quot;,&quot;EMAIL&quot;:&quot;Here is the link to the image : %%image_link%% and this is the link to the gallery : %%gallery_link%%&quot;,&quot;MODAL&quot;:&quot;You can close this modal content with the ESC key&quot;,&quot;ERROR&quot;:&quot;Something Went Wrong, Please Try Again Later&quot;,&quot;IMAGE_ERROR&quot;:&quot;Image Not Found&quot;,&quot;ELEMENT_NOT_FOUND&quot;:&quot;HTML Element Not Found&quot;,&quot;AJAX_NOT_FOUND&quot;:&quot;Error Loading AJAX : Not Found&quot;,&quot;AJAX_FORBIDDEN&quot;:&quot;Error Loading AJAX : Forbidden&quot;,&quot;IFRAME_ERROR&quot;:&quot;Error Loading Page&quot;,&quot;TOGGLE_ZOOM&quot;:&quot;Toggle zoom level&quot;,&quot;TOGGLE_THUMBS&quot;:&quot;Toggle thumbnails&quot;,&quot;TOGGLE_SLIDESHOW&quot;:&quot;Toggle slideshow&quot;,&quot;TOGGLE_FULLSCREEN&quot;:&quot;Toggle full-screen mode&quot;},&quot;Images&quot;:{&quot;Panzoom&quot;:{&quot;maxScale&quot;:2}},&quot;mainClass&quot;:&quot;modula-fancybox-container modula-lightbox-jtg-69830&quot;,&quot;Html&quot;:{&quot;videoAutoplay&quot;:0,&quot;videoTpl&quot;:&quot;&lt;video class=\\&quot;fancybox__html5video\\&quot; controls muted playsinline controlsList controlsList=\\&quot;nodownload\\&quot; poster=\\&quot;{{poster}}\\&quot; src=\\&quot;{{src}}\\&quot; type=\\&quot;{{format}}\\&quot; &gt;  Sorry, your browser doesn&#039;t support embedded videos, &lt;a href=\\&quot;{{src}}\\&quot;&gt; download &lt;\\\/a&gt; and watch with your favorite video player! &lt;\\\/video&gt;&quot;}},&quot;inView&quot;:false,&quot;email_subject&quot;:&quot;Check out this awesome image !!&quot;,&quot;email_message&quot;:&quot;Here is the link to the image : %%image_link%% and this is the link to the gallery : %%gallery_link%%&quot;,&quot;grid_type&quot;:&quot;automatic&quot;,&quot;rowHeight&quot;:250,&quot;lastRow&quot;:&quot;justify&quot;,&quot;lightbox&quot;:&quot;fancybox&quot;,&quot;lightbox_devices&quot;:&quot;both&quot;}\">\n\n\t\n\t<div  class=\"modula-items grid-gallery\">\n\t\t<div class=\"modula-item effect-pufrobo\" >\n\t<div class=\"modula-item-overlay\"><\/div>\n\n\t<div class=\"modula-item-content\">\n\n\t\t<a data-image-id=\"69767\" role=\"button\" data-elementor-open-lightbox=\"no\" tabindex=\"0\" rel=\"jtg-69830\" data-caption=\"\" aria-label=\"Open image in lightbox\" class=\"tile-inner modula-item-link\"><\/a><img loading=\"lazy\" decoding=\"async\" class=\"pic wp-image-69767\"  data-valign=\"middle\" data-halign=\"center\" alt=\"Sentier Ca\u00f1o Cristalitos \u2013 Mirador, Parc National Sierra de la Macarena, Colombie\" data-full=\"https:\/\/visitmycolombia.com\/wp-content\/uploads\/2026\/03\/sentier-cano-cristalitos-mirador-la-macarena-colombie-8.jpg\" title=\"sentier-cano-cristalitos-mirador-la-macarena-colombie-8\" crop=\"\" width=\"1680\" height=\"945\" src=\"https:\/\/visitmycolombia.com\/wp-content\/uploads\/2026\/03\/sentier-cano-cristalitos-mirador-la-macarena-colombie-8.jpg\" data-src=\"https:\/\/visitmycolombia.com\/wp-content\/uploads\/2026\/03\/sentier-cano-cristalitos-mirador-la-macarena-colombie-8.jpg\" data-caption=\"\" srcset=\"https:\/\/visitmycolombia.com\/wp-content\/uploads\/2026\/03\/sentier-cano-cristalitos-mirador-la-macarena-colombie-8.jpg 1680w, https:\/\/visitmycolombia.com\/wp-content\/uploads\/2026\/03\/sentier-cano-cristalitos-mirador-la-macarena-colombie-8-300x169.jpg 300w, https:\/\/visitmycolombia.com\/wp-content\/uploads\/2026\/03\/sentier-cano-cristalitos-mirador-la-macarena-colombie-8-1024x576.jpg 1024w, https:\/\/visitmycolombia.com\/wp-content\/uploads\/2026\/03\/sentier-cano-cristalitos-mirador-la-macarena-colombie-8-150x84.jpg 150w, https:\/\/visitmycolombia.com\/wp-content\/uploads\/2026\/03\/sentier-cano-cristalitos-mirador-la-macarena-colombie-8-768x432.jpg 768w, https:\/\/visitmycolombia.com\/wp-content\/uploads\/2026\/03\/sentier-cano-cristalitos-mirador-la-macarena-colombie-8-1536x864.jpg 1536w\" sizes=\"auto, (max-width: 1680px) 100vw, 1680px\" \/>\n\t\t<div class=\"figc no-description\">\n\t\t\t<div class=\"figc-inner\">\n\t\t\t\t\t\t\t\t\t\t\t\t\t\t\t<\/div>\n\t\t<\/div>\n\n\t<\/div>\n\n<\/div><div class=\"modula-item effect-pufrobo\" >\n\t<div class=\"modula-item-overlay\"><\/div>\n\n\t<div class=\"modula-item-content\">\n\n\t\t<a data-image-id=\"69791\" role=\"button\" data-elementor-open-lightbox=\"no\" tabindex=\"0\" rel=\"jtg-69830\" data-caption=\"\" aria-label=\"Open image in lightbox\" class=\"tile-inner modula-item-link\"><\/a><img loading=\"lazy\" decoding=\"async\" class=\"pic wp-image-69791\"  data-valign=\"middle\" data-halign=\"center\" alt=\"Sentier Ca\u00f1o Cristalitos \u2013 Mirador, Parc National Sierra de la Macarena, Colombie\" data-full=\"https:\/\/visitmycolombia.com\/wp-content\/uploads\/2026\/03\/sentier-cano-cristalitos-mirador-la-macarena-colombie-12.jpg\" title=\"sentier-cano-cristalitos-mirador-la-macarena-colombie-12\" crop=\"\" width=\"1149\" height=\"1531\" src=\"https:\/\/visitmycolombia.com\/wp-content\/uploads\/2026\/03\/sentier-cano-cristalitos-mirador-la-macarena-colombie-12.jpg\" data-src=\"https:\/\/visitmycolombia.com\/wp-content\/uploads\/2026\/03\/sentier-cano-cristalitos-mirador-la-macarena-colombie-12.jpg\" data-caption=\"\" srcset=\"https:\/\/visitmycolombia.com\/wp-content\/uploads\/2026\/03\/sentier-cano-cristalitos-mirador-la-macarena-colombie-12.jpg 1149w, https:\/\/visitmycolombia.com\/wp-content\/uploads\/2026\/03\/sentier-cano-cristalitos-mirador-la-macarena-colombie-12-225x300.jpg 225w, https:\/\/visitmycolombia.com\/wp-content\/uploads\/2026\/03\/sentier-cano-cristalitos-mirador-la-macarena-colombie-12-769x1024.jpg 769w, https:\/\/visitmycolombia.com\/wp-content\/uploads\/2026\/03\/sentier-cano-cristalitos-mirador-la-macarena-colombie-12-113x150.jpg 113w, https:\/\/visitmycolombia.com\/wp-content\/uploads\/2026\/03\/sentier-cano-cristalitos-mirador-la-macarena-colombie-12-768x1023.jpg 768w\" sizes=\"auto, (max-width: 1149px) 100vw, 1149px\" \/>\n\t\t<div class=\"figc no-description\">\n\t\t\t<div class=\"figc-inner\">\n\t\t\t\t\t\t\t\t\t\t\t\t\t\t\t<\/div>\n\t\t<\/div>\n\n\t<\/div>\n\n<\/div><div class=\"modula-item effect-pufrobo\" >\n\t<div class=\"modula-item-overlay\"><\/div>\n\n\t<div class=\"modula-item-content\">\n\n\t\t<a data-image-id=\"69779\" role=\"button\" data-elementor-open-lightbox=\"no\" tabindex=\"0\" rel=\"jtg-69830\" data-caption=\"\" aria-label=\"Open image in lightbox\" class=\"tile-inner modula-item-link\"><\/a><img loading=\"lazy\" decoding=\"async\" class=\"pic wp-image-69779\"  data-valign=\"middle\" data-halign=\"center\" alt=\"Sentier Ca\u00f1o Cristalitos \u2013 Mirador, Parc National Sierra de la Macarena, Colombie\" data-full=\"https:\/\/visitmycolombia.com\/wp-content\/uploads\/2026\/03\/sentier-cano-cristalitos-mirador-la-macarena-colombie-10.jpg\" title=\"sentier-cano-cristalitos-mirador-la-macarena-colombie-10\" crop=\"\" width=\"1149\" height=\"1531\" src=\"https:\/\/visitmycolombia.com\/wp-content\/uploads\/2026\/03\/sentier-cano-cristalitos-mirador-la-macarena-colombie-10.jpg\" data-src=\"https:\/\/visitmycolombia.com\/wp-content\/uploads\/2026\/03\/sentier-cano-cristalitos-mirador-la-macarena-colombie-10.jpg\" data-caption=\"\" srcset=\"https:\/\/visitmycolombia.com\/wp-content\/uploads\/2026\/03\/sentier-cano-cristalitos-mirador-la-macarena-colombie-10.jpg 1149w, https:\/\/visitmycolombia.com\/wp-content\/uploads\/2026\/03\/sentier-cano-cristalitos-mirador-la-macarena-colombie-10-225x300.jpg 225w, https:\/\/visitmycolombia.com\/wp-content\/uploads\/2026\/03\/sentier-cano-cristalitos-mirador-la-macarena-colombie-10-769x1024.jpg 769w, https:\/\/visitmycolombia.com\/wp-content\/uploads\/2026\/03\/sentier-cano-cristalitos-mirador-la-macarena-colombie-10-113x150.jpg 113w, https:\/\/visitmycolombia.com\/wp-content\/uploads\/2026\/03\/sentier-cano-cristalitos-mirador-la-macarena-colombie-10-768x1023.jpg 768w\" sizes=\"auto, (max-width: 1149px) 100vw, 1149px\" \/>\n\t\t<div class=\"figc no-description\">\n\t\t\t<div class=\"figc-inner\">\n\t\t\t\t\t\t\t\t\t\t\t\t\t\t\t<\/div>\n\t\t<\/div>\n\n\t<\/div>\n\n<\/div><div class=\"modula-item effect-pufrobo\" >\n\t<div class=\"modula-item-overlay\"><\/div>\n\n\t<div class=\"modula-item-content\">\n\n\t\t<a data-image-id=\"69755\" role=\"button\" data-elementor-open-lightbox=\"no\" tabindex=\"0\" rel=\"jtg-69830\" data-caption=\"\" aria-label=\"Open image in lightbox\" class=\"tile-inner modula-item-link\"><\/a><img loading=\"lazy\" decoding=\"async\" class=\"pic wp-image-69755\"  data-valign=\"middle\" data-halign=\"center\" alt=\"Sentier Ca\u00f1o Cristalitos \u2013 Mirador, Parc National Sierra de la Macarena, Colombie\" data-full=\"https:\/\/visitmycolombia.com\/wp-content\/uploads\/2026\/03\/sentier-cano-cristalitos-mirador-la-macarena-colombie-6.jpg\" title=\"sentier-cano-cristalitos-mirador-la-macarena-colombie-6\" crop=\"\" width=\"1680\" height=\"945\" src=\"https:\/\/visitmycolombia.com\/wp-content\/uploads\/2026\/03\/sentier-cano-cristalitos-mirador-la-macarena-colombie-6.jpg\" data-src=\"https:\/\/visitmycolombia.com\/wp-content\/uploads\/2026\/03\/sentier-cano-cristalitos-mirador-la-macarena-colombie-6.jpg\" data-caption=\"\" srcset=\"https:\/\/visitmycolombia.com\/wp-content\/uploads\/2026\/03\/sentier-cano-cristalitos-mirador-la-macarena-colombie-6.jpg 1680w, https:\/\/visitmycolombia.com\/wp-content\/uploads\/2026\/03\/sentier-cano-cristalitos-mirador-la-macarena-colombie-6-300x169.jpg 300w, https:\/\/visitmycolombia.com\/wp-content\/uploads\/2026\/03\/sentier-cano-cristalitos-mirador-la-macarena-colombie-6-1024x576.jpg 1024w, https:\/\/visitmycolombia.com\/wp-content\/uploads\/2026\/03\/sentier-cano-cristalitos-mirador-la-macarena-colombie-6-150x84.jpg 150w, https:\/\/visitmycolombia.com\/wp-content\/uploads\/2026\/03\/sentier-cano-cristalitos-mirador-la-macarena-colombie-6-768x432.jpg 768w, https:\/\/visitmycolombia.com\/wp-content\/uploads\/2026\/03\/sentier-cano-cristalitos-mirador-la-macarena-colombie-6-1536x864.jpg 1536w\" sizes=\"auto, (max-width: 1680px) 100vw, 1680px\" \/>\n\t\t<div class=\"figc no-description\">\n\t\t\t<div class=\"figc-inner\">\n\t\t\t\t\t\t\t\t\t\t\t\t\t\t\t<\/div>\n\t\t<\/div>\n\n\t<\/div>\n\n<\/div>\t\t\n\t<\/div>\n\n\t\n\t\n\t<script type=\"application\/ld+json\">\n\t{\n\t\t\"@context\": \"https:\/\/schema.org\",\n\t\t\"@type\"   : \"ImageGallery\",\n\t\t\"id\"      : \"https:\/\/visitmycolombia.com\/it\/sentiero-cano-cristalitos-mirador-escursione-alla-sorella-minore-nascosta-del-cano-cristales\/#modula-gallery-69830\",\n\t\t\"url\"     : \"https:\/\/visitmycolombia.com\/it\/sentiero-cano-cristalitos-mirador-escursione-alla-sorella-minore-nascosta-del-cano-cristales\/\"\n\t}\n\n\t<\/script>\n\n\t\n<\/div>\n\n\n\n<div class=\"wp-block-group eplus-wrapper is-layout-constrained wp-block-group-is-layout-constrained\"><hr class=\"is-style-dots wp-block-separator has-text-color has-alpha-channel-opacity has-background eplus-wrapper eplus-styles-uid-a3cde3\" style=\"background-color:#da906b;color:#da906b\">\n\n<h2 class=\" wp-block-heading eplus-wrapper eplus-styles-uid-2511c5\"><strong>Commenti e consigli<\/strong><\/h2>\n\n<hr class=\"is-style-dots wp-block-separator has-text-color has-alpha-channel-opacity has-background eplus-wrapper eplus-styles-uid-9a0b83\" style=\"background-color:#da906b;color:#da906b\"><\/div>\n\n\n<div class=\"wp-block-columns eplus-wrapper is-layout-flex wp-container-core-columns-is-layout-7387b849 wp-block-columns-is-layout-flex eplus-styles-uid-0bf661\">\n<div class=\"wp-block-column eplus-wrapper is-layout-flow wp-block-column-is-layout-flow\">\n<div class=\"wp-block-group eplus-wrapper is-layout-constrained wp-block-group-is-layout-constrained\"><p class=\"has-black-color has-text-color has-background eplus-wrapper eplus-styles-uid-1b316e wp-block-paragraph\" style=\"background-color:#e5e5e5\"><strong><strong><strong><strong><strong><strong><strong><strong><strong><strong><strong><strong><strong><strong><strong><strong><strong><strong><strong><strong><strong><strong><strong><strong><strong><strong><strong><strong><strong><strong>Pantaloni + maniche lunghe<\/strong> per le escursioni<\/strong><\/strong><\/strong><\/strong><\/strong><\/strong><\/strong><\/strong><\/strong><\/strong><\/strong><\/strong><\/strong><\/strong><\/strong><\/strong><\/strong><\/strong><\/strong><\/strong><\/strong><\/strong><\/strong><\/strong><\/strong><\/strong><\/strong><\/strong><\/strong><\/p>\n\n<p class=\"eplus-wrapper eplus-styles-uid-bac0de wp-block-paragraph\">Per le passeggiate a La Macarena, si consiglia di indossare pantaloni e maglietta o camicia a maniche lunghe. Questo abbigliamento vi protegge sia dagli insetti che, soprattutto, dal sole, dato che molti dei percorsi sono all&#8217;aperto e a cielo aperto.<\/p><\/div>\n<\/div>\n\n\n\n<div class=\"wp-block-column eplus-wrapper is-layout-flow wp-block-column-is-layout-flow\">\n<div class=\"wp-block-group eplus-wrapper is-layout-constrained wp-block-group-is-layout-constrained\"><p class=\"has-black-color has-text-color has-background eplus-wrapper eplus-styles-uid-1b316e wp-block-paragraph\" style=\"background-color:#e5e5e5\"><strong>Portate con voi un repellente per zanzare<\/strong><\/p>\n\n<p class=\"eplus-wrapper eplus-styles-uid-bac0de wp-block-paragraph\">Anche se la regione non \u00e8 la pi\u00f9 infestata dalle zanzare che abbiamo visto, ce ne sono comunque alcune. Per precauzione, \u00e8 consigliabile applicare un repellente per zanzare, soprattutto durante le lunghe escursioni in aperta campagna e nelle zone umide.<\/p><\/div>\n<\/div>\n<\/div>\n\n\n<div style=\"height:1em\" aria-hidden=\"true\" class=\" wp-block-spacer eplus-wrapper\"><\/div>\n\n\n<div class=\"wp-block-columns eplus-wrapper is-layout-flex wp-container-core-columns-is-layout-7387b849 wp-block-columns-is-layout-flex eplus-styles-uid-73f332\">\n<div class=\"wp-block-column eplus-wrapper is-layout-flow wp-block-column-is-layout-flow\">\n<div class=\"wp-block-group eplus-wrapper is-layout-constrained wp-block-group-is-layout-constrained\"><p class=\"has-black-color has-text-color has-background eplus-wrapper eplus-styles-uid-1b316e wp-block-paragraph\" style=\"background-color:#e5e5e5\"><strong><strong><strong><strong><strong><strong><strong><strong><strong><strong><strong><strong><strong><strong><strong><strong><strong><strong><strong><strong>Portate con voi la crema solare<\/strong><\/strong><\/strong><\/strong><\/strong><\/strong><\/strong><\/strong><\/strong><\/strong><\/strong><\/strong><\/strong><\/strong><\/strong><\/strong><\/strong><\/strong><\/strong><\/strong><\/p>\n\n<p class=\"eplus-wrapper eplus-styles-uid-bac0de wp-block-paragraph\">Quando c&#8217;\u00e8 il sole, il caldo pu\u00f2 diventare rapidamente intenso, soprattutto se si cammina spesso senza ombra. Si raccomanda pertanto di utilizzare almeno una crema solare SPF 50 per evitare scottature e proteggere efficacemente la pelle.<\/p><\/div>\n<\/div>\n\n\n\n<div class=\"wp-block-column eplus-wrapper is-layout-flow wp-block-column-is-layout-flow\">\n<div class=\"wp-block-group eplus-wrapper is-layout-constrained wp-block-group-is-layout-constrained\"><p class=\"has-black-color has-text-color has-background eplus-wrapper eplus-styles-uid-1b316e wp-block-paragraph\" style=\"background-color:#e5e5e5\"><strong>Portate con voi un costume da bagno e un asciugamano<\/strong><\/p>\n\n<p class=\"eplus-wrapper eplus-styles-uid-bac0de wp-block-paragraph\">Se venite a La Macarena, \u00e8 sicuramente per ammirare i famosi fiumi colorati. Durante le escursioni, ci sono diversi punti in cui \u00e8 possibile fare il bagno e rinfrescarsi, quindi non dimenticate il costume da bagno e un asciugamano per sfruttare al meglio questi momenti.<\/p><\/div>\n<\/div>\n<\/div>\n\n\n<div style=\"height:1em\" aria-hidden=\"true\" class=\" wp-block-spacer eplus-wrapper\"><\/div>\n\n\n<div class=\"wp-block-columns eplus-wrapper is-layout-flex wp-container-core-columns-is-layout-7387b849 wp-block-columns-is-layout-flex eplus-styles-uid-97061a\">\n<div class=\"wp-block-column eplus-wrapper is-layout-flow wp-block-column-is-layout-flow\">\n<div class=\"wp-block-group eplus-wrapper is-layout-constrained wp-block-group-is-layout-constrained\"><p class=\"has-black-color has-text-color has-background eplus-wrapper eplus-styles-uid-1b316e wp-block-paragraph\" style=\"background-color:#e5e5e5\"><strong><strong><strong><strong><strong><strong><strong><strong><strong><strong><strong><strong><strong><strong><strong><strong><strong><strong><strong><strong><strong><strong><strong><strong><strong><strong><strong><strong><strong>Portare un cappello o un berretto<\/strong><\/strong><\/strong><\/strong><\/strong><\/strong><\/strong><\/strong><\/strong><\/strong><\/strong><\/strong><\/strong><\/strong><\/strong><\/strong><\/strong><\/strong><\/strong><\/strong><\/strong><\/strong><\/strong><\/strong><\/strong><\/strong><\/strong><\/strong><\/strong><\/p>\n\n<p class=\"eplus-wrapper eplus-styles-uid-bac0de wp-block-paragraph\">Per affrontare il caldo e il sole, \u00e8 bene coprirsi la testa. Un cappello o un berretto vi protegger\u00e0 durante le lunghe passeggiate, soprattutto sui sentieri esposti, e impedir\u00e0 un&#8217;insolazione o un disagio prolungato.<\/p><\/div>\n<\/div>\n\n\n\n<div class=\"wp-block-column eplus-wrapper is-layout-flow wp-block-column-is-layout-flow\">\n<div class=\"wp-block-group eplus-wrapper is-layout-constrained wp-block-group-is-layout-constrained\"><p class=\"has-black-color has-text-color has-background eplus-wrapper eplus-styles-uid-1b316e wp-block-paragraph\" style=\"background-color:#e5e5e5\"><strong><strong><strong><strong><strong><strong><strong><strong><strong><strong><strong><strong><strong><strong><strong><strong><strong><strong><strong><strong><strong><strong><strong><strong><strong><strong><strong><strong><strong>Portare una bottiglia d&#8217;acqua<\/strong><\/strong><\/strong><\/strong><\/strong><\/strong><\/strong><\/strong><\/strong><\/strong><\/strong><\/strong><\/strong><\/strong><\/strong><\/strong><\/strong><\/strong><\/strong><\/strong><\/strong><\/strong><\/strong><\/strong><\/strong><\/strong><\/strong><\/strong><\/strong><\/p>\n\n<p class=\"eplus-wrapper eplus-styles-uid-bac0de wp-block-paragraph\">Nel Parco Nazionale della Sierra de la Macarena \u00e8 vietato portare plastica all&#8217;interno del parco, comprese le bottiglie d&#8217;acqua, per proteggere il fragile ambiente. \u00c8 quindi importante portare con s\u00e9 una bottiglia d&#8217;acqua riutilizzabile, da riempire in hotel o nei punti d&#8217;acqua autorizzati.<\/p><\/div>\n<\/div>\n<\/div>\n\n\n<div style=\"height:1em\" aria-hidden=\"true\" class=\" wp-block-spacer eplus-wrapper\"><\/div>\n\n\n<div class=\"wp-block-columns eplus-wrapper is-layout-flex wp-container-core-columns-is-layout-7387b849 wp-block-columns-is-layout-flex eplus-styles-uid-a2f36a\">\n<div class=\"wp-block-column eplus-wrapper is-layout-flow wp-block-column-is-layout-flow\">\n<div class=\"wp-block-group eplus-wrapper is-layout-constrained wp-block-group-is-layout-constrained\"><p class=\"has-black-color has-text-color has-background eplus-wrapper eplus-styles-uid-1b316e wp-block-paragraph\" style=\"background-color:#e5e5e5\"><strong><strong><strong><strong><strong><strong><strong><strong><strong><strong><strong><strong><strong><strong><strong><strong><strong><strong><strong><strong><strong><strong><strong><strong><strong><strong><strong><strong><strong>Portare un poncho<\/strong><\/strong><\/strong><\/strong><\/strong><\/strong><\/strong><\/strong><\/strong><\/strong><\/strong><\/strong><\/strong><\/strong><\/strong><\/strong><\/strong><\/strong><\/strong><\/strong><\/strong><\/strong><\/strong><\/strong><\/strong><\/strong><\/strong><\/strong><\/strong><\/p>\n\n<p class=\"eplus-wrapper eplus-styles-uid-bac0de wp-block-paragraph\">\u00c8 probabile che visitiate la regione durante la stagione delle piogge, da aprile a novembre. In questo caso, un poncho o una giacca impermeabile possono essere molto utili, perch\u00e9 pu\u00f2 piovere molto, come \u00e8 successo durante il nostro viaggio, quando ha piovuto tre giorni su cinque.<\/p><\/div>\n<\/div>\n\n\n\n<div class=\"wp-block-column eplus-wrapper is-layout-flow wp-block-column-is-layout-flow\">\n<div class=\"wp-block-group eplus-wrapper is-layout-constrained wp-block-group-is-layout-constrained\"><p class=\"has-black-color has-text-color has-background eplus-wrapper eplus-styles-uid-1b316e wp-block-paragraph\" style=\"background-color:#e5e5e5\"><strong><strong><strong><strong><strong><strong><strong><strong><strong><strong><strong><strong><strong><strong><strong><strong><strong><strong><strong><strong><strong><strong><strong><strong><strong><strong><strong><strong><strong>Portare scarpe da acqua<\/strong><\/strong><\/strong><\/strong><\/strong><\/strong><\/strong><\/strong><\/strong><\/strong><\/strong><\/strong><\/strong><\/strong><\/strong><\/strong><\/strong><\/strong><\/strong><\/strong><\/strong><\/strong><\/strong><\/strong><\/strong><\/strong><\/strong><\/strong><\/strong><\/p>\n\n<p class=\"eplus-wrapper eplus-styles-uid-bac0de wp-block-paragraph\">Infine, quando piove, gli acquazzoni possono essere molto intensi, trasformando talvolta i sentieri in veri e propri torrenti. Per evitare di inzuppare gli scarponi da trekking, \u00e8 bene mettere in borsa un paio di scarpe da acqua.<\/p><\/div>\n<\/div>\n<\/div>","protected":false},"excerpt":{"rendered":"<p>In breve Nel cuore della Colombia, nel dipartimento di Meta, la Sierra de la Macarena ospita alcuni dei paesaggi naturali pi\u00f9 spettacolari del Sud America. Qui scorre il famoso Ca\u00f1o Cristales, spesso definito &#8220;il fiume pi\u00f9 bello del mondo&#8221;. Ogni anno le sue acque assumono colori sorprendenti &#8211; rossi, verdi, gialli, blu e neri &#8211; [&hellip;]<\/p>\n","protected":false},"author":1,"featured_media":69824,"comment_status":"open","ping_status":"closed","sticky":false,"template":"","format":"standard","meta":{"editor_plus_copied_stylings":"{}","footnotes":""},"categories":[302,286,410],"tags":[502,144,505],"class_list":["post-69705","post","type-post","status-publish","format-standard","has-post-thumbnail","hentry","category-meta-it","category-orinoquia-it","category-regioni","tag-natura","tag-nature","tag-villaggi"],"yoast_head":"<!-- This site is optimized with the Yoast SEO plugin v28.3 - https:\/\/yoast.com\/product\/yoast-seo-wordpress\/ -->\n<title>[2026] Sentiero Ca\u00f1o Cristalitos - Mirador: escursione alla sorella minore nascosta del Ca\u00f1o Cristales | Meta | Visit my Colombia<\/title>\n<meta name=\"description\" content=\"Ammirate i paesaggi selvaggi della Sierra de la Macarena, con i suoi fiumi colorati, la giungla e i punti panoramici, durante questa escursione naturalistica a Ca\u00f1o Cristalito.\" \/>\n<meta name=\"robots\" content=\"index, follow, max-snippet:-1, max-image-preview:large, max-video-preview:-1\" \/>\n<link rel=\"canonical\" href=\"https:\/\/visitmycolombia.com\/it\/sentiero-cano-cristalitos-mirador-escursione-alla-sorella-minore-nascosta-del-cano-cristales\/\" \/>\n<meta property=\"og:locale\" content=\"it_IT\" \/>\n<meta property=\"og:type\" content=\"article\" \/>\n<meta property=\"og:title\" content=\"[2026] Sentiero Ca\u00f1o Cristalitos - Mirador: escursione alla sorella minore nascosta del Ca\u00f1o Cristales | Meta | Visit my Colombia\" \/>\n<meta property=\"og:description\" content=\"Ammirate i paesaggi selvaggi della Sierra de la Macarena, con i suoi fiumi colorati, la giungla e i punti panoramici, durante questa escursione naturalistica a Ca\u00f1o Cristalito.\" \/>\n<meta property=\"og:url\" content=\"https:\/\/visitmycolombia.com\/it\/sentiero-cano-cristalitos-mirador-escursione-alla-sorella-minore-nascosta-del-cano-cristales\/\" \/>\n<meta property=\"og:site_name\" content=\"Visit my Colombia\" \/>\n<meta property=\"article:published_time\" content=\"2026-08-30T07:00:00+00:00\" \/>\n<meta property=\"og:image\" content=\"https:\/\/visitmycolombia.com\/wp-content\/uploads\/2026\/03\/sentier-cano-cristalitos-mirador-la-macarena-colombie.jpg\" \/>\n\t<meta property=\"og:image:width\" content=\"1920\" \/>\n\t<meta property=\"og:image:height\" content=\"1137\" \/>\n\t<meta property=\"og:image:type\" content=\"image\/jpeg\" \/>\n<meta name=\"author\" content=\"Caro &amp; Romain\" \/>\n<meta name=\"twitter:card\" content=\"summary_large_image\" \/>\n<meta name=\"twitter:label1\" content=\"Scritto da\" \/>\n\t<meta name=\"twitter:data1\" content=\"Caro &amp; Romain\" \/>\n\t<meta name=\"twitter:label2\" content=\"Tempo di lettura stimato\" \/>\n\t<meta name=\"twitter:data2\" content=\"14 minuti\" \/>\n<script type=\"application\/ld+json\" class=\"yoast-schema-graph\">{\"@context\":\"https:\\\/\\\/schema.org\",\"@graph\":[{\"@type\":\"Article\",\"@id\":\"https:\\\/\\\/visitmycolombia.com\\\/it\\\/sentiero-cano-cristalitos-mirador-escursione-alla-sorella-minore-nascosta-del-cano-cristales\\\/#article\",\"isPartOf\":{\"@id\":\"https:\\\/\\\/visitmycolombia.com\\\/it\\\/sentiero-cano-cristalitos-mirador-escursione-alla-sorella-minore-nascosta-del-cano-cristales\\\/\"},\"author\":{\"name\":\"Caro &amp; Romain\",\"@id\":\"https:\\\/\\\/visitmycolombia.com\\\/it\\\/#\\\/schema\\\/person\\\/8f1d0d7caec28262b4294a64a39648e9\"},\"headline\":\"Sentiero Ca\u00f1o Cristalitos &#8211; Mirador: escursione alla sorella minore nascosta del Ca\u00f1o Cristales\",\"datePublished\":\"2026-08-30T07:00:00+00:00\",\"mainEntityOfPage\":{\"@id\":\"https:\\\/\\\/visitmycolombia.com\\\/it\\\/sentiero-cano-cristalitos-mirador-escursione-alla-sorella-minore-nascosta-del-cano-cristales\\\/\"},\"wordCount\":3008,\"commentCount\":0,\"publisher\":{\"@id\":\"https:\\\/\\\/visitmycolombia.com\\\/it\\\/#\\\/schema\\\/person\\\/8f1d0d7caec28262b4294a64a39648e9\"},\"image\":{\"@id\":\"https:\\\/\\\/visitmycolombia.com\\\/it\\\/sentiero-cano-cristalitos-mirador-escursione-alla-sorella-minore-nascosta-del-cano-cristales\\\/#primaryimage\"},\"thumbnailUrl\":\"https:\\\/\\\/visitmycolombia.com\\\/wp-content\\\/uploads\\\/2026\\\/03\\\/sentier-cano-cristalitos-mirador-la-macarena-colombie.jpg\",\"keywords\":[\"Natura\",\"Nature\",\"Villaggi\"],\"articleSection\":[\"Meta\",\"Orinoqu\u00eda\",\"Regioni\"],\"inLanguage\":\"it-IT\",\"potentialAction\":[{\"@type\":\"CommentAction\",\"name\":\"Comment\",\"target\":[\"https:\\\/\\\/visitmycolombia.com\\\/it\\\/sentiero-cano-cristalitos-mirador-escursione-alla-sorella-minore-nascosta-del-cano-cristales\\\/#respond\"]}]},{\"@type\":\"WebPage\",\"@id\":\"https:\\\/\\\/visitmycolombia.com\\\/it\\\/sentiero-cano-cristalitos-mirador-escursione-alla-sorella-minore-nascosta-del-cano-cristales\\\/\",\"url\":\"https:\\\/\\\/visitmycolombia.com\\\/it\\\/sentiero-cano-cristalitos-mirador-escursione-alla-sorella-minore-nascosta-del-cano-cristales\\\/\",\"name\":\"[2026] Sentiero Ca\u00f1o Cristalitos - Mirador: escursione alla sorella minore nascosta del Ca\u00f1o Cristales | Meta | Visit my Colombia\",\"isPartOf\":{\"@id\":\"https:\\\/\\\/visitmycolombia.com\\\/it\\\/#website\"},\"primaryImageOfPage\":{\"@id\":\"https:\\\/\\\/visitmycolombia.com\\\/it\\\/sentiero-cano-cristalitos-mirador-escursione-alla-sorella-minore-nascosta-del-cano-cristales\\\/#primaryimage\"},\"image\":{\"@id\":\"https:\\\/\\\/visitmycolombia.com\\\/it\\\/sentiero-cano-cristalitos-mirador-escursione-alla-sorella-minore-nascosta-del-cano-cristales\\\/#primaryimage\"},\"thumbnailUrl\":\"https:\\\/\\\/visitmycolombia.com\\\/wp-content\\\/uploads\\\/2026\\\/03\\\/sentier-cano-cristalitos-mirador-la-macarena-colombie.jpg\",\"datePublished\":\"2026-08-30T07:00:00+00:00\",\"description\":\"Ammirate i paesaggi selvaggi della Sierra de la Macarena, con i suoi fiumi colorati, la giungla e i punti panoramici, durante questa escursione naturalistica a Ca\u00f1o Cristalito.\",\"inLanguage\":\"it-IT\",\"potentialAction\":[{\"@type\":\"ReadAction\",\"target\":[\"https:\\\/\\\/visitmycolombia.com\\\/it\\\/sentiero-cano-cristalitos-mirador-escursione-alla-sorella-minore-nascosta-del-cano-cristales\\\/\"]}]},{\"@type\":\"ImageObject\",\"inLanguage\":\"it-IT\",\"@id\":\"https:\\\/\\\/visitmycolombia.com\\\/it\\\/sentiero-cano-cristalitos-mirador-escursione-alla-sorella-minore-nascosta-del-cano-cristales\\\/#primaryimage\",\"url\":\"https:\\\/\\\/visitmycolombia.com\\\/wp-content\\\/uploads\\\/2026\\\/03\\\/sentier-cano-cristalitos-mirador-la-macarena-colombie.jpg\",\"contentUrl\":\"https:\\\/\\\/visitmycolombia.com\\\/wp-content\\\/uploads\\\/2026\\\/03\\\/sentier-cano-cristalitos-mirador-la-macarena-colombie.jpg\",\"width\":1920,\"height\":1137,\"caption\":\"Sentier\"},{\"@type\":\"WebSite\",\"@id\":\"https:\\\/\\\/visitmycolombia.com\\\/it\\\/#website\",\"url\":\"https:\\\/\\\/visitmycolombia.com\\\/it\\\/\",\"name\":\"Visit my Colombia\",\"description\":\"Blog voyage Colombie : itin\u00e9raires, conseils, culture et plus encore ! | Visit my Colombia\",\"publisher\":{\"@id\":\"https:\\\/\\\/visitmycolombia.com\\\/it\\\/#\\\/schema\\\/person\\\/8f1d0d7caec28262b4294a64a39648e9\"},\"potentialAction\":[{\"@type\":\"SearchAction\",\"target\":{\"@type\":\"EntryPoint\",\"urlTemplate\":\"https:\\\/\\\/visitmycolombia.com\\\/it\\\/?s={search_term_string}\"},\"query-input\":{\"@type\":\"PropertyValueSpecification\",\"valueRequired\":true,\"valueName\":\"search_term_string\"}}],\"inLanguage\":\"it-IT\"},{\"@type\":[\"Person\",\"Organization\"],\"@id\":\"https:\\\/\\\/visitmycolombia.com\\\/it\\\/#\\\/schema\\\/person\\\/8f1d0d7caec28262b4294a64a39648e9\",\"name\":\"Caro &amp; Romain\",\"image\":{\"@type\":\"ImageObject\",\"inLanguage\":\"it-IT\",\"@id\":\"https:\\\/\\\/visitmycolombia.com\\\/wp-content\\\/uploads\\\/2023\\\/10\\\/logo-visit-my-colombia.png\",\"url\":\"https:\\\/\\\/visitmycolombia.com\\\/wp-content\\\/uploads\\\/2023\\\/10\\\/logo-visit-my-colombia.png\",\"contentUrl\":\"https:\\\/\\\/visitmycolombia.com\\\/wp-content\\\/uploads\\\/2023\\\/10\\\/logo-visit-my-colombia.png\",\"width\":1200,\"height\":313,\"caption\":\"Caro &amp; Romain\"},\"logo\":{\"@id\":\"https:\\\/\\\/visitmycolombia.com\\\/wp-content\\\/uploads\\\/2023\\\/10\\\/logo-visit-my-colombia.png\"},\"sameAs\":[\"https:\\\/\\\/visitmycolombia.com\"],\"url\":\"https:\\\/\\\/visitmycolombia.com\\\/it\\\/author\\\/swylean\\\/\"}]}<\/script>\n<!-- \/ Yoast SEO plugin. -->","yoast_head_json":{"title":"[2026] Sentiero Ca\u00f1o Cristalitos - Mirador: escursione alla sorella minore nascosta del Ca\u00f1o Cristales | Meta | Visit my Colombia","description":"Ammirate i paesaggi selvaggi della Sierra de la Macarena, con i suoi fiumi colorati, la giungla e i punti panoramici, durante questa escursione naturalistica a Ca\u00f1o Cristalito.","robots":{"index":"index","follow":"follow","max-snippet":"max-snippet:-1","max-image-preview":"max-image-preview:large","max-video-preview":"max-video-preview:-1"},"canonical":"https:\/\/visitmycolombia.com\/it\/sentiero-cano-cristalitos-mirador-escursione-alla-sorella-minore-nascosta-del-cano-cristales\/","og_locale":"it_IT","og_type":"article","og_title":"[2026] Sentiero Ca\u00f1o Cristalitos - Mirador: escursione alla sorella minore nascosta del Ca\u00f1o Cristales | Meta | Visit my Colombia","og_description":"Ammirate i paesaggi selvaggi della Sierra de la Macarena, con i suoi fiumi colorati, la giungla e i punti panoramici, durante questa escursione naturalistica a Ca\u00f1o Cristalito.","og_url":"https:\/\/visitmycolombia.com\/it\/sentiero-cano-cristalitos-mirador-escursione-alla-sorella-minore-nascosta-del-cano-cristales\/","og_site_name":"Visit my Colombia","article_published_time":"2026-08-30T07:00:00+00:00","og_image":[{"width":1920,"height":1137,"url":"https:\/\/visitmycolombia.com\/wp-content\/uploads\/2026\/03\/sentier-cano-cristalitos-mirador-la-macarena-colombie.jpg","type":"image\/jpeg"}],"author":"Caro &amp; Romain","twitter_card":"summary_large_image","twitter_misc":{"Scritto da":"Caro &amp; Romain","Tempo di lettura stimato":"14 minuti"},"schema":{"@context":"https:\/\/schema.org","@graph":[{"@type":"Article","@id":"https:\/\/visitmycolombia.com\/it\/sentiero-cano-cristalitos-mirador-escursione-alla-sorella-minore-nascosta-del-cano-cristales\/#article","isPartOf":{"@id":"https:\/\/visitmycolombia.com\/it\/sentiero-cano-cristalitos-mirador-escursione-alla-sorella-minore-nascosta-del-cano-cristales\/"},"author":{"name":"Caro &amp; Romain","@id":"https:\/\/visitmycolombia.com\/it\/#\/schema\/person\/8f1d0d7caec28262b4294a64a39648e9"},"headline":"Sentiero Ca\u00f1o Cristalitos &#8211; Mirador: escursione alla sorella minore nascosta del Ca\u00f1o Cristales","datePublished":"2026-08-30T07:00:00+00:00","mainEntityOfPage":{"@id":"https:\/\/visitmycolombia.com\/it\/sentiero-cano-cristalitos-mirador-escursione-alla-sorella-minore-nascosta-del-cano-cristales\/"},"wordCount":3008,"commentCount":0,"publisher":{"@id":"https:\/\/visitmycolombia.com\/it\/#\/schema\/person\/8f1d0d7caec28262b4294a64a39648e9"},"image":{"@id":"https:\/\/visitmycolombia.com\/it\/sentiero-cano-cristalitos-mirador-escursione-alla-sorella-minore-nascosta-del-cano-cristales\/#primaryimage"},"thumbnailUrl":"https:\/\/visitmycolombia.com\/wp-content\/uploads\/2026\/03\/sentier-cano-cristalitos-mirador-la-macarena-colombie.jpg","keywords":["Natura","Nature","Villaggi"],"articleSection":["Meta","Orinoqu\u00eda","Regioni"],"inLanguage":"it-IT","potentialAction":[{"@type":"CommentAction","name":"Comment","target":["https:\/\/visitmycolombia.com\/it\/sentiero-cano-cristalitos-mirador-escursione-alla-sorella-minore-nascosta-del-cano-cristales\/#respond"]}]},{"@type":"WebPage","@id":"https:\/\/visitmycolombia.com\/it\/sentiero-cano-cristalitos-mirador-escursione-alla-sorella-minore-nascosta-del-cano-cristales\/","url":"https:\/\/visitmycolombia.com\/it\/sentiero-cano-cristalitos-mirador-escursione-alla-sorella-minore-nascosta-del-cano-cristales\/","name":"[2026] Sentiero Ca\u00f1o Cristalitos - Mirador: escursione alla sorella minore nascosta del Ca\u00f1o Cristales | Meta | Visit my Colombia","isPartOf":{"@id":"https:\/\/visitmycolombia.com\/it\/#website"},"primaryImageOfPage":{"@id":"https:\/\/visitmycolombia.com\/it\/sentiero-cano-cristalitos-mirador-escursione-alla-sorella-minore-nascosta-del-cano-cristales\/#primaryimage"},"image":{"@id":"https:\/\/visitmycolombia.com\/it\/sentiero-cano-cristalitos-mirador-escursione-alla-sorella-minore-nascosta-del-cano-cristales\/#primaryimage"},"thumbnailUrl":"https:\/\/visitmycolombia.com\/wp-content\/uploads\/2026\/03\/sentier-cano-cristalitos-mirador-la-macarena-colombie.jpg","datePublished":"2026-08-30T07:00:00+00:00","description":"Ammirate i paesaggi selvaggi della Sierra de la Macarena, con i suoi fiumi colorati, la giungla e i punti panoramici, durante questa escursione naturalistica a Ca\u00f1o Cristalito.","inLanguage":"it-IT","potentialAction":[{"@type":"ReadAction","target":["https:\/\/visitmycolombia.com\/it\/sentiero-cano-cristalitos-mirador-escursione-alla-sorella-minore-nascosta-del-cano-cristales\/"]}]},{"@type":"ImageObject","inLanguage":"it-IT","@id":"https:\/\/visitmycolombia.com\/it\/sentiero-cano-cristalitos-mirador-escursione-alla-sorella-minore-nascosta-del-cano-cristales\/#primaryimage","url":"https:\/\/visitmycolombia.com\/wp-content\/uploads\/2026\/03\/sentier-cano-cristalitos-mirador-la-macarena-colombie.jpg","contentUrl":"https:\/\/visitmycolombia.com\/wp-content\/uploads\/2026\/03\/sentier-cano-cristalitos-mirador-la-macarena-colombie.jpg","width":1920,"height":1137,"caption":"Sentier"},{"@type":"WebSite","@id":"https:\/\/visitmycolombia.com\/it\/#website","url":"https:\/\/visitmycolombia.com\/it\/","name":"Visit my Colombia","description":"Blog voyage Colombie : itin\u00e9raires, conseils, culture et plus encore ! | Visit my Colombia","publisher":{"@id":"https:\/\/visitmycolombia.com\/it\/#\/schema\/person\/8f1d0d7caec28262b4294a64a39648e9"},"potentialAction":[{"@type":"SearchAction","target":{"@type":"EntryPoint","urlTemplate":"https:\/\/visitmycolombia.com\/it\/?s={search_term_string}"},"query-input":{"@type":"PropertyValueSpecification","valueRequired":true,"valueName":"search_term_string"}}],"inLanguage":"it-IT"},{"@type":["Person","Organization"],"@id":"https:\/\/visitmycolombia.com\/it\/#\/schema\/person\/8f1d0d7caec28262b4294a64a39648e9","name":"Caro &amp; Romain","image":{"@type":"ImageObject","inLanguage":"it-IT","@id":"https:\/\/visitmycolombia.com\/wp-content\/uploads\/2023\/10\/logo-visit-my-colombia.png","url":"https:\/\/visitmycolombia.com\/wp-content\/uploads\/2023\/10\/logo-visit-my-colombia.png","contentUrl":"https:\/\/visitmycolombia.com\/wp-content\/uploads\/2023\/10\/logo-visit-my-colombia.png","width":1200,"height":313,"caption":"Caro &amp; Romain"},"logo":{"@id":"https:\/\/visitmycolombia.com\/wp-content\/uploads\/2023\/10\/logo-visit-my-colombia.png"},"sameAs":["https:\/\/visitmycolombia.com"],"url":"https:\/\/visitmycolombia.com\/it\/author\/swylean\/"}]}},"_links":{"self":[{"href":"https:\/\/visitmycolombia.com\/it\/wp-json\/wp\/v2\/posts\/69705","targetHints":{"allow":["GET"]}}],"collection":[{"href":"https:\/\/visitmycolombia.com\/it\/wp-json\/wp\/v2\/posts"}],"about":[{"href":"https:\/\/visitmycolombia.com\/it\/wp-json\/wp\/v2\/types\/post"}],"author":[{"embeddable":true,"href":"https:\/\/visitmycolombia.com\/it\/wp-json\/wp\/v2\/users\/1"}],"replies":[{"embeddable":true,"href":"https:\/\/visitmycolombia.com\/it\/wp-json\/wp\/v2\/comments?post=69705"}],"version-history":[{"count":1,"href":"https:\/\/visitmycolombia.com\/it\/wp-json\/wp\/v2\/posts\/69705\/revisions"}],"predecessor-version":[{"id":72242,"href":"https:\/\/visitmycolombia.com\/it\/wp-json\/wp\/v2\/posts\/69705\/revisions\/72242"}],"wp:featuredmedia":[{"embeddable":true,"href":"https:\/\/visitmycolombia.com\/it\/wp-json\/wp\/v2\/media\/69824"}],"wp:attachment":[{"href":"https:\/\/visitmycolombia.com\/it\/wp-json\/wp\/v2\/media?parent=69705"}],"wp:term":[{"taxonomy":"category","embeddable":true,"href":"https:\/\/visitmycolombia.com\/it\/wp-json\/wp\/v2\/categories?post=69705"},{"taxonomy":"post_tag","embeddable":true,"href":"https:\/\/visitmycolombia.com\/it\/wp-json\/wp\/v2\/tags?post=69705"}],"curies":[{"name":"wp","href":"https:\/\/api.w.org\/{rel}","templated":true}]}}